{"id":29935,"date":"2026-03-12T16:48:55","date_gmt":"2026-03-12T21:48:55","guid":{"rendered":"https:\/\/www.elamazonico.com\/portal\/?p=29935"},"modified":"2026-03-12T16:48:55","modified_gmt":"2026-03-12T21:48:55","slug":"analisis-juridico-sobre-la-formulacion-de-cargos-centro-el-programa-la-tertulia","status":"publish","type":"post","link":"https:\/\/www.elamazonico.com\/portal\/analisis-juridico-sobre-la-formulacion-de-cargos-centro-el-programa-la-tertulia\/","title":{"rendered":"An\u00e1lisis jur\u00eddico sobre la formulaci\u00f3n de cargos centr\u00f3 el programa \u201cLa Tertulia\u201d"},"content":{"rendered":"<p>En una nueva emisi\u00f3n del programa \u201cLa Tertulia Jur\u00eddica\u201d, espacio de an\u00e1lisis y reflexi\u00f3n dirigido a la comunidad jur\u00eddica y a estudiantes de Derecho, se desarroll\u00f3 un conversatorio especializado con la participaci\u00f3n de Jos\u00e9 Charry D\u00e1valos, quien abord\u00f3 el tema \u201cLa formulaci\u00f3n de cargos en el proceso penal\u201d, una figura clave dentro del sistema de justicia.<\/p>\n<p>Durante su intervenci\u00f3n, el jurista explic\u00f3 que la formulaci\u00f3n de cargos constituye una decisi\u00f3n adoptada por la Fiscal\u00eda General del Estado, mediante la cual se inicia formalmente un proceso penal contra una persona determinada. Seg\u00fan indic\u00f3, antes de este momento procesal suele existir una etapa previa de investigaci\u00f3n, pero es con la formulaci\u00f3n de cargos cuando se activa oficialmente la instrucci\u00f3n fiscal dentro del sistema penal.<\/p>\n<p>El especialista se\u00f1al\u00f3 que esta decisi\u00f3n implica que la Fiscal\u00eda identifique con claridad tres elementos fundamentales: el hecho delictivo ocurrido, la persona presuntamente responsable y los elementos de convicci\u00f3n o evidencias que permitan sostener la hip\u00f3tesis acusatoria. Asimismo, explic\u00f3 que es indispensable establecer una calificaci\u00f3n jur\u00eddica del delito, es decir, determinar el tipo penal aplicable al hecho investigado.<\/p>\n<p>Charry enfatiz\u00f3 que, aunque el marco normativo no establece un momento exacto para formular cargos, s\u00ed exige requisitos de fondo que deben cumplirse previamente. En ese sentido, sostuvo que la Fiscal\u00eda debe contar con suficientes elementos que permitan justificar la existencia del delito y la participaci\u00f3n del presunto responsable antes de iniciar formalmente el proceso penal.<\/p>\n<p><strong>Consecuencias jur\u00eddicas de la formulaci\u00f3n de cargos<\/strong><br \/>\nDurante el an\u00e1lisis, el abogado penalista explic\u00f3 que la formulaci\u00f3n de cargos genera varias consecuencias jur\u00eddicas relevantes dentro del proceso penal.<\/p>\n<p>La primera es el inicio formal de la instrucci\u00f3n fiscal, etapa en la que se investiga el caso con mayor profundidad y en la que se notifica al procesado sobre la apertura del proceso penal en su contra.<\/p>\n<p>La segunda consecuencia es la posibilidad de restricci\u00f3n de derechos del procesado, ya que en la audiencia respectiva la Fiscal\u00eda puede solicitar medidas cautelares que limiten su libertad o su patrimonio, como la prisi\u00f3n preventiva, la presentaci\u00f3n peri\u00f3dica ante la autoridad judicial o la prohibici\u00f3n de salida del pa\u00eds.<\/p>\n<p>Finalmente, el jurista destac\u00f3 una tercera consecuencia que, a su criterio, suele ser poco comprendida dentro del sistema judicial: la formulaci\u00f3n de cargos delimita los contornos del proceso penal, es decir, fija los hechos, las personas y los elementos sobre los cuales la Fiscal\u00eda podr\u00e1 acusar posteriormente durante el desarrollo del caso.<\/p>\n<p><strong>Desarrollo de la audiencia de formulaci\u00f3n de cargos<\/strong><br \/>\nEn el conversatorio tambi\u00e9n se explic\u00f3 c\u00f3mo se desarrolla una audiencia de formulaci\u00f3n de cargos. De acuerdo con Charry, el procedimiento inicia con la intervenci\u00f3n del fiscal, quien expone de manera oral los hechos investigados, identifica al presunto responsable, establece la calificaci\u00f3n jur\u00eddica del delito y presenta los elementos de convicci\u00f3n que sustentan su acusaci\u00f3n inicial.<\/p>\n<p>Posteriormente, se fija el tiempo de duraci\u00f3n de la instrucci\u00f3n fiscal, que puede variar dependiendo del tipo de delito, y se abre un periodo en el que tanto la Fiscal\u00eda como la defensa pueden incorporar evidencias, pericias, testimonios y documentos que permitan sustentar sus respectivas posiciones dentro del proceso.<\/p>\n<p>En esta misma audiencia, la Fiscal\u00eda puede solicitar medidas cautelares contra el procesado, las cuales son debatidas por la defensa y finalmente resueltas por el juez competente, quien debe fundamentar su decisi\u00f3n bajo criterios de necesidad y proporcionalidad.<\/p>\n<p><strong>Rol del juez y de la defensa<\/strong><br \/>\nJos\u00e9 explic\u00f3 que la formulaci\u00f3n de cargos es una facultad exclusiva de la Fiscal\u00eda, por lo que el juez no puede negar su realizaci\u00f3n. Sin embargo, el magistrado s\u00ed tiene competencia para resolver sobre las medidas restrictivas de derechos solicitadas por el fiscal.<\/p>\n<p>En este contexto, destac\u00f3 que el papel de la defensa consiste en argumentar jur\u00eddicamente por qu\u00e9 las medidas solicitadas no son necesarias o proporcionales, evitando discutir el fondo del caso en una etapa procesal que no corresponde al juicio.<\/p>\n<p>Finalmente, el especialista subray\u00f3 que el an\u00e1lisis de medidas cautelares, especialmente la prisi\u00f3n preventiva, exige una evaluaci\u00f3n rigurosa de los elementos presentados por la Fiscal\u00eda, ya que la restricci\u00f3n de la libertad personal debe responder a criterios jur\u00eddicos s\u00f3lidos y no \u00fanicamente a presunciones.<\/p>\n<p>El programa concluy\u00f3 con un espacio de di\u00e1logo abierto con los participantes, quienes pudieron plantear inquietudes y reflexiones sobre la aplicaci\u00f3n pr\u00e1ctica de esta figura procesal dentro del sistema penal ecuatoriano.<\/p>\n","protected":false},"excerpt":{"rendered":"<p>En una nueva emisi\u00f3n del programa \u201cLa Tertulia Jur\u00eddica\u201d, espacio de an\u00e1lisis y reflexi\u00f3n dirigido a la comunidad jur\u00eddica y a estudiantes de Derecho, se desarroll\u00f3 un conversatorio especializado con la participaci\u00f3n de Jos\u00e9 Charry D\u00e1valos, quien abord\u00f3 el tema \u201cLa formulaci\u00f3n de cargos en el proceso penal\u201d, una figura clave dentro del sistema de justicia. Durante su intervenci\u00f3n, el jurista explic\u00f3 que la formulaci\u00f3n de cargos constituye una decisi\u00f3n adoptada por la Fiscal\u00eda General del Estado, mediante la cual se inicia formalmente un proceso penal contra una persona determinada. Seg\u00fan indic\u00f3, antes de este momento procesal suele existir una etapa previa de investigaci\u00f3n, pero es con la formulaci\u00f3n de cargos cuando se activa oficialmente la instrucci\u00f3n fiscal dentro del sistema penal. El especialista se\u00f1al\u00f3 que esta decisi\u00f3n implica que la Fiscal\u00eda identifique con claridad tres elementos fundamentales: el hecho delictivo ocurrido, la persona presuntamente responsable y los elementos de convicci\u00f3n o evidencias que permitan sostener la hip\u00f3tesis acusatoria. Asimismo, explic\u00f3 que es indispensable establecer una calificaci\u00f3n jur\u00eddica del delito, es decir, determinar el tipo penal aplicable al hecho investigado. Charry enfatiz\u00f3 que, aunque el marco normativo no establece un momento exacto para formular cargos, s\u00ed exige requisitos de fondo que deben cumplirse previamente. En ese sentido, sostuvo que la Fiscal\u00eda debe contar con suficientes elementos que permitan justificar la existencia del delito y la participaci\u00f3n del presunto responsable antes de iniciar formalmente el proceso penal. Consecuencias jur\u00eddicas de la formulaci\u00f3n de cargos Durante el an\u00e1lisis, el abogado penalista explic\u00f3 que la formulaci\u00f3n de cargos genera varias consecuencias jur\u00eddicas relevantes dentro del proceso penal. La primera es el inicio formal de la instrucci\u00f3n fiscal, etapa en la que se investiga el caso con mayor profundidad y en la que se notifica al procesado sobre la apertura del proceso penal en su contra. La segunda consecuencia es la posibilidad de restricci\u00f3n de derechos del procesado, ya que en la audiencia respectiva la Fiscal\u00eda puede solicitar medidas cautelares que limiten su libertad o su patrimonio, como la prisi\u00f3n preventiva, la presentaci\u00f3n peri\u00f3dica ante la autoridad judicial o la prohibici\u00f3n de salida del pa\u00eds. Finalmente, el jurista destac\u00f3 una tercera consecuencia que, a su criterio, suele ser poco comprendida dentro del sistema judicial: la formulaci\u00f3n de cargos delimita los contornos del proceso penal, es decir, fija los hechos, las personas y los elementos sobre los cuales la Fiscal\u00eda podr\u00e1 acusar posteriormente durante el desarrollo del caso. Desarrollo de la audiencia de formulaci\u00f3n de cargos En el conversatorio tambi\u00e9n se explic\u00f3 c\u00f3mo se desarrolla una audiencia de formulaci\u00f3n de cargos. De acuerdo con Charry, el procedimiento inicia con la intervenci\u00f3n del fiscal, quien expone de manera oral los hechos investigados, identifica al presunto responsable, establece la calificaci\u00f3n jur\u00eddica del delito y presenta los elementos de convicci\u00f3n que sustentan su acusaci\u00f3n inicial. Posteriormente, se fija el tiempo de duraci\u00f3n de la instrucci\u00f3n fiscal, que puede variar dependiendo del tipo de delito, y se abre un periodo en el que tanto la Fiscal\u00eda como la defensa pueden incorporar evidencias, pericias, testimonios y documentos que permitan sustentar sus respectivas posiciones dentro del proceso. En esta misma audiencia, la Fiscal\u00eda puede solicitar medidas cautelares contra el procesado, las cuales son debatidas por la defensa y finalmente resueltas por el juez competente, quien debe fundamentar su decisi\u00f3n bajo criterios de necesidad y proporcionalidad. Rol del juez y de la defensa Jos\u00e9 explic\u00f3 que la formulaci\u00f3n de cargos es una facultad exclusiva de la Fiscal\u00eda, por lo que el juez no puede negar su realizaci\u00f3n. Sin embargo, el magistrado s\u00ed tiene competencia para resolver sobre las medidas restrictivas de derechos solicitadas por el fiscal. En este contexto, destac\u00f3 que el papel de la defensa consiste en argumentar jur\u00eddicamente por qu\u00e9 las medidas solicitadas no son necesarias o proporcionales, evitando discutir el fondo del caso en una etapa procesal que no corresponde al juicio. Finalmente, el especialista subray\u00f3 que el an\u00e1lisis de medidas cautelares, especialmente la prisi\u00f3n preventiva, exige una evaluaci\u00f3n rigurosa de los elementos presentados por la Fiscal\u00eda, ya que la restricci\u00f3n de la libertad personal debe responder a criterios jur\u00eddicos s\u00f3lidos y no \u00fanicamente a presunciones. El programa concluy\u00f3 con un espacio de di\u00e1logo abierto con los participantes, quienes pudieron plantear inquietudes y reflexiones sobre la aplicaci\u00f3n pr\u00e1ctica de esta figura procesal dentro del sistema penal ecuatoriano.<\/p>\n","protected":false},"author":1,"featured_media":29936,"comment_status":"closed","ping_status":"closed","sticky":false,"template":"","format":"standard","meta":{"footnotes":""},"categories":[268],"tags":[],"class_list":["post-29935","post","type-post","status-publish","format-standard","has-post-thumbnail","hentry","category-nacionales"],"_links":{"self":[{"href":"https:\/\/www.elamazonico.com\/portal\/wp-json\/wp\/v2\/posts\/29935","targetHints":{"allow":["GET"]}}],"collection":[{"href":"https:\/\/www.elamazonico.com\/portal\/wp-json\/wp\/v2\/posts"}],"about":[{"href":"https:\/\/www.elamazonico.com\/portal\/wp-json\/wp\/v2\/types\/post"}],"author":[{"embeddable":true,"href":"https:\/\/www.elamazonico.com\/portal\/wp-json\/wp\/v2\/users\/1"}],"replies":[{"embeddable":true,"href":"https:\/\/www.elamazonico.com\/portal\/wp-json\/wp\/v2\/comments?post=29935"}],"version-history":[{"count":1,"href":"https:\/\/www.elamazonico.com\/portal\/wp-json\/wp\/v2\/posts\/29935\/revisions"}],"predecessor-version":[{"id":29937,"href":"https:\/\/www.elamazonico.com\/portal\/wp-json\/wp\/v2\/posts\/29935\/revisions\/29937"}],"wp:featuredmedia":[{"embeddable":true,"href":"https:\/\/www.elamazonico.com\/portal\/wp-json\/wp\/v2\/media\/29936"}],"wp:attachment":[{"href":"https:\/\/www.elamazonico.com\/portal\/wp-json\/wp\/v2\/media?parent=29935"}],"wp:term":[{"taxonomy":"category","embeddable":true,"href":"https:\/\/www.elamazonico.com\/portal\/wp-json\/wp\/v2\/categories?post=29935"},{"taxonomy":"post_tag","embeddable":true,"href":"https:\/\/www.elamazonico.com\/portal\/wp-json\/wp\/v2\/tags?post=29935"}],"curies":[{"name":"wp","href":"https:\/\/api.w.org\/{rel}","templated":true}]}}