{"id":29932,"date":"2026-03-12T16:38:38","date_gmt":"2026-03-12T21:38:38","guid":{"rendered":"https:\/\/www.elamazonico.com\/portal\/?p=29932"},"modified":"2026-03-12T16:38:38","modified_gmt":"2026-03-12T21:38:38","slug":"paso-fronterizo-entre-ecuador-y-colombia-suma-cuatro-dias-bloqueado-en-protesta-por-guerra-comercial","status":"publish","type":"post","link":"https:\/\/www.elamazonico.com\/portal\/paso-fronterizo-entre-ecuador-y-colombia-suma-cuatro-dias-bloqueado-en-protesta-por-guerra-comercial\/","title":{"rendered":"Paso fronterizo entre Ecuador y Colombia suma cuatro d\u00edas bloqueado en protesta por guerra comercial"},"content":{"rendered":"<p>Comerciantes, trabajadores que almacenan productos y transportistas del lado colombiano de la frontera con Ecuador mantienen bloqueado por cuarto d\u00eda el paso entre ambos pa\u00edses, en protesta por la guerra comercial que ha llevado a una escalada de aranceles de hasta el 50%.<\/p>\n<p>Los trabajadores del municipio colombiano de Ipiales se instalaron a unos 500 metros del puentena internacional de Rumichaca, el principal punto fronterizo entre Colombia y Ecuador y actualmente el \u00fanico que se encuentra habilitado para transitar legalmente entre los dos pa\u00edses, y cerraron la carretera con plataformas de madera y veh\u00edculos.<\/p>\n<p>La v\u00eda que conecta Pasto, Ipiales y Tumaco del lado colombiano sigue bloqueada por cuarto d\u00eda consecutivo. Adem\u00e1s, las protestas se mantienen en el puente internacional de Rumichaca, reportaron medios locales este 12 de marzo de 2026.<\/p>\n<p>El pasado lunes ya hab\u00edan bloqueado durante algunas horas el mismo paso con una treintena de camiones.<\/p>\n<p><strong>P\u00e9rdidas aumentan\u00a0<\/strong><br \/>\n\u00abLas p\u00e9rdidas son incalculables. No sabemos hasta cu\u00e1ndo vamos a soportar as\u00ed. D\u00eda a d\u00eda se cierran empresas, agencias de aduanas, y bodegas mandan a la gente para la casa\u00bb, dijo a EFE Jos\u00e9 Luis Arrieta, integrante de uno de los gremios que conforman el Comit\u00e9 de Trabajadores de Frontera.<\/p>\n<p>Asegur\u00f3 que la situaci\u00f3n que est\u00e1n viviendo es porque el presidente de Ecuador, Daniel Noboa, y de Colombia, Gustavo Petro, \u00abtoman medidas sin pensar en c\u00f3mo funciona la cadena de comercio exterior de la frontera\u00bb, por lo que est\u00e1n exigiendo que \u00ablos aranceles se tumben\u00bb.<\/p>\n<p>El presidente en Ipiales de la Asociaci\u00f3n Colombiana de Camioneros, \u00c9dison Mena, asegur\u00f3 a EFE que con la protesta piden que se les garantice el derecho al trabajo, y que no son solo los sectores comerciales y log\u00edsticos los que est\u00e1n afectados sino las poblaciones de las ciudades fronterizas.<\/p>\n<blockquote><p>\u00abEsperamos que las cosas se solucionen en unas mesas de trabajo binacionales para que se retome el trabajo y la normalidad entre las dos ciudades\u00bb, indic\u00f3.<\/p><\/blockquote>\n<p><strong>Ipiales pide a Tulc\u00e1n sumarse a paro<\/strong><br \/>\nLos trabajadores de Ipiales est\u00e1n en conversaciones con los de la ciudad ecuatoriana de Tulc\u00e1n para que ellos tambi\u00e9n se unan a la paralizaci\u00f3n en los pr\u00f3ximos d\u00edas y as\u00ed puedan enviar un mensaje de unidad a los dos gobiernos, a\u00f1adi\u00f3 el presidente del Comit\u00e9 de Trabajadores de la Frontera, \u00d3scar Obando.<\/p>\n<p>Las personas que buscaban este mi\u00e9rcoles pasar entre ambos pa\u00edses deb\u00edan hacerlo a pie o en motos y aunque quienes hablaron con EFE manifestaron su molestia por el cierre fronterizo tambi\u00e9n rechazaron la imposici\u00f3n de aranceles.<\/p>\n<p>\u00abMe parece muy injusto que el presidente Noboa tome estas medidas porque los perjudicados somos nosotros, el pueblo\u00bb, asegur\u00f3 Wilson Montenegro, que cruzaba de Ecuador a Colombia.<\/p>\n<p><img decoding=\"async\" src=\"https:\/\/imagenes.primicias.ec\/files\/image_original\/uploads\/2026\/02\/26\/69a10549b1cf4.jpeg\" alt=\"thumb\" \/><\/p>\n<p><strong>El origen de la guerra comercial<\/strong><br \/>\nLa guerra comercial entre ambos pa\u00edses la inici\u00f3 en enero Noboa, al anunciar la imposici\u00f3n de una \u00abtasa de seguridad\u00bb del 30% a importaciones colombianas, ante una supuesta falta acciones del Gobierno vecino en la lucha contra el narcotr\u00e1fico en la frontera.<\/p>\n<p>Colombia respondi\u00f3 con aranceles a 73 productos y cort\u00f3 el suministro de electricidad a Ecuador, por lo que el Gobierno de Noboa aument\u00f3 la tarifa que cobraba por transportar crudo colombiano por uno de sus m\u00e1s grandes oleoductos. Adem\u00e1s, desde el 1 de marzo subi\u00f3 el gravamen al 50 %.<\/p>\n<p>Colombia y Ecuador han sido tradicionalmente dos s\u00f3lidos socios comerciales con un intercambio que en los \u00faltimos a\u00f1os ronda los USD 2.800 millones, con una balanza negativa para Ecuador de alrededor de 900 millones. <strong>Fuente: Primicias<\/strong><\/p>\n","protected":false},"excerpt":{"rendered":"<p>Comerciantes, trabajadores que almacenan productos y transportistas del lado colombiano de la frontera con Ecuador mantienen bloqueado por cuarto d\u00eda el paso entre ambos pa\u00edses, en protesta por la guerra comercial que ha llevado a una escalada de aranceles de hasta el 50%. Los trabajadores del municipio colombiano de Ipiales se instalaron a unos 500 metros del puentena internacional de Rumichaca, el principal punto fronterizo entre Colombia y Ecuador y actualmente el \u00fanico que se encuentra habilitado para transitar legalmente entre los dos pa\u00edses, y cerraron la carretera con plataformas de madera y veh\u00edculos. La v\u00eda que conecta Pasto, Ipiales y Tumaco del lado colombiano sigue bloqueada por cuarto d\u00eda consecutivo. Adem\u00e1s, las protestas se mantienen en el puente internacional de Rumichaca, reportaron medios locales este 12 de marzo de 2026. El pasado lunes ya hab\u00edan bloqueado durante algunas horas el mismo paso con una treintena de camiones. P\u00e9rdidas aumentan\u00a0 \u00abLas p\u00e9rdidas son incalculables. No sabemos hasta cu\u00e1ndo vamos a soportar as\u00ed. D\u00eda a d\u00eda se cierran empresas, agencias de aduanas, y bodegas mandan a la gente para la casa\u00bb, dijo a EFE Jos\u00e9 Luis Arrieta, integrante de uno de los gremios que conforman el Comit\u00e9 de Trabajadores de Frontera. Asegur\u00f3 que la situaci\u00f3n que est\u00e1n viviendo es porque el presidente de Ecuador, Daniel Noboa, y de Colombia, Gustavo Petro, \u00abtoman medidas sin pensar en c\u00f3mo funciona la cadena de comercio exterior de la frontera\u00bb, por lo que est\u00e1n exigiendo que \u00ablos aranceles se tumben\u00bb. El presidente en Ipiales de la Asociaci\u00f3n Colombiana de Camioneros, \u00c9dison Mena, asegur\u00f3 a EFE que con la protesta piden que se les garantice el derecho al trabajo, y que no son solo los sectores comerciales y log\u00edsticos los que est\u00e1n afectados sino las poblaciones de las ciudades fronterizas. \u00abEsperamos que las cosas se solucionen en unas mesas de trabajo binacionales para que se retome el trabajo y la normalidad entre las dos ciudades\u00bb, indic\u00f3. Ipiales pide a Tulc\u00e1n sumarse a paro Los trabajadores de Ipiales est\u00e1n en conversaciones con los de la ciudad ecuatoriana de Tulc\u00e1n para que ellos tambi\u00e9n se unan a la paralizaci\u00f3n en los pr\u00f3ximos d\u00edas y as\u00ed puedan enviar un mensaje de unidad a los dos gobiernos, a\u00f1adi\u00f3 el presidente del Comit\u00e9 de Trabajadores de la Frontera, \u00d3scar Obando. Las personas que buscaban este mi\u00e9rcoles pasar entre ambos pa\u00edses deb\u00edan hacerlo a pie o en motos y aunque quienes hablaron con EFE manifestaron su molestia por el cierre fronterizo tambi\u00e9n rechazaron la imposici\u00f3n de aranceles. \u00abMe parece muy injusto que el presidente Noboa tome estas medidas porque los perjudicados somos nosotros, el pueblo\u00bb, asegur\u00f3 Wilson Montenegro, que cruzaba de Ecuador a Colombia. El origen de la guerra comercial La guerra comercial entre ambos pa\u00edses la inici\u00f3 en enero Noboa, al anunciar la imposici\u00f3n de una \u00abtasa de seguridad\u00bb del 30% a importaciones colombianas, ante una supuesta falta acciones del Gobierno vecino en la lucha contra el narcotr\u00e1fico en la frontera. Colombia respondi\u00f3 con aranceles a 73 productos y cort\u00f3 el suministro de electricidad a Ecuador, por lo que el Gobierno de Noboa aument\u00f3 la tarifa que cobraba por transportar crudo colombiano por uno de sus m\u00e1s grandes oleoductos. Adem\u00e1s, desde el 1 de marzo subi\u00f3 el gravamen al 50 %. Colombia y Ecuador han sido tradicionalmente dos s\u00f3lidos socios comerciales con un intercambio que en los \u00faltimos a\u00f1os ronda los USD 2.800 millones, con una balanza negativa para Ecuador de alrededor de 900 millones. Fuente: Primicias<\/p>\n","protected":false},"author":1,"featured_media":29933,"comment_status":"closed","ping_status":"closed","sticky":false,"template":"","format":"standard","meta":{"footnotes":""},"categories":[268],"tags":[],"class_list":["post-29932","post","type-post","status-publish","format-standard","has-post-thumbnail","hentry","category-nacionales"],"_links":{"self":[{"href":"https:\/\/www.elamazonico.com\/portal\/wp-json\/wp\/v2\/posts\/29932","targetHints":{"allow":["GET"]}}],"collection":[{"href":"https:\/\/www.elamazonico.com\/portal\/wp-json\/wp\/v2\/posts"}],"about":[{"href":"https:\/\/www.elamazonico.com\/portal\/wp-json\/wp\/v2\/types\/post"}],"author":[{"embeddable":true,"href":"https:\/\/www.elamazonico.com\/portal\/wp-json\/wp\/v2\/users\/1"}],"replies":[{"embeddable":true,"href":"https:\/\/www.elamazonico.com\/portal\/wp-json\/wp\/v2\/comments?post=29932"}],"version-history":[{"count":1,"href":"https:\/\/www.elamazonico.com\/portal\/wp-json\/wp\/v2\/posts\/29932\/revisions"}],"predecessor-version":[{"id":29934,"href":"https:\/\/www.elamazonico.com\/portal\/wp-json\/wp\/v2\/posts\/29932\/revisions\/29934"}],"wp:featuredmedia":[{"embeddable":true,"href":"https:\/\/www.elamazonico.com\/portal\/wp-json\/wp\/v2\/media\/29933"}],"wp:attachment":[{"href":"https:\/\/www.elamazonico.com\/portal\/wp-json\/wp\/v2\/media?parent=29932"}],"wp:term":[{"taxonomy":"category","embeddable":true,"href":"https:\/\/www.elamazonico.com\/portal\/wp-json\/wp\/v2\/categories?post=29932"},{"taxonomy":"post_tag","embeddable":true,"href":"https:\/\/www.elamazonico.com\/portal\/wp-json\/wp\/v2\/tags?post=29932"}],"curies":[{"name":"wp","href":"https:\/\/api.w.org\/{rel}","templated":true}]}}