{"id":29917,"date":"2026-03-12T11:04:48","date_gmt":"2026-03-12T16:04:48","guid":{"rendered":"https:\/\/www.elamazonico.com\/portal\/?p=29917"},"modified":"2026-03-12T11:04:48","modified_gmt":"2026-03-12T16:04:48","slug":"policia-nacional-realizo-feria-de-seguridad-ciudadana-en-san-carlos-de-las-minas","status":"publish","type":"post","link":"https:\/\/www.elamazonico.com\/portal\/policia-nacional-realizo-feria-de-seguridad-ciudadana-en-san-carlos-de-las-minas\/","title":{"rendered":"Polic\u00eda Nacional realiz\u00f3 Feria de Seguridad Ciudadana en San Carlos de las Minas"},"content":{"rendered":"<p>La Polic\u00eda Nacional del Ecuador, a trav\u00e9s del Distrito Zamora, llev\u00f3 a cabo una Feria de Seguridad Ciudadana en el circuito San Carlos de las Minas, con el prop\u00f3sito de fortalecer el v\u00ednculo entre las instituciones del Estado y la comunidad, generando un espacio de di\u00e1logo, informaci\u00f3n y participaci\u00f3n ciudadana orientado a la prevenci\u00f3n y la convivencia pac\u00edfica.<\/p>\n<p>Durante esta jornada participaron los diferentes servicios policiales, quienes mediante mesas informativas socializaron con la ciudadan\u00eda las acciones preventivas, operativas y comunitarias que desarrolla la instituci\u00f3n en territorio, con el objetivo de reforzar las estrategias de seguridad y promover una cultura de corresponsabilidad ciudadana.<\/p>\n<p>Asimismo, el evento cont\u00f3 con la participaci\u00f3n de varias instituciones p\u00fablicas y organismos de apoyo, entre ellas la Gobernaci\u00f3n de Zamora Chinchipe, el Cuerpo de Bomberos, las Fuerzas Armadas, la Comisar\u00eda de Polic\u00eda, el Sindicato de Choferes de Zamora, el Ministerio de Inclusi\u00f3n Econ\u00f3mica y Social (MIES) y la Cruz Roja, entidades que presentaron a la ciudadan\u00eda, a trav\u00e9s de mesas tem\u00e1ticas, los distintos servicios, programas y acciones institucionales que desarrollan en beneficio de la poblaci\u00f3n.<\/p>\n<p>La feria tuvo como finalidad fortalecer el trabajo coordinado entre las instituciones y la comunidad, promoviendo la prevenci\u00f3n del delito, la participaci\u00f3n ciudadana y el acceso a informaci\u00f3n sobre los servicios p\u00fablicos disponibles en el territorio.<\/p>\n<p>Con este tipo de iniciativas, la Polic\u00eda Nacional del Ecuador reafirma su compromiso de continuar trabajando de manera articulada con las diferentes entidades del Estado y la ciudadan\u00eda, consolidando acciones conjuntas que contribuyan al bienestar colectivo y a la construcci\u00f3n de entornos m\u00e1s seguros y solidarios en la provincia de Zamora Chinchipe.<\/p>\n","protected":false},"excerpt":{"rendered":"<p>La Polic\u00eda Nacional del Ecuador, a trav\u00e9s del Distrito Zamora, llev\u00f3 a cabo una Feria de Seguridad Ciudadana en el circuito San Carlos de las Minas, con el prop\u00f3sito de fortalecer el v\u00ednculo entre las instituciones del Estado y la comunidad, generando un espacio de di\u00e1logo, informaci\u00f3n y participaci\u00f3n ciudadana orientado a la prevenci\u00f3n y la convivencia pac\u00edfica. Durante esta jornada participaron los diferentes servicios policiales, quienes mediante mesas informativas socializaron con la ciudadan\u00eda las acciones preventivas, operativas y comunitarias que desarrolla la instituci\u00f3n en territorio, con el objetivo de reforzar las estrategias de seguridad y promover una cultura de corresponsabilidad ciudadana. Asimismo, el evento cont\u00f3 con la participaci\u00f3n de varias instituciones p\u00fablicas y organismos de apoyo, entre ellas la Gobernaci\u00f3n de Zamora Chinchipe, el Cuerpo de Bomberos, las Fuerzas Armadas, la Comisar\u00eda de Polic\u00eda, el Sindicato de Choferes de Zamora, el Ministerio de Inclusi\u00f3n Econ\u00f3mica y Social (MIES) y la Cruz Roja, entidades que presentaron a la ciudadan\u00eda, a trav\u00e9s de mesas tem\u00e1ticas, los distintos servicios, programas y acciones institucionales que desarrollan en beneficio de la poblaci\u00f3n. La feria tuvo como finalidad fortalecer el trabajo coordinado entre las instituciones y la comunidad, promoviendo la prevenci\u00f3n del delito, la participaci\u00f3n ciudadana y el acceso a informaci\u00f3n sobre los servicios p\u00fablicos disponibles en el territorio. Con este tipo de iniciativas, la Polic\u00eda Nacional del Ecuador reafirma su compromiso de continuar trabajando de manera articulada con las diferentes entidades del Estado y la ciudadan\u00eda, consolidando acciones conjuntas que contribuyan al bienestar colectivo y a la construcci\u00f3n de entornos m\u00e1s seguros y solidarios en la provincia de Zamora Chinchipe.<\/p>\n","protected":false},"author":1,"featured_media":29918,"comment_status":"closed","ping_status":"closed","sticky":false,"template":"","format":"standard","meta":{"footnotes":""},"categories":[243],"tags":[],"class_list":["post-29917","post","type-post","status-publish","format-standard","has-post-thumbnail","hentry","category-noticias-zamora"],"_links":{"self":[{"href":"https:\/\/www.elamazonico.com\/portal\/wp-json\/wp\/v2\/posts\/29917","targetHints":{"allow":["GET"]}}],"collection":[{"href":"https:\/\/www.elamazonico.com\/portal\/wp-json\/wp\/v2\/posts"}],"about":[{"href":"https:\/\/www.elamazonico.com\/portal\/wp-json\/wp\/v2\/types\/post"}],"author":[{"embeddable":true,"href":"https:\/\/www.elamazonico.com\/portal\/wp-json\/wp\/v2\/users\/1"}],"replies":[{"embeddable":true,"href":"https:\/\/www.elamazonico.com\/portal\/wp-json\/wp\/v2\/comments?post=29917"}],"version-history":[{"count":1,"href":"https:\/\/www.elamazonico.com\/portal\/wp-json\/wp\/v2\/posts\/29917\/revisions"}],"predecessor-version":[{"id":29919,"href":"https:\/\/www.elamazonico.com\/portal\/wp-json\/wp\/v2\/posts\/29917\/revisions\/29919"}],"wp:featuredmedia":[{"embeddable":true,"href":"https:\/\/www.elamazonico.com\/portal\/wp-json\/wp\/v2\/media\/29918"}],"wp:attachment":[{"href":"https:\/\/www.elamazonico.com\/portal\/wp-json\/wp\/v2\/media?parent=29917"}],"wp:term":[{"taxonomy":"category","embeddable":true,"href":"https:\/\/www.elamazonico.com\/portal\/wp-json\/wp\/v2\/categories?post=29917"},{"taxonomy":"post_tag","embeddable":true,"href":"https:\/\/www.elamazonico.com\/portal\/wp-json\/wp\/v2\/tags?post=29917"}],"curies":[{"name":"wp","href":"https:\/\/api.w.org\/{rel}","templated":true}]}}