{"id":29912,"date":"2026-03-12T07:30:35","date_gmt":"2026-03-12T12:30:35","guid":{"rendered":"https:\/\/www.elamazonico.com\/portal\/?p=29912"},"modified":"2026-03-12T07:30:35","modified_gmt":"2026-03-12T12:30:35","slug":"cuanto-es-el-bono-de-residencia-para-los-asambleistas-niels-olsen-hace-aclaracion-sobre-nuevo-reglamento","status":"publish","type":"post","link":"https:\/\/www.elamazonico.com\/portal\/cuanto-es-el-bono-de-residencia-para-los-asambleistas-niels-olsen-hace-aclaracion-sobre-nuevo-reglamento\/","title":{"rendered":"\u00bfCu\u00e1nto es el bono de residencia para los asamble\u00edstas? Niels Olsen hace aclaraci\u00f3n sobre nuevo reglamento"},"content":{"rendered":"<div id=\"\" class=\"portlet-boundary portlet-static-end content-viewer-portlet text__ last full-access norestricted\">\n<div class=\"text_detail\">\n<div class=\"text resizable\">\n<div class=\"paragraph texto\">\n<p class=\"p_0\">El presidente de la Asamblea,\u00a0<b><a href=\"https:\/\/www.vistazo.com\/politica\/nacional\/2026-03-09-niels-olsen-juan-andres-gonzalez-correista-inmunidad-parlamentaria-PF10738421\">Niels Olsen<\/a><\/b>, aclar\u00f3 este mi\u00e9rcoles que\u00a0<u><b>no se han aumentado los subsidios de residencia<\/b><\/u>\u00a0para los legisladores, que viven fuera de Quito.<\/p>\n<p class=\"p_1\">\u201cAntes, este valor estaba vinculado al salario b\u00e1sico, por lo que sub\u00eda autom\u00e1ticamente cada a\u00f1o.<u><b>\u00a0Lo que se ha hecho ahora es fijar un techo para que deje de incrementarse en el futuro<\/b><\/u>\u201d, explic\u00f3 el funcionario en un mensaje de redes sociales.<\/p>\n<p class=\"p_3\">Todo empez\u00f3 el pasado cuatro de marzo, cuando el\u00a0<u><b>Consejo de Administraci\u00f3n Legislativa (CAL)<\/b><\/u>\u00a0aprob\u00f3 el Reglamento para el pago de vi\u00e1ticos, subsistencias, movilizaci\u00f3n, subsidio terrestre dentro y fuera del territorio nacional y por gastos de residencia de la Asamblea Nacional.<\/p>\n<p class=\"p_4\">Seg\u00fan la instituci\u00f3n, este instrumento no crea nuevos beneficios, sino que\u00a0<u><b>unifica y ordena disposiciones\u00a0<\/b><\/u>que ya exist\u00edan en otros cuerpos normativos:<\/p>\n<\/div>\n<ul>\n<li class=\"bulletvistazo\">Reglamento Interno de Administraci\u00f3n de Talento Humano (2024).<\/li>\n<li class=\"bulletvistazo\">Reglamento para el pago de Vi\u00e1ticos (2025), donde se registraba una duplicidad normativa respecto a la regulaci\u00f3n de estos beneficios.<\/li>\n<\/ul>\n<div class=\"multimediaMacroWrapper img lateral\">\n<figure class=\"contentMedia art-img\">\n<div><img fetchpriority=\"high\" decoding=\"async\" class=\" lazyloaded\" title=\"Asamble\u00edstas en territorio.\" src=\"https:\/\/www.vistazo.com\/placeholder\/svg\/viewbox\/768x512\" sizes=\"100vw\" srcset=\"\/\/www.vistazo.com\/binrepository\/768x512\/0c0\/0d0\/none\/12727\/MLTB\/imagen-55141578917-0dbb4f50ad-k_2631613_20260311194055.jpg 768w,\/\/www.vistazo.com\/binrepository\/640x427\/0c0\/0d0\/none\/12727\/MLTO\/imagen-55141578917-0dbb4f50ad-k_2631613_20260311194055.jpg 640w,\/\/www.vistazo.com\/binrepository\/512x341\/0c0\/0d0\/none\/12727\/MLTR\/imagen-55141578917-0dbb4f50ad-k_2631613_20260311194055.jpg 512w,\/\/www.vistazo.com\/binrepository\/384x256\/0c0\/0d0\/none\/12727\/MLTC\/imagen-55141578917-0dbb4f50ad-k_2631613_20260311194055.jpg 384w,\/\/www.vistazo.com\/binrepository\/300x200\/0c0\/0d0\/none\/12727\/MLTQ\/imagen-55141578917-0dbb4f50ad-k_2631613_20260311194055.jpg 300w\" alt=\"$!Asamble\u00edstas en territorio.\" width=\"768\" height=\"512\" data-srcset=\"\/\/www.vistazo.com\/binrepository\/768x512\/0c0\/0d0\/none\/12727\/MLTB\/imagen-55141578917-0dbb4f50ad-k_2631613_20260311194055.jpg 768w,\/\/www.vistazo.com\/binrepository\/640x427\/0c0\/0d0\/none\/12727\/MLTO\/imagen-55141578917-0dbb4f50ad-k_2631613_20260311194055.jpg 640w,\/\/www.vistazo.com\/binrepository\/512x341\/0c0\/0d0\/none\/12727\/MLTR\/imagen-55141578917-0dbb4f50ad-k_2631613_20260311194055.jpg 512w,\/\/www.vistazo.com\/binrepository\/384x256\/0c0\/0d0\/none\/12727\/MLTC\/imagen-55141578917-0dbb4f50ad-k_2631613_20260311194055.jpg 384w,\/\/www.vistazo.com\/binrepository\/300x200\/0c0\/0d0\/none\/12727\/MLTQ\/imagen-55141578917-0dbb4f50ad-k_2631613_20260311194055.jpg 300w\" \/><\/div>\n<div class=\"cutline-byline\"><span class=\"cutline-text\">Asamble\u00edstas en territorio.<\/span>\u00a0<span class=\"byline-image\">(Fernando Sandoval)<\/span><\/div>\n<\/figure>\n<\/div>\n<h2 class=\"h2vistazo\">\u00bfCU\u00c1NTO ES EL BONO DE RESIDENCIA DE LOS ASAMBLE\u00cdSTAS?<\/h2>\n<div class=\"paragraph texto\">\n<p class=\"p_6\">La Legislatura recuerda que la compensaci\u00f3n por residencia o gastos de vivienda\u00a0<u><b>no es una disposici\u00f3n nueva<\/b><\/u>.<\/p>\n<p class=\"p_7\">Su reconocimiento existe en la normativa de la\u00a0<u><b>Asamblea desde el periodo 2013-2015<\/b><\/u>, y m\u00e1s recientemente en el art\u00edculo 64 del Reglamento Interno de Administraci\u00f3n del Talento Humano, aprobado el 31 de diciembre de 2024.<\/p>\n<p class=\"p_8\">Sin embargo, el nuevo reglamento aprobado por la administraci\u00f3n de Olsen \u201cordena y sistematiza\u201d la regulaci\u00f3n vigente.<\/p>\n<p class=\"p_9\">En un comunicado,\u00a0<u><b>Norman Morales<\/b><\/u>, administrador general de la Asamblea, se\u00f1al\u00f3 que el valor de la compensaci\u00f3n responde \u00fanicamente al ajuste autom\u00e1tico derivado del\u00a0<u><b>Salario B\u00e1sico Unificado (SBU) vigente para 2026<\/b><\/u>.<\/p>\n<\/div>\n<div class=\"Citavistazo\">\u201cPor lo que no existe ning\u00fan aumento discrecional en el monto que reciben los servidores legislativos que tienen su domicilio a m\u00e1s de 60 kil\u00f3metros del Distrito Metropolitano de Quito\u201d, asegur\u00f3 Morales.<\/div>\n<div class=\"paragraph texto\">\n<p class=\"p_11\">El nuevo reglamento fij\u00f3 en\u00a0<u><b>USD 1.446<\/b><\/u>\u00a0el monto mensual del bono por residencia, un valor que equivale a tres salarios b\u00e1sicos unificados vigentes para el a\u00f1o 2026.<\/p>\n<p class=\"p_12\">\u201c<u><b>El monto establecido permanecer\u00e1 invariable<\/b><\/u>, sin que le sean aplicables incrementos por eventuales modificaciones del salario b\u00e1sico unificado u otras remuneraciones de referencia\u201d, dice el documento.<\/p>\n<p class=\"p_13\">Norman Morales tambi\u00e9n aclar\u00f3 que\u00a0<u><b>\u201cno se ha ampliado este beneficio a funcionarios del nivel jer\u00e1rquico superior<\/b><\/u>\u201d.<\/p>\n<\/div>\n<div class=\"multimediaMacroWrapper img lateral\">\n<figure class=\"contentMedia art-img\">\n<div><img decoding=\"async\" class=\" lazyloaded\" title=\"Sesi\u00f3n del pleno de la Asamblea.\" src=\"https:\/\/www.vistazo.com\/placeholder\/svg\/viewbox\/768x512\" sizes=\"100vw\" srcset=\"\/\/www.vistazo.com\/binrepository\/768x512\/0c0\/0d0\/none\/12727\/NSTB\/imagen-55127206469-db0bffe17b-k_2631620_20260311194056.jpg 768w,\/\/www.vistazo.com\/binrepository\/640x427\/0c0\/0d0\/none\/12727\/NSTO\/imagen-55127206469-db0bffe17b-k_2631620_20260311194056.jpg 640w,\/\/www.vistazo.com\/binrepository\/512x341\/0c0\/0d0\/none\/12727\/NSTR\/imagen-55127206469-db0bffe17b-k_2631620_20260311194056.jpg 512w,\/\/www.vistazo.com\/binrepository\/384x256\/0c0\/0d0\/none\/12727\/NSTC\/imagen-55127206469-db0bffe17b-k_2631620_20260311194056.jpg 384w,\/\/www.vistazo.com\/binrepository\/300x200\/0c0\/0d0\/none\/12727\/NSTQ\/imagen-55127206469-db0bffe17b-k_2631620_20260311194056.jpg 300w\" alt=\"$!Sesi\u00f3n del pleno de la Asamblea.\" width=\"768\" height=\"512\" data-srcset=\"\/\/www.vistazo.com\/binrepository\/768x512\/0c0\/0d0\/none\/12727\/NSTB\/imagen-55127206469-db0bffe17b-k_2631620_20260311194056.jpg 768w,\/\/www.vistazo.com\/binrepository\/640x427\/0c0\/0d0\/none\/12727\/NSTO\/imagen-55127206469-db0bffe17b-k_2631620_20260311194056.jpg 640w,\/\/www.vistazo.com\/binrepository\/512x341\/0c0\/0d0\/none\/12727\/NSTR\/imagen-55127206469-db0bffe17b-k_2631620_20260311194056.jpg 512w,\/\/www.vistazo.com\/binrepository\/384x256\/0c0\/0d0\/none\/12727\/NSTC\/imagen-55127206469-db0bffe17b-k_2631620_20260311194056.jpg 384w,\/\/www.vistazo.com\/binrepository\/300x200\/0c0\/0d0\/none\/12727\/NSTQ\/imagen-55127206469-db0bffe17b-k_2631620_20260311194056.jpg 300w\" \/><\/div>\n<div class=\"cutline-byline\"><span class=\"cutline-text\">Sesi\u00f3n del pleno de la Asamblea.<\/span>\u00a0<span class=\"byline-image\">(IVAN MATUTE)<\/span><\/div>\n<\/figure>\n<\/div>\n<h2 class=\"h2vistazo\">VI\u00c1TICOS Y SUBSISTENCIAS<\/h2>\n<div class=\"paragraph texto\">\n<p class=\"p_15\">Niels Olsen mencion\u00f3 que tampoco se han incrementado los vi\u00e1ticos ni las subsistencias.<\/p>\n<\/div>\n<div class=\"Citavistazo\">\u201cAdem\u00e1s, cuando el Pleno sesiona en provincias, los asamble\u00edstas no reciben vi\u00e1ticos, porque considero que ese no debe ser un gasto que asuma el Estado\u201d, sostuvo.<\/div>\n<div class=\"paragraph texto\">\n<p class=\"p_16\">El art\u00edculo 11 del nuevo reglamento estableci\u00f3 los montos que una persona debe recibir diariamente\u00a0<u><b>si es que se autoriza una comisi\u00f3n al interior del pa\u00eds.<\/b><\/u><\/p>\n<p class=\"p_17\">Los siguientes vi\u00e1ticos solo se otorgan cuando un legislador vaya a otra provincia a cumplir tareas oficiales o servicios institucionales derivados de las funciones de un puesto, que\u00a0<u><b>no exceda 30 d\u00edas continuos.<\/b><\/u><u><\/u><\/p>\n<\/div>\n<ul>\n<li class=\"bulletvistazo\">USD 150: Presidente(a); Vicepresidentes; miembros del CAL; Asamble\u00edstas; Secretario General; Administrador General; Secretarios de Comunicaci\u00f3n; Relaciones Internacionales e Interinstitucionales; y de T\u00e9cnica Legislativa.<\/li>\n<li class=\"bulletvistazo\">USD 110: Prosecretario General; los Coordinadores Generales; Asesores de la o el Presidente; Jefes de la Seguridad Inmediata de la presidencia y vicepresidencias de la Asamblea Nacional, Jefe de Escolta Legislativa.<\/li>\n<li class=\"bulletvistazo\">USD 80: Las y los servidores legislativos de la gesti\u00f3n parlamentaria y administrativa que no est\u00e9n incluidos en el numeral anterior, el jefe de seguridad y el personal asignado a la seguridad de las autoridades y asamble\u00edstas, y personal de la escolta legislativa.<\/li>\n<\/ul>\n<div class=\"art-twitter twitter_text\">\n<div class=\"twitter-content\"><strong>Fuente: Vistazo<\/strong><\/div>\n<\/div>\n<\/div>\n<\/div>\n<\/div>\n","protected":false},"excerpt":{"rendered":"<p>El presidente de la Asamblea,\u00a0Niels Olsen, aclar\u00f3 este mi\u00e9rcoles que\u00a0no se han aumentado los subsidios de residencia\u00a0para los legisladores, que viven fuera de Quito. \u201cAntes, este valor estaba vinculado al salario b\u00e1sico, por lo que sub\u00eda autom\u00e1ticamente cada a\u00f1o.\u00a0Lo que se ha hecho ahora es fijar un techo para que deje de incrementarse en el futuro\u201d, explic\u00f3 el funcionario en un mensaje de redes sociales. Todo empez\u00f3 el pasado cuatro de marzo, cuando el\u00a0Consejo de Administraci\u00f3n Legislativa (CAL)\u00a0aprob\u00f3 el Reglamento para el pago de vi\u00e1ticos, subsistencias, movilizaci\u00f3n, subsidio terrestre dentro y fuera del territorio nacional y por gastos de residencia de la Asamblea Nacional. Seg\u00fan la instituci\u00f3n, este instrumento no crea nuevos beneficios, sino que\u00a0unifica y ordena disposiciones\u00a0que ya exist\u00edan en otros cuerpos normativos: Reglamento Interno de Administraci\u00f3n de Talento Humano (2024). Reglamento para el pago de Vi\u00e1ticos (2025), donde se registraba una duplicidad normativa respecto a la regulaci\u00f3n de estos beneficios. Asamble\u00edstas en territorio.\u00a0(Fernando Sandoval) \u00bfCU\u00c1NTO ES EL BONO DE RESIDENCIA DE LOS ASAMBLE\u00cdSTAS? La Legislatura recuerda que la compensaci\u00f3n por residencia o gastos de vivienda\u00a0no es una disposici\u00f3n nueva. Su reconocimiento existe en la normativa de la\u00a0Asamblea desde el periodo 2013-2015, y m\u00e1s recientemente en el art\u00edculo 64 del Reglamento Interno de Administraci\u00f3n del Talento Humano, aprobado el 31 de diciembre de 2024. Sin embargo, el nuevo reglamento aprobado por la administraci\u00f3n de Olsen \u201cordena y sistematiza\u201d la regulaci\u00f3n vigente. En un comunicado,\u00a0Norman Morales, administrador general de la Asamblea, se\u00f1al\u00f3 que el valor de la compensaci\u00f3n responde \u00fanicamente al ajuste autom\u00e1tico derivado del\u00a0Salario B\u00e1sico Unificado (SBU) vigente para 2026. \u201cPor lo que no existe ning\u00fan aumento discrecional en el monto que reciben los servidores legislativos que tienen su domicilio a m\u00e1s de 60 kil\u00f3metros del Distrito Metropolitano de Quito\u201d, asegur\u00f3 Morales. El nuevo reglamento fij\u00f3 en\u00a0USD 1.446\u00a0el monto mensual del bono por residencia, un valor que equivale a tres salarios b\u00e1sicos unificados vigentes para el a\u00f1o 2026. \u201cEl monto establecido permanecer\u00e1 invariable, sin que le sean aplicables incrementos por eventuales modificaciones del salario b\u00e1sico unificado u otras remuneraciones de referencia\u201d, dice el documento. Norman Morales tambi\u00e9n aclar\u00f3 que\u00a0\u201cno se ha ampliado este beneficio a funcionarios del nivel jer\u00e1rquico superior\u201d. Sesi\u00f3n del pleno de la Asamblea.\u00a0(IVAN MATUTE) VI\u00c1TICOS Y SUBSISTENCIAS Niels Olsen mencion\u00f3 que tampoco se han incrementado los vi\u00e1ticos ni las subsistencias. \u201cAdem\u00e1s, cuando el Pleno sesiona en provincias, los asamble\u00edstas no reciben vi\u00e1ticos, porque considero que ese no debe ser un gasto que asuma el Estado\u201d, sostuvo. El art\u00edculo 11 del nuevo reglamento estableci\u00f3 los montos que una persona debe recibir diariamente\u00a0si es que se autoriza una comisi\u00f3n al interior del pa\u00eds. Los siguientes vi\u00e1ticos solo se otorgan cuando un legislador vaya a otra provincia a cumplir tareas oficiales o servicios institucionales derivados de las funciones de un puesto, que\u00a0no exceda 30 d\u00edas continuos. USD 150: Presidente(a); Vicepresidentes; miembros del CAL; Asamble\u00edstas; Secretario General; Administrador General; Secretarios de Comunicaci\u00f3n; Relaciones Internacionales e Interinstitucionales; y de T\u00e9cnica Legislativa. USD 110: Prosecretario General; los Coordinadores Generales; Asesores de la o el Presidente; Jefes de la Seguridad Inmediata de la presidencia y vicepresidencias de la Asamblea Nacional, Jefe de Escolta Legislativa. USD 80: Las y los servidores legislativos de la gesti\u00f3n parlamentaria y administrativa que no est\u00e9n incluidos en el numeral anterior, el jefe de seguridad y el personal asignado a la seguridad de las autoridades y asamble\u00edstas, y personal de la escolta legislativa. Fuente: Vistazo<\/p>\n","protected":false},"author":1,"featured_media":29913,"comment_status":"closed","ping_status":"closed","sticky":false,"template":"","format":"standard","meta":{"footnotes":""},"categories":[268],"tags":[],"class_list":["post-29912","post","type-post","status-publish","format-standard","has-post-thumbnail","hentry","category-nacionales"],"_links":{"self":[{"href":"https:\/\/www.elamazonico.com\/portal\/wp-json\/wp\/v2\/posts\/29912","targetHints":{"allow":["GET"]}}],"collection":[{"href":"https:\/\/www.elamazonico.com\/portal\/wp-json\/wp\/v2\/posts"}],"about":[{"href":"https:\/\/www.elamazonico.com\/portal\/wp-json\/wp\/v2\/types\/post"}],"author":[{"embeddable":true,"href":"https:\/\/www.elamazonico.com\/portal\/wp-json\/wp\/v2\/users\/1"}],"replies":[{"embeddable":true,"href":"https:\/\/www.elamazonico.com\/portal\/wp-json\/wp\/v2\/comments?post=29912"}],"version-history":[{"count":1,"href":"https:\/\/www.elamazonico.com\/portal\/wp-json\/wp\/v2\/posts\/29912\/revisions"}],"predecessor-version":[{"id":29914,"href":"https:\/\/www.elamazonico.com\/portal\/wp-json\/wp\/v2\/posts\/29912\/revisions\/29914"}],"wp:featuredmedia":[{"embeddable":true,"href":"https:\/\/www.elamazonico.com\/portal\/wp-json\/wp\/v2\/media\/29913"}],"wp:attachment":[{"href":"https:\/\/www.elamazonico.com\/portal\/wp-json\/wp\/v2\/media?parent=29912"}],"wp:term":[{"taxonomy":"category","embeddable":true,"href":"https:\/\/www.elamazonico.com\/portal\/wp-json\/wp\/v2\/categories?post=29912"},{"taxonomy":"post_tag","embeddable":true,"href":"https:\/\/www.elamazonico.com\/portal\/wp-json\/wp\/v2\/tags?post=29912"}],"curies":[{"name":"wp","href":"https:\/\/api.w.org\/{rel}","templated":true}]}}