{"id":29906,"date":"2026-03-12T06:28:12","date_gmt":"2026-03-12T11:28:12","guid":{"rendered":"https:\/\/www.elamazonico.com\/portal\/?p=29906"},"modified":"2026-03-12T06:28:36","modified_gmt":"2026-03-12T11:28:36","slug":"noboa-se-reune-con-el-rey-felipe-vi-de-espana-para-hablar-sobre-seguridad-y-el-visado-schengen","status":"publish","type":"post","link":"https:\/\/www.elamazonico.com\/portal\/noboa-se-reune-con-el-rey-felipe-vi-de-espana-para-hablar-sobre-seguridad-y-el-visado-schengen\/","title":{"rendered":"Noboa se re\u00fane con el rey Felipe VI de Espa\u00f1a para hablar sobre seguridad y el visado Schengen"},"content":{"rendered":"<div class=\"paragraph texto\">\n<p class=\"p_0\"><b>El presidente de Ecuador,\u00a0<a href=\"https:\/\/www.vistazo.com\/cronologia\/-\/meta\/daniel-noboa\">Daniel Noboa<\/a>, se reuni\u00f3 este mi\u00e9rcoles en Chile con el rey Felipe VI de Espa\u00f1a, a quien le expres\u00f3 su inter\u00e9s de \u00abseguir fortaleciendo la cooperaci\u00f3n bilateral en \u00e1reas de seguridad, inversi\u00f3n y desarrollo\u00bb, seg\u00fan inform\u00f3 la Presidencia ecuatoriana.<\/b><\/p>\n<p class=\"p_2\">En la cita, que se desarroll\u00f3 en el marco de la<b>\u00a0investidura de Jos\u00e9 Antonio Kast como presidente de Chile<\/b>, Noboa tambi\u00e9n le transmiti\u00f3 al rey su intenci\u00f3n de que se pueda avanzar hacia la<b>\u00a0exenci\u00f3n del visado Schengen para ecuatorianos<\/b>, una intenci\u00f3n que, de acuerdo al Ejecutivo del pa\u00eds andino, \u00abcuenta con el respaldo de Espa\u00f1a\u00bb.<\/p>\n<p class=\"p_3\">Adem\u00e1s, dialogaron sobre los\u00a0<b>programas de migraci\u00f3n circular\u00a0<\/b>que Ecuador mantiene con pa\u00edses como Espa\u00f1a, as\u00ed como de la aspiraci\u00f3n del mandatario ecuatoriano de seguir trabajando en conjunto en\u00a0<b>proyectos relacionados con agua, saneamiento y formaci\u00f3n.<\/b><\/p>\n<p class=\"p_4\">Solo entre 2024 y 2025 se generaron m\u00e1s de\u00a0<b>21.000 oportunidades de formaci\u00f3n para ecuatorianos residentes en Espa\u00f1a<\/b>, mediante estudios de tercer y cuarto nivel, programas de capacitaci\u00f3n y cursos especializados, seg\u00fan cifras del Gobierno de Ecuador.<\/p>\n<p class=\"p_6\">A la reuni\u00f3n acudi\u00f3 tambi\u00e9n la ministra de Relaciones Exteriores y Movilidad Humana de Ecuador,\u00a0<b>Gabriela Sommerfeld.<\/b><\/p>\n<\/div>\n<h2 class=\"h2vistazo\">Posesi\u00f3n presidencial de Jos\u00e9 Kast<\/h2>\n<div class=\"paragraph texto\">\n<p class=\"p_7\">Tras el encuentro oficial,\u00a0<b>el presidente Noboa asisti\u00f3 a la ceremonia de posesi\u00f3n de Kast<\/b>, junto a una docena de jefes de Estado y de Gobierno de todo el mundo, como los presidentes de Argentina, Javier Milei; Bolivia, Rodrigo Paz; Panam\u00e1, Jos\u00e9 Ra\u00fal Mulino; Honduras, Nasry Asfura; Costa Rica, Rodrigo Chaves; Paraguay, Santiago Pe\u00f1a; y Uruguay, Yamand\u00fa Orsi.<\/p>\n<p class=\"p_9\"><b>Est\u00e1 previsto que Noboa retorne al pa\u00eds este mi\u00e9rcoles<\/b>, luego del saludo de las delegaciones oficiales extranjeras con el nuevo presidente chileno. <strong>Fuente: Vistazo<\/strong><\/p>\n<\/div>\n","protected":false},"excerpt":{"rendered":"<p>El presidente de Ecuador,\u00a0Daniel Noboa, se reuni\u00f3 este mi\u00e9rcoles en Chile con el rey Felipe VI de Espa\u00f1a, a quien le expres\u00f3 su inter\u00e9s de \u00abseguir fortaleciendo la cooperaci\u00f3n bilateral en \u00e1reas de seguridad, inversi\u00f3n y desarrollo\u00bb, seg\u00fan inform\u00f3 la Presidencia ecuatoriana. En la cita, que se desarroll\u00f3 en el marco de la\u00a0investidura de Jos\u00e9 Antonio Kast como presidente de Chile, Noboa tambi\u00e9n le transmiti\u00f3 al rey su intenci\u00f3n de que se pueda avanzar hacia la\u00a0exenci\u00f3n del visado Schengen para ecuatorianos, una intenci\u00f3n que, de acuerdo al Ejecutivo del pa\u00eds andino, \u00abcuenta con el respaldo de Espa\u00f1a\u00bb. Adem\u00e1s, dialogaron sobre los\u00a0programas de migraci\u00f3n circular\u00a0que Ecuador mantiene con pa\u00edses como Espa\u00f1a, as\u00ed como de la aspiraci\u00f3n del mandatario ecuatoriano de seguir trabajando en conjunto en\u00a0proyectos relacionados con agua, saneamiento y formaci\u00f3n. Solo entre 2024 y 2025 se generaron m\u00e1s de\u00a021.000 oportunidades de formaci\u00f3n para ecuatorianos residentes en Espa\u00f1a, mediante estudios de tercer y cuarto nivel, programas de capacitaci\u00f3n y cursos especializados, seg\u00fan cifras del Gobierno de Ecuador. A la reuni\u00f3n acudi\u00f3 tambi\u00e9n la ministra de Relaciones Exteriores y Movilidad Humana de Ecuador,\u00a0Gabriela Sommerfeld. Posesi\u00f3n presidencial de Jos\u00e9 Kast Tras el encuentro oficial,\u00a0el presidente Noboa asisti\u00f3 a la ceremonia de posesi\u00f3n de Kast, junto a una docena de jefes de Estado y de Gobierno de todo el mundo, como los presidentes de Argentina, Javier Milei; Bolivia, Rodrigo Paz; Panam\u00e1, Jos\u00e9 Ra\u00fal Mulino; Honduras, Nasry Asfura; Costa Rica, Rodrigo Chaves; Paraguay, Santiago Pe\u00f1a; y Uruguay, Yamand\u00fa Orsi. Est\u00e1 previsto que Noboa retorne al pa\u00eds este mi\u00e9rcoles, luego del saludo de las delegaciones oficiales extranjeras con el nuevo presidente chileno. Fuente: Vistazo<\/p>\n","protected":false},"author":1,"featured_media":29907,"comment_status":"closed","ping_status":"closed","sticky":false,"template":"","format":"standard","meta":{"footnotes":""},"categories":[268],"tags":[],"class_list":["post-29906","post","type-post","status-publish","format-standard","has-post-thumbnail","hentry","category-nacionales"],"_links":{"self":[{"href":"https:\/\/www.elamazonico.com\/portal\/wp-json\/wp\/v2\/posts\/29906","targetHints":{"allow":["GET"]}}],"collection":[{"href":"https:\/\/www.elamazonico.com\/portal\/wp-json\/wp\/v2\/posts"}],"about":[{"href":"https:\/\/www.elamazonico.com\/portal\/wp-json\/wp\/v2\/types\/post"}],"author":[{"embeddable":true,"href":"https:\/\/www.elamazonico.com\/portal\/wp-json\/wp\/v2\/users\/1"}],"replies":[{"embeddable":true,"href":"https:\/\/www.elamazonico.com\/portal\/wp-json\/wp\/v2\/comments?post=29906"}],"version-history":[{"count":1,"href":"https:\/\/www.elamazonico.com\/portal\/wp-json\/wp\/v2\/posts\/29906\/revisions"}],"predecessor-version":[{"id":29908,"href":"https:\/\/www.elamazonico.com\/portal\/wp-json\/wp\/v2\/posts\/29906\/revisions\/29908"}],"wp:featuredmedia":[{"embeddable":true,"href":"https:\/\/www.elamazonico.com\/portal\/wp-json\/wp\/v2\/media\/29907"}],"wp:attachment":[{"href":"https:\/\/www.elamazonico.com\/portal\/wp-json\/wp\/v2\/media?parent=29906"}],"wp:term":[{"taxonomy":"category","embeddable":true,"href":"https:\/\/www.elamazonico.com\/portal\/wp-json\/wp\/v2\/categories?post=29906"},{"taxonomy":"post_tag","embeddable":true,"href":"https:\/\/www.elamazonico.com\/portal\/wp-json\/wp\/v2\/tags?post=29906"}],"curies":[{"name":"wp","href":"https:\/\/api.w.org\/{rel}","templated":true}]}}