{"id":29900,"date":"2026-03-12T06:13:53","date_gmt":"2026-03-12T11:13:53","guid":{"rendered":"https:\/\/www.elamazonico.com\/portal\/?p=29900"},"modified":"2026-03-12T06:13:53","modified_gmt":"2026-03-12T11:13:53","slug":"fiscalia-de-zamora-chinchipe-anuncia-rendicion-de-cuentas-y-designacion-de-fiscal-provincial-encargado","status":"publish","type":"post","link":"https:\/\/www.elamazonico.com\/portal\/fiscalia-de-zamora-chinchipe-anuncia-rendicion-de-cuentas-y-designacion-de-fiscal-provincial-encargado\/","title":{"rendered":"Fiscal\u00eda de Zamora Chinchipe anuncia rendici\u00f3n de cuentas y designaci\u00f3n de fiscal provincial encargado"},"content":{"rendered":"<p>Mediante una rueda de prensa desarrollada en la ciudad de Zamora, la Fiscal\u00eda General del Estado en la provincia de Zamora Chinchipe inform\u00f3 oficialmente sobre la designaci\u00f3n del nuevo fiscal provincial encargado y la realizaci\u00f3n del proceso de rendici\u00f3n de cuentas correspondiente al per\u00edodo institucional.<\/p>\n<p>Durante su intervenci\u00f3n, el fiscal encargado de la provincia, Guatama Cueva Arias, inform\u00f3 que en el mes de marzo de 2026 fue designado por el Pleno del Consejo de la Judicatura como fiscal provincial encargado de Zamora Chinchipe, responsabilidad que asume con el objetivo de fortalecer la gesti\u00f3n institucional y mejorar la relaci\u00f3n informativa con la ciudadan\u00eda y los medios de comunicaci\u00f3n.<\/p>\n<p>En este contexto, anunci\u00f3 que la rendici\u00f3n de cuentas anual de la Fiscal\u00eda Provincial se realizar\u00e1 el 9 de abril de 2026 a las 15h00, evento que tiene como finalidad transparentar la gesti\u00f3n institucional y cumplir con lo establecido en la Constituci\u00f3n de la Rep\u00fablica y la normativa del Consejo de Participaci\u00f3n Ciudadana y Control Social.<\/p>\n<p>Para garantizar la participaci\u00f3n ciudadana, el funcionario indic\u00f3 que la ciudadan\u00eda puede remitir previamente sus inquietudes o preguntas al correo electr\u00f3nico zamorarrendicion@fiscalia.gob.ec, con el prop\u00f3sito de que estas sean consideradas durante el evento. No obstante, aclar\u00f3 que las consultas deber\u00e1n referirse a temas generales, debido a que las investigaciones en curso tienen car\u00e1cter reservado conforme lo establece la ley.<\/p>\n<p>En el informe que se presentar\u00e1 a la ciudadan\u00eda tambi\u00e9n se expondr\u00e1n casos de conmoci\u00f3n social que ya cuentan con sentencia o se encuentran en etapa p\u00fablica del proceso, entre ellos algunos vinculados a hechos ocurridos en San Luis y Chinapintza, as\u00ed como investigaciones relacionadas con grupos de delincuencia organizada, incluyendo organizaciones delictivas de origen extranjero que han operado en la regi\u00f3n.<\/p>\n<p>Cueva Arias se\u00f1al\u00f3 que cuenta con una amplia trayectoria dentro de la funci\u00f3n p\u00fablica y del sistema de justicia. Antes de asumir este encargo, se desempe\u00f1\u00f3 durante aproximadamente 20 a\u00f1os como fiscal especializado en tr\u00e1nsito y justicia juvenil en Zamora Chinchipe. Adem\u00e1s, ha ocupado cargos como secretario de la Comisar\u00eda de Higiene y Abastos del cant\u00f3n Loja, asesor jur\u00eddico del Municipio del cant\u00f3n Centinela del C\u00f3ndor y asesor jur\u00eddico de la Federaci\u00f3n Deportiva Provincial de Zamora Chinchipe.<\/p>\n<p>El fiscal provincial encargado indic\u00f3 que uno de los principales retos de su gesti\u00f3n ser\u00e1 fortalecer la comunicaci\u00f3n institucional con los medios y la ciudadan\u00eda, as\u00ed como agilizar los procesos investigativos, especialmente aquellos que registran plazos vencidos, los cuales ser\u00e1n atendidos con car\u00e1cter prioritario.<\/p>\n<p>Asimismo, inform\u00f3 que actualmente se encuentran revisando varios expedientes pendientes y que el 17 de abril de 2026 se desarrollar\u00e1 una audiencia relacionada con uno de los procesos en los que se ha solicitado la prescripci\u00f3n, lo que forma parte de las acciones encaminadas a dar mayor celeridad a los casos.<\/p>\n<p>Finalmente, el representante de la Fiscal\u00eda destac\u00f3 la necesidad de gestionar ante la Fiscal\u00eda General del Estado la incorporaci\u00f3n de dos fiscales adicionales, dos asistentes y un director de Recursos Humanos, con el fin de fortalecer la capacidad operativa de la instituci\u00f3n en la provincia.<\/p>\n<p>La rendici\u00f3n de cuentas se realizar\u00e1 de forma presencial en la ciudad de Zamora, aunque tambi\u00e9n se prev\u00e9 habilitar un enlace telem\u00e1tico para la participaci\u00f3n virtual, el cual ser\u00e1 compartido con los medios de comunicaci\u00f3n y la ciudadan\u00eda. No obstante, esta modalidad podr\u00eda modificarse en caso de que exista alguna disposici\u00f3n institucional emitida desde la sede central en Quito.<\/p>\n<p>Con este proceso, la Fiscal\u00eda busca transparentar su gesti\u00f3n, informar sobre los resultados obtenidos en la lucha contra la delincuencia organizada y fortalecer la confianza ciudadana en el sistema de justicia en la provincia de Zamora Chinchipe.<\/p>\n","protected":false},"excerpt":{"rendered":"<p>Mediante una rueda de prensa desarrollada en la ciudad de Zamora, la Fiscal\u00eda General del Estado en la provincia de Zamora Chinchipe inform\u00f3 oficialmente sobre la designaci\u00f3n del nuevo fiscal provincial encargado y la realizaci\u00f3n del proceso de rendici\u00f3n de cuentas correspondiente al per\u00edodo institucional. Durante su intervenci\u00f3n, el fiscal encargado de la provincia, Guatama Cueva Arias, inform\u00f3 que en el mes de marzo de 2026 fue designado por el Pleno del Consejo de la Judicatura como fiscal provincial encargado de Zamora Chinchipe, responsabilidad que asume con el objetivo de fortalecer la gesti\u00f3n institucional y mejorar la relaci\u00f3n informativa con la ciudadan\u00eda y los medios de comunicaci\u00f3n. En este contexto, anunci\u00f3 que la rendici\u00f3n de cuentas anual de la Fiscal\u00eda Provincial se realizar\u00e1 el 9 de abril de 2026 a las 15h00, evento que tiene como finalidad transparentar la gesti\u00f3n institucional y cumplir con lo establecido en la Constituci\u00f3n de la Rep\u00fablica y la normativa del Consejo de Participaci\u00f3n Ciudadana y Control Social. Para garantizar la participaci\u00f3n ciudadana, el funcionario indic\u00f3 que la ciudadan\u00eda puede remitir previamente sus inquietudes o preguntas al correo electr\u00f3nico zamorarrendicion@fiscalia.gob.ec, con el prop\u00f3sito de que estas sean consideradas durante el evento. No obstante, aclar\u00f3 que las consultas deber\u00e1n referirse a temas generales, debido a que las investigaciones en curso tienen car\u00e1cter reservado conforme lo establece la ley. En el informe que se presentar\u00e1 a la ciudadan\u00eda tambi\u00e9n se expondr\u00e1n casos de conmoci\u00f3n social que ya cuentan con sentencia o se encuentran en etapa p\u00fablica del proceso, entre ellos algunos vinculados a hechos ocurridos en San Luis y Chinapintza, as\u00ed como investigaciones relacionadas con grupos de delincuencia organizada, incluyendo organizaciones delictivas de origen extranjero que han operado en la regi\u00f3n. Cueva Arias se\u00f1al\u00f3 que cuenta con una amplia trayectoria dentro de la funci\u00f3n p\u00fablica y del sistema de justicia. Antes de asumir este encargo, se desempe\u00f1\u00f3 durante aproximadamente 20 a\u00f1os como fiscal especializado en tr\u00e1nsito y justicia juvenil en Zamora Chinchipe. Adem\u00e1s, ha ocupado cargos como secretario de la Comisar\u00eda de Higiene y Abastos del cant\u00f3n Loja, asesor jur\u00eddico del Municipio del cant\u00f3n Centinela del C\u00f3ndor y asesor jur\u00eddico de la Federaci\u00f3n Deportiva Provincial de Zamora Chinchipe. El fiscal provincial encargado indic\u00f3 que uno de los principales retos de su gesti\u00f3n ser\u00e1 fortalecer la comunicaci\u00f3n institucional con los medios y la ciudadan\u00eda, as\u00ed como agilizar los procesos investigativos, especialmente aquellos que registran plazos vencidos, los cuales ser\u00e1n atendidos con car\u00e1cter prioritario. Asimismo, inform\u00f3 que actualmente se encuentran revisando varios expedientes pendientes y que el 17 de abril de 2026 se desarrollar\u00e1 una audiencia relacionada con uno de los procesos en los que se ha solicitado la prescripci\u00f3n, lo que forma parte de las acciones encaminadas a dar mayor celeridad a los casos. Finalmente, el representante de la Fiscal\u00eda destac\u00f3 la necesidad de gestionar ante la Fiscal\u00eda General del Estado la incorporaci\u00f3n de dos fiscales adicionales, dos asistentes y un director de Recursos Humanos, con el fin de fortalecer la capacidad operativa de la instituci\u00f3n en la provincia. La rendici\u00f3n de cuentas se realizar\u00e1 de forma presencial en la ciudad de Zamora, aunque tambi\u00e9n se prev\u00e9 habilitar un enlace telem\u00e1tico para la participaci\u00f3n virtual, el cual ser\u00e1 compartido con los medios de comunicaci\u00f3n y la ciudadan\u00eda. No obstante, esta modalidad podr\u00eda modificarse en caso de que exista alguna disposici\u00f3n institucional emitida desde la sede central en Quito. Con este proceso, la Fiscal\u00eda busca transparentar su gesti\u00f3n, informar sobre los resultados obtenidos en la lucha contra la delincuencia organizada y fortalecer la confianza ciudadana en el sistema de justicia en la provincia de Zamora Chinchipe.<\/p>\n","protected":false},"author":1,"featured_media":29901,"comment_status":"closed","ping_status":"closed","sticky":false,"template":"","format":"standard","meta":{"footnotes":""},"categories":[243],"tags":[],"class_list":["post-29900","post","type-post","status-publish","format-standard","has-post-thumbnail","hentry","category-noticias-zamora"],"_links":{"self":[{"href":"https:\/\/www.elamazonico.com\/portal\/wp-json\/wp\/v2\/posts\/29900","targetHints":{"allow":["GET"]}}],"collection":[{"href":"https:\/\/www.elamazonico.com\/portal\/wp-json\/wp\/v2\/posts"}],"about":[{"href":"https:\/\/www.elamazonico.com\/portal\/wp-json\/wp\/v2\/types\/post"}],"author":[{"embeddable":true,"href":"https:\/\/www.elamazonico.com\/portal\/wp-json\/wp\/v2\/users\/1"}],"replies":[{"embeddable":true,"href":"https:\/\/www.elamazonico.com\/portal\/wp-json\/wp\/v2\/comments?post=29900"}],"version-history":[{"count":1,"href":"https:\/\/www.elamazonico.com\/portal\/wp-json\/wp\/v2\/posts\/29900\/revisions"}],"predecessor-version":[{"id":29902,"href":"https:\/\/www.elamazonico.com\/portal\/wp-json\/wp\/v2\/posts\/29900\/revisions\/29902"}],"wp:featuredmedia":[{"embeddable":true,"href":"https:\/\/www.elamazonico.com\/portal\/wp-json\/wp\/v2\/media\/29901"}],"wp:attachment":[{"href":"https:\/\/www.elamazonico.com\/portal\/wp-json\/wp\/v2\/media?parent=29900"}],"wp:term":[{"taxonomy":"category","embeddable":true,"href":"https:\/\/www.elamazonico.com\/portal\/wp-json\/wp\/v2\/categories?post=29900"},{"taxonomy":"post_tag","embeddable":true,"href":"https:\/\/www.elamazonico.com\/portal\/wp-json\/wp\/v2\/tags?post=29900"}],"curies":[{"name":"wp","href":"https:\/\/api.w.org\/{rel}","templated":true}]}}