{"id":29888,"date":"2026-03-11T11:08:52","date_gmt":"2026-03-11T16:08:52","guid":{"rendered":"https:\/\/www.elamazonico.com\/portal\/?p=29888"},"modified":"2026-03-11T11:08:52","modified_gmt":"2026-03-11T16:08:52","slug":"prefectura-de-zamora-chinchipe-impulsa-educacion-ambiental-con-estudiantes-de-la-provincia","status":"publish","type":"post","link":"https:\/\/www.elamazonico.com\/portal\/prefectura-de-zamora-chinchipe-impulsa-educacion-ambiental-con-estudiantes-de-la-provincia\/","title":{"rendered":"Prefectura de Zamora Chinchipe impulsa educaci\u00f3n ambiental con estudiantes de la provincia"},"content":{"rendered":"<p>La Prefectura de Zamora Chinchipe, a trav\u00e9s de la Direcci\u00f3n de Gesti\u00f3n Ambiental y en el marco de la Ordenanza de las \u00c1reas de Conservaci\u00f3n y Uso Sustentable de la Biodiversidad (ACUS), inici\u00f3 el desarrollo de jornadas de educaci\u00f3n ambiental dirigidas a estudiantes de diferentes establecimientos educativos de la provincia.<\/p>\n<p>Estas actividades formativas se ejecutar\u00e1n hasta el mes de mayo de 2026 en el vivero provincial Yawi Sumak, con el objetivo de fortalecer en los j\u00f3venes una conciencia ambiental cr\u00edtica, sensible y responsable frente al cuidado de la naturaleza.<\/p>\n<p><b>\u00a0<\/b>En esta ocasi\u00f3n participaron 31 estudiantes del Bachillerato General Unificado en Ciencias de la Unidad Educativa San Francisco de As\u00eds, de la ciudad de Zamora, quienes recibieron capacitaci\u00f3n en temas como la Estrategia Nacional de Educaci\u00f3n Ambiental (ENEA), cambio clim\u00e1tico, servicios ambientales y recursos naturales.<\/p>\n<p><b>\u00a0<\/b>Para el desarrollo de estas jornadas, la Prefectura trabaja de manera articulada con el Ministerio del Ambiente y Energ\u00eda, a trav\u00e9s del proyecto Ecosistema de Informaci\u00f3n y Educaci\u00f3n Ambiental y Agua (ECO SIEAA), espec\u00edficamente en su componente 3 denominados\u00a0<b>\u201cMi Comunidad Verde\u201d.<\/b><\/p>\n<p><b>\u00a0<\/b>Luis Torres, coordinador del proyecto ACUS, destac\u00f3 la importancia del trabajo conjunto entre instituciones p\u00fablicas y privadas para fortalecer los procesos de conservaci\u00f3n ambiental. Se\u00f1al\u00f3 que, a trav\u00e9s de estos espacios formativos, los estudiantes aprenden desde procesos de producci\u00f3n de plantas hasta t\u00e9cnicas de germinaci\u00f3n de semillas, enfundado de plantas y mejoramiento gen\u00e9tico mediante injertaci\u00f3n.<\/p>\n<p><b>\u00a0<\/b><b>\u201cTodos tenemos el mismo objetivo de conservar el medio ambiente. Estas iniciativas permiten formar el relevo generacional que continuar\u00e1 protegiendo nuestros recursos naturales\u201d,\u00a0<\/b>manifest\u00f3 Torres.<\/p>\n","protected":false},"excerpt":{"rendered":"<p>La Prefectura de Zamora Chinchipe, a trav\u00e9s de la Direcci\u00f3n de Gesti\u00f3n Ambiental y en el marco de la Ordenanza de las \u00c1reas de Conservaci\u00f3n y Uso Sustentable de la Biodiversidad (ACUS), inici\u00f3 el desarrollo de jornadas de educaci\u00f3n ambiental dirigidas a estudiantes de diferentes establecimientos educativos de la provincia. Estas actividades formativas se ejecutar\u00e1n hasta el mes de mayo de 2026 en el vivero provincial Yawi Sumak, con el objetivo de fortalecer en los j\u00f3venes una conciencia ambiental cr\u00edtica, sensible y responsable frente al cuidado de la naturaleza. \u00a0En esta ocasi\u00f3n participaron 31 estudiantes del Bachillerato General Unificado en Ciencias de la Unidad Educativa San Francisco de As\u00eds, de la ciudad de Zamora, quienes recibieron capacitaci\u00f3n en temas como la Estrategia Nacional de Educaci\u00f3n Ambiental (ENEA), cambio clim\u00e1tico, servicios ambientales y recursos naturales. \u00a0Para el desarrollo de estas jornadas, la Prefectura trabaja de manera articulada con el Ministerio del Ambiente y Energ\u00eda, a trav\u00e9s del proyecto Ecosistema de Informaci\u00f3n y Educaci\u00f3n Ambiental y Agua (ECO SIEAA), espec\u00edficamente en su componente 3 denominados\u00a0\u201cMi Comunidad Verde\u201d. \u00a0Luis Torres, coordinador del proyecto ACUS, destac\u00f3 la importancia del trabajo conjunto entre instituciones p\u00fablicas y privadas para fortalecer los procesos de conservaci\u00f3n ambiental. Se\u00f1al\u00f3 que, a trav\u00e9s de estos espacios formativos, los estudiantes aprenden desde procesos de producci\u00f3n de plantas hasta t\u00e9cnicas de germinaci\u00f3n de semillas, enfundado de plantas y mejoramiento gen\u00e9tico mediante injertaci\u00f3n. \u00a0\u201cTodos tenemos el mismo objetivo de conservar el medio ambiente. Estas iniciativas permiten formar el relevo generacional que continuar\u00e1 protegiendo nuestros recursos naturales\u201d,\u00a0manifest\u00f3 Torres.<\/p>\n","protected":false},"author":1,"featured_media":29889,"comment_status":"closed","ping_status":"closed","sticky":false,"template":"","format":"standard","meta":{"footnotes":""},"categories":[243],"tags":[],"class_list":["post-29888","post","type-post","status-publish","format-standard","has-post-thumbnail","hentry","category-noticias-zamora"],"_links":{"self":[{"href":"https:\/\/www.elamazonico.com\/portal\/wp-json\/wp\/v2\/posts\/29888","targetHints":{"allow":["GET"]}}],"collection":[{"href":"https:\/\/www.elamazonico.com\/portal\/wp-json\/wp\/v2\/posts"}],"about":[{"href":"https:\/\/www.elamazonico.com\/portal\/wp-json\/wp\/v2\/types\/post"}],"author":[{"embeddable":true,"href":"https:\/\/www.elamazonico.com\/portal\/wp-json\/wp\/v2\/users\/1"}],"replies":[{"embeddable":true,"href":"https:\/\/www.elamazonico.com\/portal\/wp-json\/wp\/v2\/comments?post=29888"}],"version-history":[{"count":1,"href":"https:\/\/www.elamazonico.com\/portal\/wp-json\/wp\/v2\/posts\/29888\/revisions"}],"predecessor-version":[{"id":29890,"href":"https:\/\/www.elamazonico.com\/portal\/wp-json\/wp\/v2\/posts\/29888\/revisions\/29890"}],"wp:featuredmedia":[{"embeddable":true,"href":"https:\/\/www.elamazonico.com\/portal\/wp-json\/wp\/v2\/media\/29889"}],"wp:attachment":[{"href":"https:\/\/www.elamazonico.com\/portal\/wp-json\/wp\/v2\/media?parent=29888"}],"wp:term":[{"taxonomy":"category","embeddable":true,"href":"https:\/\/www.elamazonico.com\/portal\/wp-json\/wp\/v2\/categories?post=29888"},{"taxonomy":"post_tag","embeddable":true,"href":"https:\/\/www.elamazonico.com\/portal\/wp-json\/wp\/v2\/tags?post=29888"}],"curies":[{"name":"wp","href":"https:\/\/api.w.org\/{rel}","templated":true}]}}