{"id":29875,"date":"2026-03-10T18:29:41","date_gmt":"2026-03-10T23:29:41","guid":{"rendered":"https:\/\/www.elamazonico.com\/portal\/?p=29875"},"modified":"2026-03-10T18:29:41","modified_gmt":"2026-03-10T23:29:41","slug":"utpl-impulsa-el-futuro-del-pais-con-cinco-nuevas-carreras-en-linea","status":"publish","type":"post","link":"https:\/\/www.elamazonico.com\/portal\/utpl-impulsa-el-futuro-del-pais-con-cinco-nuevas-carreras-en-linea\/","title":{"rendered":"UTPL impulsa el futuro del pa\u00eds con cinco nuevas carreras en l\u00ednea"},"content":{"rendered":"<p><em>La universidad presenta una oferta acad\u00e9mica alineada a las megatendencias globales y conmemora 50 a\u00f1os de liderazgo en educaci\u00f3n a distancia en Latinoam\u00e9rica.<\/em><\/p>\n<p>La Universidad T\u00e9cnica Particular de Loja (UTPL) present\u00f3 en Quito cinco carreras innovadoras en modalidad en l\u00ednea, durante el encuentro \u201cUTPL Conecta Futuro\u201d. En este espacio, adem\u00e1s\u00a0 se present\u00f3 oficialmente de la imagen conmemorativa por los 50 a\u00f1os de educaci\u00f3n a distancia de la universidad, trayectoria que la posiciona como pionera en modelos educativos flexibles y de alto impacto en Latinoam\u00e9rica.<\/p>\n<p>Durante la jornada, el rector Santiago Acosta Aide destac\u00f3 que la educaci\u00f3n es un pilar fundamental para el desarrollo del pa\u00eds y resalt\u00f3 la importancia del trabajo articulado entre la academia, el sector p\u00fablico y la empresa privada para impulsar la formaci\u00f3n de talento especializado.\u00a0 Asimismo, subray\u00f3 que la UTPL ha respondido a los cambios \u00a0tecnol\u00f3gicos mediante el fortalecimiento de modelos educativos innovadores, especialmente en educaci\u00f3n en l\u00ednea e h\u00edbrida.<\/p>\n<p>Por su parte, la vicerrectora acad\u00e9mica, Cristina D\u00edaz de la Cruz, se\u00f1al\u00f3 que esta nueva oferta acad\u00e9mica responde a una visi\u00f3n orientada a generar soluciones a problem\u00e1ticas reales del pa\u00eds, mediante una formaci\u00f3n pertinente y conectada con las necesidades actuales y futuras del entorno.<\/p>\n<p>La nueva oferta acad\u00e9mica, que incluye las carreras de GovTech y Administraci\u00f3n P\u00fablica, Negocios Tur\u00edsticos y Gastron\u00f3micos, Ingenier\u00eda en Energ\u00eda, Ingenier\u00eda en Riesgos y Cambio Clim\u00e1tico, e Ingenier\u00eda en Recursos Naturales y Sostenibilidad, est\u00e1 orientada a responder a desaf\u00edos clave del pa\u00eds como la transici\u00f3n energ\u00e9tica, la gesti\u00f3n de riesgos, la sostenibilidad, el turismo sostenible y la transformaci\u00f3n digital del sector p\u00fablico. A trav\u00e9s de experiencias pr\u00e1cticas, el evento evidenci\u00f3 c\u00f3mo estas carreras conectan el aprendizaje con soluciones reales, fortaleciendo la empleabilidad y el impacto profesional.<\/p>\n<p>El evento reuni\u00f3 a autoridades acad\u00e9micas, representantes de instituciones p\u00fablicas, empresas privadas, c\u00e1maras de producci\u00f3n y l\u00edderes de opini\u00f3n, en un espacio que permiti\u00f3 conocer de manera pr\u00e1ctica el enfoque de las carreras y generar oportunidades de colaboraci\u00f3n interinstitucional para la formaci\u00f3n de talento especializado.<\/p>\n<p>Con esta nueva propuesta, la UTPL fortalece su liderazgo en educaci\u00f3n en l\u00ednea, consolida una visi\u00f3n de futuro basada en la innovaci\u00f3n, la colaboraci\u00f3n y la pertinencia acad\u00e9mica para la formaci\u00f3n de profesionales capaces de responder a los desaf\u00edos del pa\u00eds y generar un impacto real en el desarrollo social, econ\u00f3mico y ambiental del Ecuador.<\/p>\n","protected":false},"excerpt":{"rendered":"<p>La universidad presenta una oferta acad\u00e9mica alineada a las megatendencias globales y conmemora 50 a\u00f1os de liderazgo en educaci\u00f3n a distancia en Latinoam\u00e9rica. La Universidad T\u00e9cnica Particular de Loja (UTPL) present\u00f3 en Quito cinco carreras innovadoras en modalidad en l\u00ednea, durante el encuentro \u201cUTPL Conecta Futuro\u201d. En este espacio, adem\u00e1s\u00a0 se present\u00f3 oficialmente de la imagen conmemorativa por los 50 a\u00f1os de educaci\u00f3n a distancia de la universidad, trayectoria que la posiciona como pionera en modelos educativos flexibles y de alto impacto en Latinoam\u00e9rica. Durante la jornada, el rector Santiago Acosta Aide destac\u00f3 que la educaci\u00f3n es un pilar fundamental para el desarrollo del pa\u00eds y resalt\u00f3 la importancia del trabajo articulado entre la academia, el sector p\u00fablico y la empresa privada para impulsar la formaci\u00f3n de talento especializado.\u00a0 Asimismo, subray\u00f3 que la UTPL ha respondido a los cambios \u00a0tecnol\u00f3gicos mediante el fortalecimiento de modelos educativos innovadores, especialmente en educaci\u00f3n en l\u00ednea e h\u00edbrida. Por su parte, la vicerrectora acad\u00e9mica, Cristina D\u00edaz de la Cruz, se\u00f1al\u00f3 que esta nueva oferta acad\u00e9mica responde a una visi\u00f3n orientada a generar soluciones a problem\u00e1ticas reales del pa\u00eds, mediante una formaci\u00f3n pertinente y conectada con las necesidades actuales y futuras del entorno. La nueva oferta acad\u00e9mica, que incluye las carreras de GovTech y Administraci\u00f3n P\u00fablica, Negocios Tur\u00edsticos y Gastron\u00f3micos, Ingenier\u00eda en Energ\u00eda, Ingenier\u00eda en Riesgos y Cambio Clim\u00e1tico, e Ingenier\u00eda en Recursos Naturales y Sostenibilidad, est\u00e1 orientada a responder a desaf\u00edos clave del pa\u00eds como la transici\u00f3n energ\u00e9tica, la gesti\u00f3n de riesgos, la sostenibilidad, el turismo sostenible y la transformaci\u00f3n digital del sector p\u00fablico. A trav\u00e9s de experiencias pr\u00e1cticas, el evento evidenci\u00f3 c\u00f3mo estas carreras conectan el aprendizaje con soluciones reales, fortaleciendo la empleabilidad y el impacto profesional. El evento reuni\u00f3 a autoridades acad\u00e9micas, representantes de instituciones p\u00fablicas, empresas privadas, c\u00e1maras de producci\u00f3n y l\u00edderes de opini\u00f3n, en un espacio que permiti\u00f3 conocer de manera pr\u00e1ctica el enfoque de las carreras y generar oportunidades de colaboraci\u00f3n interinstitucional para la formaci\u00f3n de talento especializado. Con esta nueva propuesta, la UTPL fortalece su liderazgo en educaci\u00f3n en l\u00ednea, consolida una visi\u00f3n de futuro basada en la innovaci\u00f3n, la colaboraci\u00f3n y la pertinencia acad\u00e9mica para la formaci\u00f3n de profesionales capaces de responder a los desaf\u00edos del pa\u00eds y generar un impacto real en el desarrollo social, econ\u00f3mico y ambiental del Ecuador.<\/p>\n","protected":false},"author":1,"featured_media":29876,"comment_status":"closed","ping_status":"closed","sticky":false,"template":"","format":"standard","meta":{"footnotes":""},"categories":[268,284],"tags":[],"class_list":["post-29875","post","type-post","status-publish","format-standard","has-post-thumbnail","hentry","category-nacionales","category-noticias-loja"],"_links":{"self":[{"href":"https:\/\/www.elamazonico.com\/portal\/wp-json\/wp\/v2\/posts\/29875","targetHints":{"allow":["GET"]}}],"collection":[{"href":"https:\/\/www.elamazonico.com\/portal\/wp-json\/wp\/v2\/posts"}],"about":[{"href":"https:\/\/www.elamazonico.com\/portal\/wp-json\/wp\/v2\/types\/post"}],"author":[{"embeddable":true,"href":"https:\/\/www.elamazonico.com\/portal\/wp-json\/wp\/v2\/users\/1"}],"replies":[{"embeddable":true,"href":"https:\/\/www.elamazonico.com\/portal\/wp-json\/wp\/v2\/comments?post=29875"}],"version-history":[{"count":1,"href":"https:\/\/www.elamazonico.com\/portal\/wp-json\/wp\/v2\/posts\/29875\/revisions"}],"predecessor-version":[{"id":29877,"href":"https:\/\/www.elamazonico.com\/portal\/wp-json\/wp\/v2\/posts\/29875\/revisions\/29877"}],"wp:featuredmedia":[{"embeddable":true,"href":"https:\/\/www.elamazonico.com\/portal\/wp-json\/wp\/v2\/media\/29876"}],"wp:attachment":[{"href":"https:\/\/www.elamazonico.com\/portal\/wp-json\/wp\/v2\/media?parent=29875"}],"wp:term":[{"taxonomy":"category","embeddable":true,"href":"https:\/\/www.elamazonico.com\/portal\/wp-json\/wp\/v2\/categories?post=29875"},{"taxonomy":"post_tag","embeddable":true,"href":"https:\/\/www.elamazonico.com\/portal\/wp-json\/wp\/v2\/tags?post=29875"}],"curies":[{"name":"wp","href":"https:\/\/api.w.org\/{rel}","templated":true}]}}