{"id":29872,"date":"2026-03-11T04:37:05","date_gmt":"2026-03-11T09:37:05","guid":{"rendered":"https:\/\/www.elamazonico.com\/portal\/?p=29872"},"modified":"2026-03-10T17:40:15","modified_gmt":"2026-03-10T22:40:15","slug":"centinela-del-condor-celebrara-31-anos-de-cantonizacion-con-amplia-agenda-festiva","status":"publish","type":"post","link":"https:\/\/www.elamazonico.com\/portal\/centinela-del-condor-celebrara-31-anos-de-cantonizacion-con-amplia-agenda-festiva\/","title":{"rendered":"Centinela del C\u00f3ndor celebrar\u00e1 31 a\u00f1os de cantonizaci\u00f3n con amplia agenda festiva"},"content":{"rendered":"<p>El cant\u00f3n Centinela del C\u00f3ndor, ubicado en la provincia de Zamora Chinchipe, se prepara para conmemorar sus 31 a\u00f1os de emancipaci\u00f3n pol\u00edtica con una amplia programaci\u00f3n de actividades culturales, deportivas, productivas y c\u00edvicas que se desarrollar\u00e1n del 13 al 21 de marzo de 2026 en la ciudad de Zumbi.<\/p>\n<p>As\u00ed lo inform\u00f3 el alcalde del cant\u00f3n, Segundo Sarango, quien destac\u00f3 que el Gobierno Aut\u00f3nomo Descentralizado Municipal ha organizado una agenda festiva orientada a promover la integraci\u00f3n ciudadana, el fortalecimiento de la identidad cultural y la dinamizaci\u00f3n de la econom\u00eda local.<\/p>\n<p><strong>Inicio de las festividades<\/strong><br \/>\nLas celebraciones iniciar\u00e1n el viernes 13 de marzo con el preg\u00f3n de festividades, programado para las 14:00, que recorrer\u00e1 las principales calles de la ciudad de Zumbi. Posteriormente, a las 19:00, se realizar\u00e1 una misa de acci\u00f3n de gracias, con la finalidad de encomendar el desarrollo de las actividades a la protecci\u00f3n divina y promover un ambiente de uni\u00f3n entre la comunidad.<\/p>\n<p>El alcalde se\u00f1al\u00f3 que estas festividades buscan involucrar a todos los sectores sociales del cant\u00f3n, incluyendo instituciones educativas, emprendedores, agricultores, organizaciones sociales y ciudadan\u00eda en general.<\/p>\n<p><strong>Coronaci\u00f3n de la Embajadora Cultural<\/strong><br \/>\nUno de los eventos destacados se realizar\u00e1 el s\u00e1bado 14 de marzo a las 09:00, con la coronaci\u00f3n de la Embajadora Cultural del cant\u00f3n, acto que tendr\u00e1 lugar en el Sal\u00f3n del Municipio. En este evento participar\u00e1n representantes de diversas instituciones educativas y parroquias del cant\u00f3n, entre ellas las parroquias Panguintza y Triunfo-El Dorado, as\u00ed como delegadas de la Unidad Educativa Zumbi, Unidad Educativa Fray Carlos Ur\u00eda y la Unidad Educativa Ciudad de Latacunga.<\/p>\n<p>La designaci\u00f3n se realizar\u00e1 mediante un sorteo entre las candidatas representantes de estas instituciones, con el objetivo de mantener viva la tradici\u00f3n de contar con una figura representativa de la belleza y cultura local en los diferentes actos p\u00fablicos del cant\u00f3n.<\/p>\n<p>Durante esa misma jornada se desarrollar\u00e1n diversas actividades deportivas y recreativas, entre ellas competencias 4&#215;4, exhibiciones de motocicletas, body paint y expotuning automotriz, que se realizar\u00e1n frente al edificio municipal. La jornada concluir\u00e1 con una noche juvenil, que contar\u00e1 con la presentaci\u00f3n del artista nacional Santi.<\/p>\n<p><strong>Feria agropecuaria y actividades productivas<\/strong><br \/>\nEl domingo 15 de marzo se llevar\u00e1 a cabo la Feria Agropecuaria, Gastron\u00f3mica y de Emprendimientos, en el Centro Recreacional Playas de Zumbi, evento destinado a resaltar el trabajo de agricultores, ganaderos y emprendedores del cant\u00f3n.<\/p>\n<p>Durante la feria se realizar\u00e1n actividades como el juzgamiento de ganado bovino y especies menores, exhibici\u00f3n de productos agr\u00edcolas, gastronom\u00eda local, artesan\u00edas y manualidades, adem\u00e1s de juegos tradicionales y presentaciones culturales. La jornada culminar\u00e1 con la presentaci\u00f3n art\u00edstica del cantante nacional M\u00e1ximo Escaleras.<\/p>\n<p><strong>Actividades culturales y educativas<\/strong><br \/>\nLa programaci\u00f3n continuar\u00e1 con diversas actividades durante la semana:<br \/>\n\u2022 Lunes 16 de marzo: concurso de oratoria estudiantil, con la participaci\u00f3n de centros educativos del cant\u00f3n.<br \/>\n\u2022 Martes 17 de marzo: jornada de pintura de murales, destinada a promover la creatividad y la identidad cultural entre los j\u00f3venes.<br \/>\n\u2022 Mi\u00e9rcoles 18 de marzo: festival de danza en el coliseo de deportes de Zumbi, con delegaciones locales y de otros cantones de la provincia.<br \/>\n\u2022 Jueves 19 de marzo: exhibici\u00f3n deportiva de ecuav\u00f3ley, con participaci\u00f3n de equipos femeninos locales y visitantes.<\/p>\n<p><strong>Programaci\u00f3n deportiva<\/strong><br \/>\nEl viernes 20 de marzo se desarrollar\u00e1n actividades deportivas que incluyen encuentros de f\u00fatbol entre la escuela formativa del GAD Centinela del C\u00f3ndor y el Club Primero de Mayo, adem\u00e1s de partidos amistosos entre selecciones locales.<\/p>\n<p>Ese mismo d\u00eda se realizar\u00e1 la competencia atl\u00e9tica \u201cRuta Centinela\u201d, que recorrer\u00e1 las principales calles de Zumbi y contar\u00e1 con la participaci\u00f3n de j\u00f3venes y deportistas del cant\u00f3n.<\/p>\n<p><strong>D\u00eda central de cantonizaci\u00f3n<\/strong><br \/>\nEl s\u00e1bado 21 de marzo, fecha cl\u00e1sica del cant\u00f3n, se desarrollar\u00e1n los actos principales de celebraci\u00f3n:<br \/>\n\u2022 09:00: desfile c\u00edvico por las principales calles de Zumbi.<br \/>\n\u2022 11:00: sesi\u00f3n solemne conmemorativa por los 31 a\u00f1os de cantonizaci\u00f3n.<br \/>\n\u2022 14:00: encuentros deportivos de f\u00fatbol entre exglorias de Centinela del C\u00f3ndor y el cant\u00f3n El Guabo, de la provincia de El Oro.<br \/>\n\u2022 16:00: partido entre la selecci\u00f3n de Loja y la selecci\u00f3n m\u00e1ster de Centinela del C\u00f3ndor.<\/p>\n<p>Adem\u00e1s, se realizar\u00e1 una competencia de ciclismo de monta\u00f1a, en la que se prev\u00e9 la participaci\u00f3n de aproximadamente 200 ciclistas, actividad organizada en conjunto con la empresa privada.<\/p>\n<p>Las festividades culminar\u00e1n a las 21:00 con el baile de la confraternidad en el parque central de Zumbi, que contar\u00e1 con la presentaci\u00f3n de la orquesta nacional Falcon\u00ed Junior.<\/p>\n<p><strong>Coordinaci\u00f3n institucional y seguridad<\/strong><br \/>\nEl alcalde Segundo Sarango inform\u00f3 que para garantizar el normal desarrollo de las festividades se ha coordinado un plan de contingencia con instituciones como la Polic\u00eda Nacional del Ecuador, el Cuerpo de Bomberos, la Cruz Roja, la Comisar\u00eda Nacional y la Gobernaci\u00f3n, con el objetivo de asegurar el orden, la seguridad y el bienestar de los asistentes.<\/p>\n<p><strong>Invitaci\u00f3n a la ciudadan\u00eda<\/strong><br \/>\nFinalmente, el alcalde extendi\u00f3 una invitaci\u00f3n a la ciudadan\u00eda local, provincial y nacional para participar en las festividades.<br \/>\n\u201cInvitamos cordialmente a todos los ciudadanos a visitarnos y celebrar juntos los 31 a\u00f1os de cantonizaci\u00f3n de Centinela del C\u00f3ndor, apoyando a nuestros agricultores, ganaderos y emprendedores, quienes dinamizan la econom\u00eda del cant\u00f3n\u201d, expres\u00f3 la autoridad.<\/p>\n<p>Las celebraciones buscan consolidar al cant\u00f3n como un territorio de desarrollo y oportunidades, resaltando su identidad amaz\u00f3nica y su potencial productivo dentro de la provincia de Zamora Chinchipe.<\/p>\n","protected":false},"excerpt":{"rendered":"<p>El cant\u00f3n Centinela del C\u00f3ndor, ubicado en la provincia de Zamora Chinchipe, se prepara para conmemorar sus 31 a\u00f1os de emancipaci\u00f3n pol\u00edtica con una amplia programaci\u00f3n de actividades culturales, deportivas, productivas y c\u00edvicas que se desarrollar\u00e1n del 13 al 21 de marzo de 2026 en la ciudad de Zumbi. As\u00ed lo inform\u00f3 el alcalde del cant\u00f3n, Segundo Sarango, quien destac\u00f3 que el Gobierno Aut\u00f3nomo Descentralizado Municipal ha organizado una agenda festiva orientada a promover la integraci\u00f3n ciudadana, el fortalecimiento de la identidad cultural y la dinamizaci\u00f3n de la econom\u00eda local. Inicio de las festividades Las celebraciones iniciar\u00e1n el viernes 13 de marzo con el preg\u00f3n de festividades, programado para las 14:00, que recorrer\u00e1 las principales calles de la ciudad de Zumbi. Posteriormente, a las 19:00, se realizar\u00e1 una misa de acci\u00f3n de gracias, con la finalidad de encomendar el desarrollo de las actividades a la protecci\u00f3n divina y promover un ambiente de uni\u00f3n entre la comunidad. El alcalde se\u00f1al\u00f3 que estas festividades buscan involucrar a todos los sectores sociales del cant\u00f3n, incluyendo instituciones educativas, emprendedores, agricultores, organizaciones sociales y ciudadan\u00eda en general. Coronaci\u00f3n de la Embajadora Cultural Uno de los eventos destacados se realizar\u00e1 el s\u00e1bado 14 de marzo a las 09:00, con la coronaci\u00f3n de la Embajadora Cultural del cant\u00f3n, acto que tendr\u00e1 lugar en el Sal\u00f3n del Municipio. En este evento participar\u00e1n representantes de diversas instituciones educativas y parroquias del cant\u00f3n, entre ellas las parroquias Panguintza y Triunfo-El Dorado, as\u00ed como delegadas de la Unidad Educativa Zumbi, Unidad Educativa Fray Carlos Ur\u00eda y la Unidad Educativa Ciudad de Latacunga. La designaci\u00f3n se realizar\u00e1 mediante un sorteo entre las candidatas representantes de estas instituciones, con el objetivo de mantener viva la tradici\u00f3n de contar con una figura representativa de la belleza y cultura local en los diferentes actos p\u00fablicos del cant\u00f3n. Durante esa misma jornada se desarrollar\u00e1n diversas actividades deportivas y recreativas, entre ellas competencias 4&#215;4, exhibiciones de motocicletas, body paint y expotuning automotriz, que se realizar\u00e1n frente al edificio municipal. La jornada concluir\u00e1 con una noche juvenil, que contar\u00e1 con la presentaci\u00f3n del artista nacional Santi. Feria agropecuaria y actividades productivas El domingo 15 de marzo se llevar\u00e1 a cabo la Feria Agropecuaria, Gastron\u00f3mica y de Emprendimientos, en el Centro Recreacional Playas de Zumbi, evento destinado a resaltar el trabajo de agricultores, ganaderos y emprendedores del cant\u00f3n. Durante la feria se realizar\u00e1n actividades como el juzgamiento de ganado bovino y especies menores, exhibici\u00f3n de productos agr\u00edcolas, gastronom\u00eda local, artesan\u00edas y manualidades, adem\u00e1s de juegos tradicionales y presentaciones culturales. La jornada culminar\u00e1 con la presentaci\u00f3n art\u00edstica del cantante nacional M\u00e1ximo Escaleras. Actividades culturales y educativas La programaci\u00f3n continuar\u00e1 con diversas actividades durante la semana: \u2022 Lunes 16 de marzo: concurso de oratoria estudiantil, con la participaci\u00f3n de centros educativos del cant\u00f3n. \u2022 Martes 17 de marzo: jornada de pintura de murales, destinada a promover la creatividad y la identidad cultural entre los j\u00f3venes. \u2022 Mi\u00e9rcoles 18 de marzo: festival de danza en el coliseo de deportes de Zumbi, con delegaciones locales y de otros cantones de la provincia. \u2022 Jueves 19 de marzo: exhibici\u00f3n deportiva de ecuav\u00f3ley, con participaci\u00f3n de equipos femeninos locales y visitantes. Programaci\u00f3n deportiva El viernes 20 de marzo se desarrollar\u00e1n actividades deportivas que incluyen encuentros de f\u00fatbol entre la escuela formativa del GAD Centinela del C\u00f3ndor y el Club Primero de Mayo, adem\u00e1s de partidos amistosos entre selecciones locales. Ese mismo d\u00eda se realizar\u00e1 la competencia atl\u00e9tica \u201cRuta Centinela\u201d, que recorrer\u00e1 las principales calles de Zumbi y contar\u00e1 con la participaci\u00f3n de j\u00f3venes y deportistas del cant\u00f3n. D\u00eda central de cantonizaci\u00f3n El s\u00e1bado 21 de marzo, fecha cl\u00e1sica del cant\u00f3n, se desarrollar\u00e1n los actos principales de celebraci\u00f3n: \u2022 09:00: desfile c\u00edvico por las principales calles de Zumbi. \u2022 11:00: sesi\u00f3n solemne conmemorativa por los 31 a\u00f1os de cantonizaci\u00f3n. \u2022 14:00: encuentros deportivos de f\u00fatbol entre exglorias de Centinela del C\u00f3ndor y el cant\u00f3n El Guabo, de la provincia de El Oro. \u2022 16:00: partido entre la selecci\u00f3n de Loja y la selecci\u00f3n m\u00e1ster de Centinela del C\u00f3ndor. Adem\u00e1s, se realizar\u00e1 una competencia de ciclismo de monta\u00f1a, en la que se prev\u00e9 la participaci\u00f3n de aproximadamente 200 ciclistas, actividad organizada en conjunto con la empresa privada. Las festividades culminar\u00e1n a las 21:00 con el baile de la confraternidad en el parque central de Zumbi, que contar\u00e1 con la presentaci\u00f3n de la orquesta nacional Falcon\u00ed Junior. Coordinaci\u00f3n institucional y seguridad El alcalde Segundo Sarango inform\u00f3 que para garantizar el normal desarrollo de las festividades se ha coordinado un plan de contingencia con instituciones como la Polic\u00eda Nacional del Ecuador, el Cuerpo de Bomberos, la Cruz Roja, la Comisar\u00eda Nacional y la Gobernaci\u00f3n, con el objetivo de asegurar el orden, la seguridad y el bienestar de los asistentes. Invitaci\u00f3n a la ciudadan\u00eda Finalmente, el alcalde extendi\u00f3 una invitaci\u00f3n a la ciudadan\u00eda local, provincial y nacional para participar en las festividades. \u201cInvitamos cordialmente a todos los ciudadanos a visitarnos y celebrar juntos los 31 a\u00f1os de cantonizaci\u00f3n de Centinela del C\u00f3ndor, apoyando a nuestros agricultores, ganaderos y emprendedores, quienes dinamizan la econom\u00eda del cant\u00f3n\u201d, expres\u00f3 la autoridad. Las celebraciones buscan consolidar al cant\u00f3n como un territorio de desarrollo y oportunidades, resaltando su identidad amaz\u00f3nica y su potencial productivo dentro de la provincia de Zamora Chinchipe.<\/p>\n","protected":false},"author":1,"featured_media":29873,"comment_status":"closed","ping_status":"closed","sticky":false,"template":"","format":"standard","meta":{"footnotes":""},"categories":[243],"tags":[],"class_list":["post-29872","post","type-post","status-publish","format-standard","has-post-thumbnail","hentry","category-noticias-zamora"],"_links":{"self":[{"href":"https:\/\/www.elamazonico.com\/portal\/wp-json\/wp\/v2\/posts\/29872","targetHints":{"allow":["GET"]}}],"collection":[{"href":"https:\/\/www.elamazonico.com\/portal\/wp-json\/wp\/v2\/posts"}],"about":[{"href":"https:\/\/www.elamazonico.com\/portal\/wp-json\/wp\/v2\/types\/post"}],"author":[{"embeddable":true,"href":"https:\/\/www.elamazonico.com\/portal\/wp-json\/wp\/v2\/users\/1"}],"replies":[{"embeddable":true,"href":"https:\/\/www.elamazonico.com\/portal\/wp-json\/wp\/v2\/comments?post=29872"}],"version-history":[{"count":1,"href":"https:\/\/www.elamazonico.com\/portal\/wp-json\/wp\/v2\/posts\/29872\/revisions"}],"predecessor-version":[{"id":29874,"href":"https:\/\/www.elamazonico.com\/portal\/wp-json\/wp\/v2\/posts\/29872\/revisions\/29874"}],"wp:featuredmedia":[{"embeddable":true,"href":"https:\/\/www.elamazonico.com\/portal\/wp-json\/wp\/v2\/media\/29873"}],"wp:attachment":[{"href":"https:\/\/www.elamazonico.com\/portal\/wp-json\/wp\/v2\/media?parent=29872"}],"wp:term":[{"taxonomy":"category","embeddable":true,"href":"https:\/\/www.elamazonico.com\/portal\/wp-json\/wp\/v2\/categories?post=29872"},{"taxonomy":"post_tag","embeddable":true,"href":"https:\/\/www.elamazonico.com\/portal\/wp-json\/wp\/v2\/tags?post=29872"}],"curies":[{"name":"wp","href":"https:\/\/api.w.org\/{rel}","templated":true}]}}