{"id":29869,"date":"2026-03-11T04:34:31","date_gmt":"2026-03-11T09:34:31","guid":{"rendered":"https:\/\/www.elamazonico.com\/portal\/?p=29869"},"modified":"2026-03-10T17:36:55","modified_gmt":"2026-03-10T22:36:55","slug":"mineros-y-comerciantes-anuncian-movilizacion-para-exigir-dialogo-al-gobierno","status":"publish","type":"post","link":"https:\/\/www.elamazonico.com\/portal\/mineros-y-comerciantes-anuncian-movilizacion-para-exigir-dialogo-al-gobierno\/","title":{"rendered":"Mineros y comerciantes anuncian movilizaci\u00f3n para exigir di\u00e1logo al Gobierno"},"content":{"rendered":"<p>El martes 10 de marzo se desarroll\u00f3 una rueda de prensa en la provincia de Zamora Chinchipe, en la que representantes de diversos sectores productivos y comerciales anunciaron la realizaci\u00f3n de una marcha pac\u00edfica prevista para el viernes 13 de marzo en la ciudad de Zamora, con el objetivo de visibilizar la situaci\u00f3n econ\u00f3mica que atraviesa la provincia y plantear propuestas ante las autoridades gubernamentales.<\/p>\n<p>Durante el encuentro con los medios de comunicaci\u00f3n, Pa\u00fal Pineda, presidente de la C\u00e1mara de Miner\u00eda de Zamora Chinchipe, inform\u00f3 que en los \u00faltimos d\u00edas se han mantenido reuniones permanentes entre l\u00edderes y dirigentes de distintos sectores econ\u00f3micos, quienes han evaluado la situaci\u00f3n actual de la provincia.<\/p>\n<p>Seg\u00fan indic\u00f3, tras estas reuniones se concluy\u00f3 que Zamora Chinchipe enfrenta una compleja situaci\u00f3n econ\u00f3mica, caracterizada por la disminuci\u00f3n de oportunidades laborales y el impacto de pol\u00edticas p\u00fablicas que, seg\u00fan se\u00f1al\u00f3, no han favorecido al sector minero artesanal y a los peque\u00f1os mineros, actividades que constituyen una fuente importante de dinamizaci\u00f3n econ\u00f3mica en la provincia.<\/p>\n<p>En este contexto, Pineda anunci\u00f3 que la movilizaci\u00f3n convocada para el 13 de marzo busca reunir a transportistas, comerciantes, mineros artesanales, peque\u00f1os mineros y ciudadanos vinculados a las actividades productivas, con el prop\u00f3sito de expresar de manera pac\u00edfica sus preocupaciones y presentar propuestas a las autoridades.<\/p>\n<p>El dirigente explic\u00f3 que la marcha tendr\u00e1 un car\u00e1cter pac\u00edfico y propositivo, ya que adem\u00e1s de visibilizar las demandas del sector, se pretende plantear alternativas que puedan ser analizadas dentro de una mesa t\u00e9cnica de di\u00e1logo entre representantes de los sectores productivos y las autoridades del Gobierno.<\/p>\n<p>Entre los principales planteamientos que la C\u00e1mara de Miner\u00eda prev\u00e9 presentar, Pineda mencion\u00f3 la apertura de canales de di\u00e1logo con el Gobierno, as\u00ed como la necesidad de generar mecanismos que permitan avanzar en procesos de legalizaci\u00f3n y regulaci\u00f3n para el sector minero artesanal, con el fin de reducir la conflictividad y promover pr\u00e1cticas responsables.<\/p>\n<p>Asimismo, manifest\u00f3 la preocupaci\u00f3n de los mineros frente a lo que consideran procesos de estigmatizaci\u00f3n y criminalizaci\u00f3n del sector, se\u00f1alando que muchas personas dedicadas a la miner\u00eda son ciudadanos que dependen de esta actividad para sostener a sus familias.<\/p>\n<p>Dentro de las resoluciones adoptadas por los representantes de los sectores productivos tambi\u00e9n se plante\u00f3 la conformaci\u00f3n de una mesa t\u00e9cnica para analizar los temas mineros y la solicitud de que las autoridades provinciales atiendan sus planteamientos mediante espacios de di\u00e1logo institucional.<\/p>\n<p>En el mismo espacio particip\u00f3 Luis Guam\u00e1n, representante del sector minero de San Luis, quien manifest\u00f3 que la actividad minera en esa zona se desarrolla desde hace m\u00e1s de 45 a\u00f1os, destacando que muchas familias han dependido hist\u00f3ricamente de esta actividad econ\u00f3mica.<\/p>\n<p>Guam\u00e1n se\u00f1al\u00f3 que en el pasado existieron procesos de di\u00e1logo para analizar alternativas como la reubicaci\u00f3n de los mineros, sin embargo, asegur\u00f3 que estos procesos no lograron concretarse debido a cambios en las autoridades y a la falta de continuidad en las gestiones.<\/p>\n<p>Por su parte, G\u00edber Vera, representante de los mineros del cant\u00f3n Nangaritza, expres\u00f3 su preocupaci\u00f3n por la situaci\u00f3n que enfrenta el sector minero aluvial, indicando que numerosas familias dependen directa e indirectamente de esta actividad. Seg\u00fan mencion\u00f3, una parte significativa de la poblaci\u00f3n de la provincia mantiene v\u00ednculos econ\u00f3micos con la miner\u00eda.<\/p>\n<p>Vera se\u00f1al\u00f3 adem\u00e1s que los mineros buscan avanzar hacia procesos de regularizaci\u00f3n y legalidad, a fin de desarrollar la actividad con mayor control y acompa\u00f1amiento t\u00e9cnico por parte de las instituciones competentes.<\/p>\n<p>Los dirigentes coincidieron en que la marcha prevista para el 13 de marzo busca abrir espacios de di\u00e1logo con el Gobierno y con las autoridades provinciales, con el prop\u00f3sito de analizar alternativas que permitan enfrentar los desaf\u00edos econ\u00f3micos y sociales que atraviesa la provincia.<\/p>\n<p>Finalmente, los representantes de los sectores productivos reiteraron la invitaci\u00f3n a la ciudadan\u00eda a participar de manera pac\u00edfica y organizada en esta movilizaci\u00f3n, la cual busca generar un espacio de di\u00e1logo que permita abordar las problem\u00e1ticas que afectan al desarrollo econ\u00f3mico de Zamora Chinchipe.<\/p>\n","protected":false},"excerpt":{"rendered":"<p>El martes 10 de marzo se desarroll\u00f3 una rueda de prensa en la provincia de Zamora Chinchipe, en la que representantes de diversos sectores productivos y comerciales anunciaron la realizaci\u00f3n de una marcha pac\u00edfica prevista para el viernes 13 de marzo en la ciudad de Zamora, con el objetivo de visibilizar la situaci\u00f3n econ\u00f3mica que atraviesa la provincia y plantear propuestas ante las autoridades gubernamentales. Durante el encuentro con los medios de comunicaci\u00f3n, Pa\u00fal Pineda, presidente de la C\u00e1mara de Miner\u00eda de Zamora Chinchipe, inform\u00f3 que en los \u00faltimos d\u00edas se han mantenido reuniones permanentes entre l\u00edderes y dirigentes de distintos sectores econ\u00f3micos, quienes han evaluado la situaci\u00f3n actual de la provincia. Seg\u00fan indic\u00f3, tras estas reuniones se concluy\u00f3 que Zamora Chinchipe enfrenta una compleja situaci\u00f3n econ\u00f3mica, caracterizada por la disminuci\u00f3n de oportunidades laborales y el impacto de pol\u00edticas p\u00fablicas que, seg\u00fan se\u00f1al\u00f3, no han favorecido al sector minero artesanal y a los peque\u00f1os mineros, actividades que constituyen una fuente importante de dinamizaci\u00f3n econ\u00f3mica en la provincia. En este contexto, Pineda anunci\u00f3 que la movilizaci\u00f3n convocada para el 13 de marzo busca reunir a transportistas, comerciantes, mineros artesanales, peque\u00f1os mineros y ciudadanos vinculados a las actividades productivas, con el prop\u00f3sito de expresar de manera pac\u00edfica sus preocupaciones y presentar propuestas a las autoridades. El dirigente explic\u00f3 que la marcha tendr\u00e1 un car\u00e1cter pac\u00edfico y propositivo, ya que adem\u00e1s de visibilizar las demandas del sector, se pretende plantear alternativas que puedan ser analizadas dentro de una mesa t\u00e9cnica de di\u00e1logo entre representantes de los sectores productivos y las autoridades del Gobierno. Entre los principales planteamientos que la C\u00e1mara de Miner\u00eda prev\u00e9 presentar, Pineda mencion\u00f3 la apertura de canales de di\u00e1logo con el Gobierno, as\u00ed como la necesidad de generar mecanismos que permitan avanzar en procesos de legalizaci\u00f3n y regulaci\u00f3n para el sector minero artesanal, con el fin de reducir la conflictividad y promover pr\u00e1cticas responsables. Asimismo, manifest\u00f3 la preocupaci\u00f3n de los mineros frente a lo que consideran procesos de estigmatizaci\u00f3n y criminalizaci\u00f3n del sector, se\u00f1alando que muchas personas dedicadas a la miner\u00eda son ciudadanos que dependen de esta actividad para sostener a sus familias. Dentro de las resoluciones adoptadas por los representantes de los sectores productivos tambi\u00e9n se plante\u00f3 la conformaci\u00f3n de una mesa t\u00e9cnica para analizar los temas mineros y la solicitud de que las autoridades provinciales atiendan sus planteamientos mediante espacios de di\u00e1logo institucional. En el mismo espacio particip\u00f3 Luis Guam\u00e1n, representante del sector minero de San Luis, quien manifest\u00f3 que la actividad minera en esa zona se desarrolla desde hace m\u00e1s de 45 a\u00f1os, destacando que muchas familias han dependido hist\u00f3ricamente de esta actividad econ\u00f3mica. Guam\u00e1n se\u00f1al\u00f3 que en el pasado existieron procesos de di\u00e1logo para analizar alternativas como la reubicaci\u00f3n de los mineros, sin embargo, asegur\u00f3 que estos procesos no lograron concretarse debido a cambios en las autoridades y a la falta de continuidad en las gestiones. Por su parte, G\u00edber Vera, representante de los mineros del cant\u00f3n Nangaritza, expres\u00f3 su preocupaci\u00f3n por la situaci\u00f3n que enfrenta el sector minero aluvial, indicando que numerosas familias dependen directa e indirectamente de esta actividad. Seg\u00fan mencion\u00f3, una parte significativa de la poblaci\u00f3n de la provincia mantiene v\u00ednculos econ\u00f3micos con la miner\u00eda. Vera se\u00f1al\u00f3 adem\u00e1s que los mineros buscan avanzar hacia procesos de regularizaci\u00f3n y legalidad, a fin de desarrollar la actividad con mayor control y acompa\u00f1amiento t\u00e9cnico por parte de las instituciones competentes. Los dirigentes coincidieron en que la marcha prevista para el 13 de marzo busca abrir espacios de di\u00e1logo con el Gobierno y con las autoridades provinciales, con el prop\u00f3sito de analizar alternativas que permitan enfrentar los desaf\u00edos econ\u00f3micos y sociales que atraviesa la provincia. Finalmente, los representantes de los sectores productivos reiteraron la invitaci\u00f3n a la ciudadan\u00eda a participar de manera pac\u00edfica y organizada en esta movilizaci\u00f3n, la cual busca generar un espacio de di\u00e1logo que permita abordar las problem\u00e1ticas que afectan al desarrollo econ\u00f3mico de Zamora Chinchipe.<\/p>\n","protected":false},"author":1,"featured_media":29870,"comment_status":"closed","ping_status":"closed","sticky":false,"template":"","format":"standard","meta":{"footnotes":""},"categories":[243],"tags":[],"class_list":["post-29869","post","type-post","status-publish","format-standard","has-post-thumbnail","hentry","category-noticias-zamora"],"_links":{"self":[{"href":"https:\/\/www.elamazonico.com\/portal\/wp-json\/wp\/v2\/posts\/29869","targetHints":{"allow":["GET"]}}],"collection":[{"href":"https:\/\/www.elamazonico.com\/portal\/wp-json\/wp\/v2\/posts"}],"about":[{"href":"https:\/\/www.elamazonico.com\/portal\/wp-json\/wp\/v2\/types\/post"}],"author":[{"embeddable":true,"href":"https:\/\/www.elamazonico.com\/portal\/wp-json\/wp\/v2\/users\/1"}],"replies":[{"embeddable":true,"href":"https:\/\/www.elamazonico.com\/portal\/wp-json\/wp\/v2\/comments?post=29869"}],"version-history":[{"count":1,"href":"https:\/\/www.elamazonico.com\/portal\/wp-json\/wp\/v2\/posts\/29869\/revisions"}],"predecessor-version":[{"id":29871,"href":"https:\/\/www.elamazonico.com\/portal\/wp-json\/wp\/v2\/posts\/29869\/revisions\/29871"}],"wp:featuredmedia":[{"embeddable":true,"href":"https:\/\/www.elamazonico.com\/portal\/wp-json\/wp\/v2\/media\/29870"}],"wp:attachment":[{"href":"https:\/\/www.elamazonico.com\/portal\/wp-json\/wp\/v2\/media?parent=29869"}],"wp:term":[{"taxonomy":"category","embeddable":true,"href":"https:\/\/www.elamazonico.com\/portal\/wp-json\/wp\/v2\/categories?post=29869"},{"taxonomy":"post_tag","embeddable":true,"href":"https:\/\/www.elamazonico.com\/portal\/wp-json\/wp\/v2\/tags?post=29869"}],"curies":[{"name":"wp","href":"https:\/\/api.w.org\/{rel}","templated":true}]}}