{"id":29866,"date":"2026-03-11T04:30:38","date_gmt":"2026-03-11T09:30:38","guid":{"rendered":"https:\/\/www.elamazonico.com\/portal\/?p=29866"},"modified":"2026-03-10T17:34:17","modified_gmt":"2026-03-10T22:34:17","slug":"la-concejala-ximena-montano-resalta-el-rol-de-la-mujer-y-llama-a-fortalecer-la-equidad-de-genero-en-la-sociedad","status":"publish","type":"post","link":"https:\/\/www.elamazonico.com\/portal\/la-concejala-ximena-montano-resalta-el-rol-de-la-mujer-y-llama-a-fortalecer-la-equidad-de-genero-en-la-sociedad\/","title":{"rendered":"La concejala Ximena Monta\u00f1o resalta el rol de la mujer y llama a fortalecer la equidad de g\u00e9nero en la sociedad"},"content":{"rendered":"<p>En el marco de la conmemoraci\u00f3n del D\u00eda Internacional de la Mujer, la concejala del cant\u00f3n Zamora, Ximena Monta\u00f1o, destac\u00f3 la importancia de reconocer la lucha hist\u00f3rica de las mujeres por la igualdad de derechos y la participaci\u00f3n en los diferentes espacios sociales, pol\u00edticos y econ\u00f3micos.<\/p>\n<p>Durante una entrevista, la autoridad expres\u00f3 un saludo especial a todas las mujeres del cant\u00f3n Zamora, de la provincia de Zamora Chinchipe, del Ecuador y del mundo, resaltando el papel fundamental que desempe\u00f1an en el desarrollo de la sociedad. Asimismo, extendi\u00f3 un reconocimiento a las mujeres de su familia, a quienes considera un referente importante en su formaci\u00f3n personal y profesional.<\/p>\n<p>Ximena Monta\u00f1o naci\u00f3 en la ciudad de Loja el 15 de marzo de 1971. Sin embargo, desde los dos a\u00f1os de edad reside en el cant\u00f3n Zamora, motivo por el cual se considera zamorana de coraz\u00f3n, al haber crecido y desarrollado su vida en esta provincia amaz\u00f3nica.<\/p>\n<p>En el \u00e1mbito acad\u00e9mico, cuenta con una Licenciatura en Educaci\u00f3n para Adultos y una Maestr\u00eda en Administraci\u00f3n de Empresas. Su trayectoria laboral se ha desarrollado principalmente en el sector privado, especialmente en entidades financieras como CACPE y la Cooperativa Cadecol, adem\u00e1s de haber ejercido funciones p\u00fablicas como Jefa Pol\u00edtica de la provincia de Zamora Chinchipe en dos ocasiones, dentro de la Gobernaci\u00f3n.<\/p>\n<p>Gracias a su experiencia profesional y a su trabajo dentro de la comunidad, logr\u00f3 posteriormente alcanzar una curul como concejala urbana del cant\u00f3n Zamora, desde donde ha impulsado iniciativas orientadas a fortalecer el desarrollo social y la participaci\u00f3n ciudadana.<\/p>\n<p>Durante su intervenci\u00f3n, Monta\u00f1o reflexion\u00f3 sobre el origen hist\u00f3rico del 8 de marzo, recordando el tr\u00e1gico suceso ocurrido hace m\u00e1s de un siglo cuando 129 mujeres trabajadoras murieron en una f\u00e1brica tras quedar encerradas durante una protesta laboral, hecho que marc\u00f3 la lucha internacional por los derechos de las mujeres.<\/p>\n<p>En este sentido, se\u00f1al\u00f3 que, a pesar de los avances alcanzados, todav\u00eda existen brechas de desigualdad, discriminaci\u00f3n y pr\u00e1cticas de machismo y patriarcado en distintos espacios sociales e institucionales, especialmente dentro del \u00e1mbito pol\u00edtico.<\/p>\n<p>La concejala explic\u00f3 que actualmente las leyes promueven la equidad de g\u00e9nero en la participaci\u00f3n pol\u00edtica, estableciendo que las organizaciones pol\u00edticas incluyan un 50 % de hombres y un 50 % de mujeres en sus listas, lo cual ha permitido incrementar la presencia femenina en cargos p\u00fablicos. No obstante, manifest\u00f3 que a\u00fan es necesario fortalecer una participaci\u00f3n real y efectiva de las mujeres en los procesos de toma de decisiones.<\/p>\n<p>Asimismo, resalt\u00f3 la importancia de apoyar a las organizaciones y colectivos que trabajan en la defensa de los derechos de las mujeres, destacando que existe un fondo del 5 % destinado a prevenir y erradicar la violencia contra la mujer, el cual debe ser utilizado espec\u00edficamente para programas y proyectos enfocados en esta problem\u00e1tica.<\/p>\n<p>En relaci\u00f3n con el contexto local, Monta\u00f1o reconoci\u00f3 que la violencia contra la mujer contin\u00faa siendo una realidad visible en el cant\u00f3n Zamora, por lo que considera fundamental fortalecer los mecanismos institucionales y las pol\u00edticas p\u00fablicas que permitan atender y prevenir estos casos.<\/p>\n<p>Por otra parte, destac\u00f3 el crecimiento del emprendimiento femenino en el cant\u00f3n y la provincia, se\u00f1alando que muchas mujeres han logrado convertirse en el principal sustento de sus hogares a trav\u00e9s de iniciativas productivas que incluso han trascendido el \u00e1mbito local.<\/p>\n<p>De igual manera, resalt\u00f3 el trabajo de las mujeres del sector rural, quienes diariamente realizan labores agr\u00edcolas, pecuarias y familiares en condiciones muchas veces dif\u00edciles, contribuyendo significativamente al desarrollo econ\u00f3mico y social de la provincia.<\/p>\n<p>Finalmente, la concejala enfatiz\u00f3 que el D\u00eda Internacional de la Mujer no debe limitarse a una celebraci\u00f3n simb\u00f3lica, sino convertirse en un espacio de reflexi\u00f3n sobre los avances y desaf\u00edos pendientes en materia de igualdad de derechos.<\/p>\n<p>\u201cLas mujeres tenemos la capacidad de trabajar no solo con la mente, sino tambi\u00e9n con el coraz\u00f3n, lo que nos permite ser m\u00e1s emp\u00e1ticas y sensibles frente a las necesidades de la sociedad. Debemos seguir luchando, abriendo caminos y superando las barreras que a\u00fan existen\u201d, expres\u00f3.<\/p>\n<p>Monta\u00f1o concluy\u00f3 enviando un mensaje de reconocimiento y admiraci\u00f3n a todas las mujeres trabajadoras, emprendedoras, profesionales, autoridades, madres y l\u00edderes comunitarias, invit\u00e1ndolas a continuar fortaleciendo su participaci\u00f3n en la construcci\u00f3n de una sociedad m\u00e1s justa, equitativa y solidaria.<\/p>\n","protected":false},"excerpt":{"rendered":"<p>En el marco de la conmemoraci\u00f3n del D\u00eda Internacional de la Mujer, la concejala del cant\u00f3n Zamora, Ximena Monta\u00f1o, destac\u00f3 la importancia de reconocer la lucha hist\u00f3rica de las mujeres por la igualdad de derechos y la participaci\u00f3n en los diferentes espacios sociales, pol\u00edticos y econ\u00f3micos. Durante una entrevista, la autoridad expres\u00f3 un saludo especial a todas las mujeres del cant\u00f3n Zamora, de la provincia de Zamora Chinchipe, del Ecuador y del mundo, resaltando el papel fundamental que desempe\u00f1an en el desarrollo de la sociedad. Asimismo, extendi\u00f3 un reconocimiento a las mujeres de su familia, a quienes considera un referente importante en su formaci\u00f3n personal y profesional. Ximena Monta\u00f1o naci\u00f3 en la ciudad de Loja el 15 de marzo de 1971. Sin embargo, desde los dos a\u00f1os de edad reside en el cant\u00f3n Zamora, motivo por el cual se considera zamorana de coraz\u00f3n, al haber crecido y desarrollado su vida en esta provincia amaz\u00f3nica. En el \u00e1mbito acad\u00e9mico, cuenta con una Licenciatura en Educaci\u00f3n para Adultos y una Maestr\u00eda en Administraci\u00f3n de Empresas. Su trayectoria laboral se ha desarrollado principalmente en el sector privado, especialmente en entidades financieras como CACPE y la Cooperativa Cadecol, adem\u00e1s de haber ejercido funciones p\u00fablicas como Jefa Pol\u00edtica de la provincia de Zamora Chinchipe en dos ocasiones, dentro de la Gobernaci\u00f3n. Gracias a su experiencia profesional y a su trabajo dentro de la comunidad, logr\u00f3 posteriormente alcanzar una curul como concejala urbana del cant\u00f3n Zamora, desde donde ha impulsado iniciativas orientadas a fortalecer el desarrollo social y la participaci\u00f3n ciudadana. Durante su intervenci\u00f3n, Monta\u00f1o reflexion\u00f3 sobre el origen hist\u00f3rico del 8 de marzo, recordando el tr\u00e1gico suceso ocurrido hace m\u00e1s de un siglo cuando 129 mujeres trabajadoras murieron en una f\u00e1brica tras quedar encerradas durante una protesta laboral, hecho que marc\u00f3 la lucha internacional por los derechos de las mujeres. En este sentido, se\u00f1al\u00f3 que, a pesar de los avances alcanzados, todav\u00eda existen brechas de desigualdad, discriminaci\u00f3n y pr\u00e1cticas de machismo y patriarcado en distintos espacios sociales e institucionales, especialmente dentro del \u00e1mbito pol\u00edtico. La concejala explic\u00f3 que actualmente las leyes promueven la equidad de g\u00e9nero en la participaci\u00f3n pol\u00edtica, estableciendo que las organizaciones pol\u00edticas incluyan un 50 % de hombres y un 50 % de mujeres en sus listas, lo cual ha permitido incrementar la presencia femenina en cargos p\u00fablicos. No obstante, manifest\u00f3 que a\u00fan es necesario fortalecer una participaci\u00f3n real y efectiva de las mujeres en los procesos de toma de decisiones. Asimismo, resalt\u00f3 la importancia de apoyar a las organizaciones y colectivos que trabajan en la defensa de los derechos de las mujeres, destacando que existe un fondo del 5 % destinado a prevenir y erradicar la violencia contra la mujer, el cual debe ser utilizado espec\u00edficamente para programas y proyectos enfocados en esta problem\u00e1tica. En relaci\u00f3n con el contexto local, Monta\u00f1o reconoci\u00f3 que la violencia contra la mujer contin\u00faa siendo una realidad visible en el cant\u00f3n Zamora, por lo que considera fundamental fortalecer los mecanismos institucionales y las pol\u00edticas p\u00fablicas que permitan atender y prevenir estos casos. Por otra parte, destac\u00f3 el crecimiento del emprendimiento femenino en el cant\u00f3n y la provincia, se\u00f1alando que muchas mujeres han logrado convertirse en el principal sustento de sus hogares a trav\u00e9s de iniciativas productivas que incluso han trascendido el \u00e1mbito local. De igual manera, resalt\u00f3 el trabajo de las mujeres del sector rural, quienes diariamente realizan labores agr\u00edcolas, pecuarias y familiares en condiciones muchas veces dif\u00edciles, contribuyendo significativamente al desarrollo econ\u00f3mico y social de la provincia. Finalmente, la concejala enfatiz\u00f3 que el D\u00eda Internacional de la Mujer no debe limitarse a una celebraci\u00f3n simb\u00f3lica, sino convertirse en un espacio de reflexi\u00f3n sobre los avances y desaf\u00edos pendientes en materia de igualdad de derechos. \u201cLas mujeres tenemos la capacidad de trabajar no solo con la mente, sino tambi\u00e9n con el coraz\u00f3n, lo que nos permite ser m\u00e1s emp\u00e1ticas y sensibles frente a las necesidades de la sociedad. Debemos seguir luchando, abriendo caminos y superando las barreras que a\u00fan existen\u201d, expres\u00f3. Monta\u00f1o concluy\u00f3 enviando un mensaje de reconocimiento y admiraci\u00f3n a todas las mujeres trabajadoras, emprendedoras, profesionales, autoridades, madres y l\u00edderes comunitarias, invit\u00e1ndolas a continuar fortaleciendo su participaci\u00f3n en la construcci\u00f3n de una sociedad m\u00e1s justa, equitativa y solidaria.<\/p>\n","protected":false},"author":1,"featured_media":29867,"comment_status":"closed","ping_status":"closed","sticky":false,"template":"","format":"standard","meta":{"footnotes":""},"categories":[243],"tags":[],"class_list":["post-29866","post","type-post","status-publish","format-standard","has-post-thumbnail","hentry","category-noticias-zamora"],"_links":{"self":[{"href":"https:\/\/www.elamazonico.com\/portal\/wp-json\/wp\/v2\/posts\/29866","targetHints":{"allow":["GET"]}}],"collection":[{"href":"https:\/\/www.elamazonico.com\/portal\/wp-json\/wp\/v2\/posts"}],"about":[{"href":"https:\/\/www.elamazonico.com\/portal\/wp-json\/wp\/v2\/types\/post"}],"author":[{"embeddable":true,"href":"https:\/\/www.elamazonico.com\/portal\/wp-json\/wp\/v2\/users\/1"}],"replies":[{"embeddable":true,"href":"https:\/\/www.elamazonico.com\/portal\/wp-json\/wp\/v2\/comments?post=29866"}],"version-history":[{"count":1,"href":"https:\/\/www.elamazonico.com\/portal\/wp-json\/wp\/v2\/posts\/29866\/revisions"}],"predecessor-version":[{"id":29868,"href":"https:\/\/www.elamazonico.com\/portal\/wp-json\/wp\/v2\/posts\/29866\/revisions\/29868"}],"wp:featuredmedia":[{"embeddable":true,"href":"https:\/\/www.elamazonico.com\/portal\/wp-json\/wp\/v2\/media\/29867"}],"wp:attachment":[{"href":"https:\/\/www.elamazonico.com\/portal\/wp-json\/wp\/v2\/media?parent=29866"}],"wp:term":[{"taxonomy":"category","embeddable":true,"href":"https:\/\/www.elamazonico.com\/portal\/wp-json\/wp\/v2\/categories?post=29866"},{"taxonomy":"post_tag","embeddable":true,"href":"https:\/\/www.elamazonico.com\/portal\/wp-json\/wp\/v2\/tags?post=29866"}],"curies":[{"name":"wp","href":"https:\/\/api.w.org\/{rel}","templated":true}]}}