{"id":29857,"date":"2026-03-10T09:14:23","date_gmt":"2026-03-10T14:14:23","guid":{"rendered":"https:\/\/www.elamazonico.com\/portal\/?p=29857"},"modified":"2026-03-10T09:14:23","modified_gmt":"2026-03-10T14:14:23","slug":"asamblea-debe-aprobar-tratado-de-inversiones-con-emiratos-para-que-entre-en-vigencia","status":"publish","type":"post","link":"https:\/\/www.elamazonico.com\/portal\/asamblea-debe-aprobar-tratado-de-inversiones-con-emiratos-para-que-entre-en-vigencia\/","title":{"rendered":"Asamblea debe aprobar tratado de inversiones con Emiratos para que entre en vigencia"},"content":{"rendered":"<div class=\"paragraph texto\">\n<p class=\"p_0\"><b>La Corte Constitucional de Ecuador inform\u00f3 este lunes que el tratado para la promoci\u00f3n y protecci\u00f3n rec\u00edproca de las inversiones suscrito entre el pa\u00eds andino y\u00a0<a href=\"https:\/\/www.vistazo.com\/metadatos\/-\/meta\/emiratos-arabes-unidos\">Emiratos \u00c1rabes Unidos<\/a>\u00a0en diciembre pasado requiere de aprobaci\u00f3n por parte de la Asamblea Nacional, controlada por el oficialismo, antes de su ratificaci\u00f3n.<\/b><\/p>\n<p class=\"p_2\">En un dictamen, la alta corte se\u00f1ala que el acuerdo encaja preliminarmente en uno de los casos previstos en <b>la Constituci\u00f3n que exigen aprobaci\u00f3n legislativa<\/b>\u00a0cuando un tratado\u00a0<b>podr\u00eda atribuir competencias propias del orden jur\u00eddico a un organismo internacional o supranacional<\/b>, al prever mecanismos de soluci\u00f3n de controversias entre inversionistas y el Estado mediante arbitraje internacional.<\/p>\n<p class=\"p_3\">El tratado fue suscrito el pasado 6 de diciembre, en una visita que hizo el presidente Daniel Noboa a Emiratos \u00c1rabes Unidos y permitir\u00e1 \u00abque las\u00a0<b>inversiones\u00a0<\/b>gestionadas entre ambas naciones\u00a0<b>abonen al dinamismo econ\u00f3mico de Ecuador y a la creaci\u00f3n de plazas de empleo<\/b>\u00ab, seg\u00fan dijo en ese entonces la ministra de Relaciones Exteriores y Movilidad Humana, Gabriela Sommerfeld.<\/p>\n<div class=\"Center2Display\">\n<div id=\"Center2\" data-google-query-id=\"CPXw-vrBlZMDFeuQFwcdE6IEYQ\">\n<div id=\"google_ads_iframe_\/21839199781\/Vistazo\/Vistazo_Center2_0__container__\">Se trata de un documento que establece<b>\u00a0garant\u00edas claras, modernas y un entorno seguro para la llegada de capital de Emiratos \u00c1rabes Unidos\u00a0<\/b>y derivarlo a sectores prioritarios como infraestructura, energ\u00edas renovables, agroindustria, log\u00edstica, econom\u00eda digital, turismo, miner\u00eda responsable y proyectos de desarrollo sostenible, se\u00f1al\u00f3 tambi\u00e9n la Presidencia.<\/div>\n<\/div>\n<\/div>\n<\/div>\n<h2 class=\"h2vistazo\">As\u00ed ha sido el paso del tratado por la Corte<\/h2>\n<div class=\"paragraph texto\">\n<p class=\"p_6\">La Corte aclar\u00f3 este lunes que este pronunciamiento corresponde al\u00a0<b>primer momento de control constitucional de los tratados internacionales previstos en la legislaci\u00f3n ecuatoriana<\/b>, es decir, que a\u00fan no ha tomado una decisi\u00f3n sobre la constitucionalidad del contenido del acuerdo.<\/p>\n<\/div>\n<div class=\"Citavistazo\">Por lo que el alto tribunal \u00abcontinuar\u00e1 con el segundo momento que corresponde al an\u00e1lisis del contenido del tratado, con el fin de verificar su conformidad con la Constituci\u00f3n\u00bb.<\/div>\n<div class=\"paragraph texto\">\n<p class=\"p_8\">Por eso tambi\u00e9n dispuso que se publique el texto del acuerdo en el\u00a0<b>Registro Oficial\u00a0<\/b>y en el<b>\u00a0portal electr\u00f3nico de la Corte Constitucional<\/b>\u00a0para que, dentro de diez d\u00edas contados a partir de su publicaci\u00f3n, cualquier ciudadano defienda o impugne su constitucionalidad parcial o total.<\/p>\n<\/div>\n","protected":false},"excerpt":{"rendered":"<p>La Corte Constitucional de Ecuador inform\u00f3 este lunes que el tratado para la promoci\u00f3n y protecci\u00f3n rec\u00edproca de las inversiones suscrito entre el pa\u00eds andino y\u00a0Emiratos \u00c1rabes Unidos\u00a0en diciembre pasado requiere de aprobaci\u00f3n por parte de la Asamblea Nacional, controlada por el oficialismo, antes de su ratificaci\u00f3n. En un dictamen, la alta corte se\u00f1ala que el acuerdo encaja preliminarmente en uno de los casos previstos en la Constituci\u00f3n que exigen aprobaci\u00f3n legislativa\u00a0cuando un tratado\u00a0podr\u00eda atribuir competencias propias del orden jur\u00eddico a un organismo internacional o supranacional, al prever mecanismos de soluci\u00f3n de controversias entre inversionistas y el Estado mediante arbitraje internacional. El tratado fue suscrito el pasado 6 de diciembre, en una visita que hizo el presidente Daniel Noboa a Emiratos \u00c1rabes Unidos y permitir\u00e1 \u00abque las\u00a0inversiones\u00a0gestionadas entre ambas naciones\u00a0abonen al dinamismo econ\u00f3mico de Ecuador y a la creaci\u00f3n de plazas de empleo\u00ab, seg\u00fan dijo en ese entonces la ministra de Relaciones Exteriores y Movilidad Humana, Gabriela Sommerfeld. Se trata de un documento que establece\u00a0garant\u00edas claras, modernas y un entorno seguro para la llegada de capital de Emiratos \u00c1rabes Unidos\u00a0y derivarlo a sectores prioritarios como infraestructura, energ\u00edas renovables, agroindustria, log\u00edstica, econom\u00eda digital, turismo, miner\u00eda responsable y proyectos de desarrollo sostenible, se\u00f1al\u00f3 tambi\u00e9n la Presidencia. As\u00ed ha sido el paso del tratado por la Corte La Corte aclar\u00f3 este lunes que este pronunciamiento corresponde al\u00a0primer momento de control constitucional de los tratados internacionales previstos en la legislaci\u00f3n ecuatoriana, es decir, que a\u00fan no ha tomado una decisi\u00f3n sobre la constitucionalidad del contenido del acuerdo. Por lo que el alto tribunal \u00abcontinuar\u00e1 con el segundo momento que corresponde al an\u00e1lisis del contenido del tratado, con el fin de verificar su conformidad con la Constituci\u00f3n\u00bb. Por eso tambi\u00e9n dispuso que se publique el texto del acuerdo en el\u00a0Registro Oficial\u00a0y en el\u00a0portal electr\u00f3nico de la Corte Constitucional\u00a0para que, dentro de diez d\u00edas contados a partir de su publicaci\u00f3n, cualquier ciudadano defienda o impugne su constitucionalidad parcial o total.<\/p>\n","protected":false},"author":1,"featured_media":29858,"comment_status":"closed","ping_status":"closed","sticky":false,"template":"","format":"standard","meta":{"footnotes":""},"categories":[268],"tags":[],"class_list":["post-29857","post","type-post","status-publish","format-standard","has-post-thumbnail","hentry","category-nacionales"],"_links":{"self":[{"href":"https:\/\/www.elamazonico.com\/portal\/wp-json\/wp\/v2\/posts\/29857","targetHints":{"allow":["GET"]}}],"collection":[{"href":"https:\/\/www.elamazonico.com\/portal\/wp-json\/wp\/v2\/posts"}],"about":[{"href":"https:\/\/www.elamazonico.com\/portal\/wp-json\/wp\/v2\/types\/post"}],"author":[{"embeddable":true,"href":"https:\/\/www.elamazonico.com\/portal\/wp-json\/wp\/v2\/users\/1"}],"replies":[{"embeddable":true,"href":"https:\/\/www.elamazonico.com\/portal\/wp-json\/wp\/v2\/comments?post=29857"}],"version-history":[{"count":1,"href":"https:\/\/www.elamazonico.com\/portal\/wp-json\/wp\/v2\/posts\/29857\/revisions"}],"predecessor-version":[{"id":29859,"href":"https:\/\/www.elamazonico.com\/portal\/wp-json\/wp\/v2\/posts\/29857\/revisions\/29859"}],"wp:featuredmedia":[{"embeddable":true,"href":"https:\/\/www.elamazonico.com\/portal\/wp-json\/wp\/v2\/media\/29858"}],"wp:attachment":[{"href":"https:\/\/www.elamazonico.com\/portal\/wp-json\/wp\/v2\/media?parent=29857"}],"wp:term":[{"taxonomy":"category","embeddable":true,"href":"https:\/\/www.elamazonico.com\/portal\/wp-json\/wp\/v2\/categories?post=29857"},{"taxonomy":"post_tag","embeddable":true,"href":"https:\/\/www.elamazonico.com\/portal\/wp-json\/wp\/v2\/tags?post=29857"}],"curies":[{"name":"wp","href":"https:\/\/api.w.org\/{rel}","templated":true}]}}