{"id":29854,"date":"2026-03-10T09:13:09","date_gmt":"2026-03-10T14:13:09","guid":{"rendered":"https:\/\/www.elamazonico.com\/portal\/?p=29854"},"modified":"2026-03-10T09:13:09","modified_gmt":"2026-03-10T14:13:09","slug":"noboa-revela-que-ee-uu-aporto-con-armamento-en-operativo-de-ecuador-contra-comandos-de-la-frontera","status":"publish","type":"post","link":"https:\/\/www.elamazonico.com\/portal\/noboa-revela-que-ee-uu-aporto-con-armamento-en-operativo-de-ecuador-contra-comandos-de-la-frontera\/","title":{"rendered":"Noboa revela que EE.UU. aport\u00f3 con armamento en operativo de Ecuador contra Comandos de la Frontera"},"content":{"rendered":"<div class=\"paragraph texto\">\n<p class=\"p_0\"><b>El presidente de Ecuador,\u00a0<a href=\"https:\/\/www.vistazo.com\/cronologia\/-\/meta\/daniel-noboa\">Daniel Noboa<\/a>, afirm\u00f3 que las Fuerzas Armadas del pa\u00eds han ejecutado bombardeos contra campamentos de grupos narcoterroristas en la frontera norte con apoyo de inteligencia y equipamiento de Estados Unidos, como parte de la ofensiva del Gobierno contra organizaciones criminales.<\/b><\/p>\n<p class=\"p_2\">En una entrevista concedida este lunes a la cadena Univisi\u00f3n, el mandatario se\u00f1al\u00f3 que el\u00a0<b>ingreso de organizaciones criminales desde Colombia<\/b>\u00a0ha generado\u00a0<b>altos costos\u00a0<\/b>para el Estado ecuatoriano.<\/p>\n<\/div>\n<div class=\"Citavistazo\">\u201cLa frontera norte ha sido un problema para nosotros. Nos ha costado centenares de millones de d\u00f3lares adicionales al a\u00f1o poder contener el ingreso del narcoterrorismo por nuestra frontera norte\u201d, afirm\u00f3 Noboa.<\/div>\n<div class=\"paragraph texto\">\n<p class=\"p_3\">El jefe de Estado dio m\u00e1s detalles sobre el bombardeo registrado el pasado viernes en la provincia de Sucumb\u00edos, en el que\u00a0<b>fue destruida una base de la disidencia de las Fuerzas Armadas Revolucionarias de Colombia (FARC)<\/b>, denominada como\u00a0<b>Comandos de la Frontera<\/b>, dedicada principalmente al narcotr\u00e1fico y a la miner\u00eda ilegal.<\/p>\n<div>\n<div class=\"trv-player-container\">\n<div class=\"trv-wrapper\">\n<div id=\"br_video_player_5fd55bf818bcc04facf30a57f46b525a7a4d6079\" class=\"trvd_video_player trvdfloater trv-right\">\n<div class=\"media-player\">\n<div class=\"trv-video\">\n<div id=\"truvid_ima_container71800\" class=\"truvid_ima_container\"><\/div>\n<\/div>\n<\/div>\n<\/div>\n<\/div>\n<\/div>\n<\/div>\n<div class=\"powered-main\">\n<div class=\"powered-by\">Al anunciar el ataque, la semana pasada, se\u00f1al\u00f3 que el sitio era un<b>\u00a0espacio de \u00abdescanso\u00bb para alias Mono Tole<\/b>, uno de los cabecillas de la organizaci\u00f3n, y tambi\u00e9n un \u00e1rea de entrenamiento para combatientes armados.<\/div>\n<\/div>\n<p class=\"p_5\">\u201cTrabajamos con inteligencia conjunta, pero tambi\u00e9n en armamento de bombardeo.\u00a0<b>Usamos nuestros equipos, as\u00ed como los equipos americanos, en bombardeos a\u00e9reos y tambi\u00e9n equipamiento o municiones que necesitamos<\/b>\u201d, precis\u00f3 el mandatario este lunes.<\/p>\n<\/div>\n<h2 class=\"h2vistazo\">Operaciones dentro de territorio ecuatoriano<\/h2>\n<div class=\"paragraph texto\">\n<p class=\"p_6\">Consultado sobre si llegar\u00eda al extremo de\u00a0<b>ejecutar operaciones militares en territorio colombiano\u00a0<\/b>\u2014como ocurri\u00f3 en 2008 cuando el entonces presidente colombiano \u00c1lvaro Uribe orden\u00f3 un bombardeo contra el l\u00edder guerrillero Ra\u00fal Reyes en Ecuador\u2014,\u00a0<b>Noboa descart\u00f3 esa posibilidad.<\/b><\/p>\n<\/div>\n<div class=\"Citavistazo\">\u201cNo lo har\u00eda. No juzgo al presidente Uribe; creo que en ese momento era una necesidad lo que le toc\u00f3 hacer, pero nosotros estamos blindando la frontera en el norte y atacando campamentos de las ex-FARC y de otros grupos narcoterroristas en territorio ecuatoriano\u201d, sostuvo.<\/div>\n<div class=\"paragraph texto\">\n<p class=\"p_7\">Al referirse a la organizaci\u00f3n\u00a0<b>Comandos de la Frontera<\/b>, considerada terrorista por el Ejecutivo ecuatoriano desde el a\u00f1o pasado, Noboa explic\u00f3 que\u00a0<b>\u00abopera desde la zona del Putumayo (sur de Colombia) y se cruzan hasta Sucumb\u00edos (en Ecuador)\u00bb, y refiri\u00f3 a quienes la conforman como \u00abguerrilleros o exguerrilleros\u00bb.<\/b><\/p>\n<p class=\"p_8\">En esa l\u00ednea, el mandatario ecuatoriano responsabiliz\u00f3 a su hom\u00f3logo del vecino pa\u00eds, Gustavo Petro, por,seg\u00fan \u00e9l, n<b>o haber actuado con suficiente contundencia frente a estos grupos armados en los \u00faltimos a\u00f1os.<\/b><\/p>\n<\/div>\n<div class=\"Citavistazo\">\u201cEcuador est\u00e1 sufriendo en t\u00e9rminos de seguridad y en t\u00e9rminos de narcotr\u00e1fico por culpa del gobierno de Gustavo Petro de Colombia\u201d, afirm\u00f3.<\/div>\n<div class=\"paragraph texto\">\n<p class=\"p_9\">El presidente ecuatoriano reiter\u00edo que\u00a0<b>\u00abla gran mayor\u00eda de la droga que entra al Ecuador (&#8230;) m\u00e1s del 70%\u00bb<\/b>\u00a0proviene de territorio de Colombia, el mayor productor de coca\u00edna a nivel mundial.<\/p>\n<\/div>\n<h2 class=\"h2vistazo\">Cooperaci\u00f3n con Estados Unidos<\/h2>\n<div class=\"paragraph texto\">\n<p class=\"p_10\">En coordinaci\u00f3n con el Comando Sur de los EE.UU., desde el 3 de marzo de este a\u00f1o\u00a0<b>se pusieron en marcha operaciones militares conjuntas<\/b>\u00a0contra organizaciones narcoterroristas que operan en el territorio ecuatoriano.<\/p>\n<p class=\"p_12\">Estas operaciones forman parte de una\u00a0<b>nueva fase de cooperaci\u00f3n en seguridad<\/b>, tras la reuni\u00f3n en el Palacio de Carondelet, en Quito, entre\u00a0<b>Noboa<\/b>, el comandante del Comando Sur de los Estados Unidos, general\u00a0<b>Francis L. Donovan<\/b>, y el comandante del Comando de Operaciones Especiales Sur, contralmirante\u00a0<b>Mark A. Schafer.<\/b><\/p>\n<p class=\"p_13\">La colaboraci\u00f3n binacional ocurre en un contexto de<b>\u00a0intensificaci\u00f3n de los hechos violentos en Ecuador<\/b>, pa\u00eds que desde 2024 se encuentra bajo una declaratoria de<b>\u00a0\u201cconflicto armado interno\u201d<\/b>\u00a0y<b>\u00a0sucesivos estados de excepci\u00f3n<\/b>\u00a0impulsados por el Gobierno para enfrentar a m\u00e1s de una veintena de grupos de delincuencia organizada, dedicados principalmente al narcotr\u00e1fico.<\/p>\n<p class=\"p_15\">A pesar de estas medidas,\u00a0<b>2025 cerr\u00f3 como el a\u00f1o m\u00e1s violento registrado en el pa\u00eds, con 9.235 homicidios<\/b>, seg\u00fan cifras del Ministerio del Interior, mientras que en operativos antidrogas se incautaron 214 toneladas de estupefacientes. <strong>Fuente: Vistazo<\/strong><\/p>\n<\/div>\n","protected":false},"excerpt":{"rendered":"<p>El presidente de Ecuador,\u00a0Daniel Noboa, afirm\u00f3 que las Fuerzas Armadas del pa\u00eds han ejecutado bombardeos contra campamentos de grupos narcoterroristas en la frontera norte con apoyo de inteligencia y equipamiento de Estados Unidos, como parte de la ofensiva del Gobierno contra organizaciones criminales. En una entrevista concedida este lunes a la cadena Univisi\u00f3n, el mandatario se\u00f1al\u00f3 que el\u00a0ingreso de organizaciones criminales desde Colombia\u00a0ha generado\u00a0altos costos\u00a0para el Estado ecuatoriano. \u201cLa frontera norte ha sido un problema para nosotros. Nos ha costado centenares de millones de d\u00f3lares adicionales al a\u00f1o poder contener el ingreso del narcoterrorismo por nuestra frontera norte\u201d, afirm\u00f3 Noboa. El jefe de Estado dio m\u00e1s detalles sobre el bombardeo registrado el pasado viernes en la provincia de Sucumb\u00edos, en el que\u00a0fue destruida una base de la disidencia de las Fuerzas Armadas Revolucionarias de Colombia (FARC), denominada como\u00a0Comandos de la Frontera, dedicada principalmente al narcotr\u00e1fico y a la miner\u00eda ilegal. Al anunciar el ataque, la semana pasada, se\u00f1al\u00f3 que el sitio era un\u00a0espacio de \u00abdescanso\u00bb para alias Mono Tole, uno de los cabecillas de la organizaci\u00f3n, y tambi\u00e9n un \u00e1rea de entrenamiento para combatientes armados. \u201cTrabajamos con inteligencia conjunta, pero tambi\u00e9n en armamento de bombardeo.\u00a0Usamos nuestros equipos, as\u00ed como los equipos americanos, en bombardeos a\u00e9reos y tambi\u00e9n equipamiento o municiones que necesitamos\u201d, precis\u00f3 el mandatario este lunes. Operaciones dentro de territorio ecuatoriano Consultado sobre si llegar\u00eda al extremo de\u00a0ejecutar operaciones militares en territorio colombiano\u00a0\u2014como ocurri\u00f3 en 2008 cuando el entonces presidente colombiano \u00c1lvaro Uribe orden\u00f3 un bombardeo contra el l\u00edder guerrillero Ra\u00fal Reyes en Ecuador\u2014,\u00a0Noboa descart\u00f3 esa posibilidad. \u201cNo lo har\u00eda. No juzgo al presidente Uribe; creo que en ese momento era una necesidad lo que le toc\u00f3 hacer, pero nosotros estamos blindando la frontera en el norte y atacando campamentos de las ex-FARC y de otros grupos narcoterroristas en territorio ecuatoriano\u201d, sostuvo. Al referirse a la organizaci\u00f3n\u00a0Comandos de la Frontera, considerada terrorista por el Ejecutivo ecuatoriano desde el a\u00f1o pasado, Noboa explic\u00f3 que\u00a0\u00abopera desde la zona del Putumayo (sur de Colombia) y se cruzan hasta Sucumb\u00edos (en Ecuador)\u00bb, y refiri\u00f3 a quienes la conforman como \u00abguerrilleros o exguerrilleros\u00bb. En esa l\u00ednea, el mandatario ecuatoriano responsabiliz\u00f3 a su hom\u00f3logo del vecino pa\u00eds, Gustavo Petro, por,seg\u00fan \u00e9l, no haber actuado con suficiente contundencia frente a estos grupos armados en los \u00faltimos a\u00f1os. \u201cEcuador est\u00e1 sufriendo en t\u00e9rminos de seguridad y en t\u00e9rminos de narcotr\u00e1fico por culpa del gobierno de Gustavo Petro de Colombia\u201d, afirm\u00f3. El presidente ecuatoriano reiter\u00edo que\u00a0\u00abla gran mayor\u00eda de la droga que entra al Ecuador (&#8230;) m\u00e1s del 70%\u00bb\u00a0proviene de territorio de Colombia, el mayor productor de coca\u00edna a nivel mundial. Cooperaci\u00f3n con Estados Unidos En coordinaci\u00f3n con el Comando Sur de los EE.UU., desde el 3 de marzo de este a\u00f1o\u00a0se pusieron en marcha operaciones militares conjuntas\u00a0contra organizaciones narcoterroristas que operan en el territorio ecuatoriano. Estas operaciones forman parte de una\u00a0nueva fase de cooperaci\u00f3n en seguridad, tras la reuni\u00f3n en el Palacio de Carondelet, en Quito, entre\u00a0Noboa, el comandante del Comando Sur de los Estados Unidos, general\u00a0Francis L. Donovan, y el comandante del Comando de Operaciones Especiales Sur, contralmirante\u00a0Mark A. Schafer. La colaboraci\u00f3n binacional ocurre en un contexto de\u00a0intensificaci\u00f3n de los hechos violentos en Ecuador, pa\u00eds que desde 2024 se encuentra bajo una declaratoria de\u00a0\u201cconflicto armado interno\u201d\u00a0y\u00a0sucesivos estados de excepci\u00f3n\u00a0impulsados por el Gobierno para enfrentar a m\u00e1s de una veintena de grupos de delincuencia organizada, dedicados principalmente al narcotr\u00e1fico. A pesar de estas medidas,\u00a02025 cerr\u00f3 como el a\u00f1o m\u00e1s violento registrado en el pa\u00eds, con 9.235 homicidios, seg\u00fan cifras del Ministerio del Interior, mientras que en operativos antidrogas se incautaron 214 toneladas de estupefacientes. Fuente: Vistazo<\/p>\n","protected":false},"author":1,"featured_media":29855,"comment_status":"closed","ping_status":"closed","sticky":false,"template":"","format":"standard","meta":{"footnotes":""},"categories":[268],"tags":[],"class_list":["post-29854","post","type-post","status-publish","format-standard","has-post-thumbnail","hentry","category-nacionales"],"_links":{"self":[{"href":"https:\/\/www.elamazonico.com\/portal\/wp-json\/wp\/v2\/posts\/29854","targetHints":{"allow":["GET"]}}],"collection":[{"href":"https:\/\/www.elamazonico.com\/portal\/wp-json\/wp\/v2\/posts"}],"about":[{"href":"https:\/\/www.elamazonico.com\/portal\/wp-json\/wp\/v2\/types\/post"}],"author":[{"embeddable":true,"href":"https:\/\/www.elamazonico.com\/portal\/wp-json\/wp\/v2\/users\/1"}],"replies":[{"embeddable":true,"href":"https:\/\/www.elamazonico.com\/portal\/wp-json\/wp\/v2\/comments?post=29854"}],"version-history":[{"count":1,"href":"https:\/\/www.elamazonico.com\/portal\/wp-json\/wp\/v2\/posts\/29854\/revisions"}],"predecessor-version":[{"id":29856,"href":"https:\/\/www.elamazonico.com\/portal\/wp-json\/wp\/v2\/posts\/29854\/revisions\/29856"}],"wp:featuredmedia":[{"embeddable":true,"href":"https:\/\/www.elamazonico.com\/portal\/wp-json\/wp\/v2\/media\/29855"}],"wp:attachment":[{"href":"https:\/\/www.elamazonico.com\/portal\/wp-json\/wp\/v2\/media?parent=29854"}],"wp:term":[{"taxonomy":"category","embeddable":true,"href":"https:\/\/www.elamazonico.com\/portal\/wp-json\/wp\/v2\/categories?post=29854"},{"taxonomy":"post_tag","embeddable":true,"href":"https:\/\/www.elamazonico.com\/portal\/wp-json\/wp\/v2\/tags?post=29854"}],"curies":[{"name":"wp","href":"https:\/\/api.w.org\/{rel}","templated":true}]}}