{"id":29847,"date":"2026-03-09T19:47:14","date_gmt":"2026-03-10T00:47:14","guid":{"rendered":"https:\/\/www.elamazonico.com\/portal\/?p=29847"},"modified":"2026-03-09T19:47:14","modified_gmt":"2026-03-10T00:47:14","slug":"no-queremos-victimas-colaterales-reimberg-pide-a-ciudadanos-no-salir-durante-el-toque-de-queda","status":"publish","type":"post","link":"https:\/\/www.elamazonico.com\/portal\/no-queremos-victimas-colaterales-reimberg-pide-a-ciudadanos-no-salir-durante-el-toque-de-queda\/","title":{"rendered":"\u2018No queremos v\u00edctimas colaterales\u2019: Reimberg pide a ciudadanos no salir durante el toque de queda"},"content":{"rendered":"<div class=\"paragraph texto\">\n<p class=\"p_0\"><b>El ministro del Interior de Ecuador,\u00a0<a href=\"https:\/\/www.vistazo.com\/cronologia\/-\/meta\/john-reimberg\">John Reimberg<\/a>, exhort\u00f3 a la ciudadan\u00eda a respetar el toque de queda que se aplicar\u00e1 del 15 al 30 de marzo en varias provincias del pa\u00eds y pidi\u00f3 a la poblaci\u00f3n permanecer en sus hogares durante el horario establecido para evitar \u201cv\u00edctimas colaterales\u201d mientras las fuerzas de seguridad intensifican las operaciones contra grupos criminales.<\/b><\/p>\n<p class=\"p_1\">Reimberg advirti\u00f3 que la medida, dispuesta en las provincias de <b>Guayas, Los R\u00edos, Santo Domingo de los Ts\u00e1chilas y El Oro<\/b>, forma parte de una ofensiva m\u00e1s amplia contra las estructuras del crimen organizado y reiter\u00f3 que\u00a0<b>el objetivo es reducir riesgos para la poblaci\u00f3n civil mientras se ejecutan los operativos de seguridad.<\/b><\/p>\n<\/div>\n<div class=\"Citavistazo\">\u201cRequerimos que se queden en sus casas porque no queremos da\u00f1os colaterales. No queremos v\u00edctimas colaterales\u201d, afirm\u00f3 el ministro, al explicar que el toque de queda busca permitir que la fuerza p\u00fablica realice acciones contra grupos delictivos sin poner en riesgo a los ciudadanos.<\/div>\n<div class=\"paragraph texto\">\n<p class=\"p_3\">Seg\u00fan indic\u00f3, estas operaciones se desarrollan en un marco de cooperaci\u00f3n exterior, sin entrar en detalles. \u201cNosotros, como fuerza p\u00fablica<b>, aliada a Estados Unidos<\/b>\u00a0como ya conocen, haremos todos los ataques necesarios a estas estructuras criminales y a sus econom\u00edas\u201d, sostuvo.<\/p>\n<div class=\"Center2Display\">\n<div id=\"Center2\" data-google-query-id=\"CJ7-qb6NlJMDFQcFHAAdOYgERw\">\n<div id=\"google_ads_iframe_\/21839199781\/Vistazo\/Vistazo_Center2_0__container__\"><strong>Toque de queda de seis horas<\/strong><\/div>\n<\/div>\n<\/div>\n<\/div>\n<div class=\"paragraph texto\">\n<p class=\"p_4\">La restricci\u00f3n de movilidad regir\u00e1 diariamente entre las<b>\u00a023:00 y las 05:00<\/b>\u00a0y forma parte de la estrategia gubernamental para\u00a0<b>enfrentar los altos niveles de violencia<\/b>\u00a0registrados en esas zonas.<\/p>\n<p class=\"p_5\">Durante una ceremonia por los 88 a\u00f1os de profesionalizaci\u00f3n de la Polic\u00eda Nacional del Ecuador, celebrada el pasado 2 de marzo, N<b>oboa asegur\u00f3 que el pa\u00eds \u201cexige seguridad\u201d<\/b>\u00a0y se\u00f1al\u00f3 que esta etapa corresponde a un<b>a \u201csiguiente fase de combate\u201d<\/b>\u00a0dentro de la estrategia oficial contra las bandas criminales, que el Gobierno cataloga como<b>\u00a0organizaciones terroristas.<\/b><\/p>\n<p class=\"p_7\">A este r\u00e9gimen se suma un estado de excepci\u00f3n renovado a inicios de este mes, bajo el que\u00a0<b>se suspenden temporalmente derechos como la inviolabilidad de domicilio y de correspondencia<\/b>, lo que permite a las fuerzas de seguridad ejecutar allanamientos inmediatos y realizar acciones de inteligencia contra redes criminales.<\/p>\n<\/div>\n<h2 class=\"h2vistazo\">Sanciones por incumplir la medida<\/h2>\n<div class=\"paragraph texto\">\n<p class=\"p_8\">El incumplimiento del toque de queda constituye el delito de\u00a0<b>desobediencia a \u00f3rdenes leg\u00edtimas de autoridad<\/b>, tipificado en el art\u00edculo 282 del C\u00f3digo Org\u00e1nico Integral Penal (COIP).<\/p>\n<p class=\"p_9\">La normativa establece\u00a0<b>penas privativas de libertad de entre uno y tres a\u00f1os para quienes infrinjan la restricci\u00f3n de circulaci\u00f3n<\/b>, ya sea a pie o en veh\u00edculo dentro del horario establecido. En caso de reincidencia, las sanciones pueden agravarse.<\/p>\n<p class=\"p_10\">No obstante, existen\u00a0<b>excepciones para sectores estrat\u00e9gicos y actividades esenciales<\/b>, como servicios de salud, seguridad, servicios b\u00e1sicos, medios de comunicaci\u00f3n y log\u00edstica de alimentos, siempre que los trabajadores puedan justificar su labor. <strong>Fuente: Vistazo<\/strong><\/p>\n<\/div>\n","protected":false},"excerpt":{"rendered":"<p>El ministro del Interior de Ecuador,\u00a0John Reimberg, exhort\u00f3 a la ciudadan\u00eda a respetar el toque de queda que se aplicar\u00e1 del 15 al 30 de marzo en varias provincias del pa\u00eds y pidi\u00f3 a la poblaci\u00f3n permanecer en sus hogares durante el horario establecido para evitar \u201cv\u00edctimas colaterales\u201d mientras las fuerzas de seguridad intensifican las operaciones contra grupos criminales. Reimberg advirti\u00f3 que la medida, dispuesta en las provincias de Guayas, Los R\u00edos, Santo Domingo de los Ts\u00e1chilas y El Oro, forma parte de una ofensiva m\u00e1s amplia contra las estructuras del crimen organizado y reiter\u00f3 que\u00a0el objetivo es reducir riesgos para la poblaci\u00f3n civil mientras se ejecutan los operativos de seguridad. \u201cRequerimos que se queden en sus casas porque no queremos da\u00f1os colaterales. No queremos v\u00edctimas colaterales\u201d, afirm\u00f3 el ministro, al explicar que el toque de queda busca permitir que la fuerza p\u00fablica realice acciones contra grupos delictivos sin poner en riesgo a los ciudadanos. Seg\u00fan indic\u00f3, estas operaciones se desarrollan en un marco de cooperaci\u00f3n exterior, sin entrar en detalles. \u201cNosotros, como fuerza p\u00fablica, aliada a Estados Unidos\u00a0como ya conocen, haremos todos los ataques necesarios a estas estructuras criminales y a sus econom\u00edas\u201d, sostuvo. Toque de queda de seis horas La restricci\u00f3n de movilidad regir\u00e1 diariamente entre las\u00a023:00 y las 05:00\u00a0y forma parte de la estrategia gubernamental para\u00a0enfrentar los altos niveles de violencia\u00a0registrados en esas zonas. Durante una ceremonia por los 88 a\u00f1os de profesionalizaci\u00f3n de la Polic\u00eda Nacional del Ecuador, celebrada el pasado 2 de marzo, Noboa asegur\u00f3 que el pa\u00eds \u201cexige seguridad\u201d\u00a0y se\u00f1al\u00f3 que esta etapa corresponde a una \u201csiguiente fase de combate\u201d\u00a0dentro de la estrategia oficial contra las bandas criminales, que el Gobierno cataloga como\u00a0organizaciones terroristas. A este r\u00e9gimen se suma un estado de excepci\u00f3n renovado a inicios de este mes, bajo el que\u00a0se suspenden temporalmente derechos como la inviolabilidad de domicilio y de correspondencia, lo que permite a las fuerzas de seguridad ejecutar allanamientos inmediatos y realizar acciones de inteligencia contra redes criminales. Sanciones por incumplir la medida El incumplimiento del toque de queda constituye el delito de\u00a0desobediencia a \u00f3rdenes leg\u00edtimas de autoridad, tipificado en el art\u00edculo 282 del C\u00f3digo Org\u00e1nico Integral Penal (COIP). La normativa establece\u00a0penas privativas de libertad de entre uno y tres a\u00f1os para quienes infrinjan la restricci\u00f3n de circulaci\u00f3n, ya sea a pie o en veh\u00edculo dentro del horario establecido. En caso de reincidencia, las sanciones pueden agravarse. No obstante, existen\u00a0excepciones para sectores estrat\u00e9gicos y actividades esenciales, como servicios de salud, seguridad, servicios b\u00e1sicos, medios de comunicaci\u00f3n y log\u00edstica de alimentos, siempre que los trabajadores puedan justificar su labor. Fuente: Vistazo<\/p>\n","protected":false},"author":1,"featured_media":29848,"comment_status":"closed","ping_status":"closed","sticky":false,"template":"","format":"standard","meta":{"footnotes":""},"categories":[268],"tags":[],"class_list":["post-29847","post","type-post","status-publish","format-standard","has-post-thumbnail","hentry","category-nacionales"],"_links":{"self":[{"href":"https:\/\/www.elamazonico.com\/portal\/wp-json\/wp\/v2\/posts\/29847","targetHints":{"allow":["GET"]}}],"collection":[{"href":"https:\/\/www.elamazonico.com\/portal\/wp-json\/wp\/v2\/posts"}],"about":[{"href":"https:\/\/www.elamazonico.com\/portal\/wp-json\/wp\/v2\/types\/post"}],"author":[{"embeddable":true,"href":"https:\/\/www.elamazonico.com\/portal\/wp-json\/wp\/v2\/users\/1"}],"replies":[{"embeddable":true,"href":"https:\/\/www.elamazonico.com\/portal\/wp-json\/wp\/v2\/comments?post=29847"}],"version-history":[{"count":1,"href":"https:\/\/www.elamazonico.com\/portal\/wp-json\/wp\/v2\/posts\/29847\/revisions"}],"predecessor-version":[{"id":29849,"href":"https:\/\/www.elamazonico.com\/portal\/wp-json\/wp\/v2\/posts\/29847\/revisions\/29849"}],"wp:featuredmedia":[{"embeddable":true,"href":"https:\/\/www.elamazonico.com\/portal\/wp-json\/wp\/v2\/media\/29848"}],"wp:attachment":[{"href":"https:\/\/www.elamazonico.com\/portal\/wp-json\/wp\/v2\/media?parent=29847"}],"wp:term":[{"taxonomy":"category","embeddable":true,"href":"https:\/\/www.elamazonico.com\/portal\/wp-json\/wp\/v2\/categories?post=29847"},{"taxonomy":"post_tag","embeddable":true,"href":"https:\/\/www.elamazonico.com\/portal\/wp-json\/wp\/v2\/tags?post=29847"}],"curies":[{"name":"wp","href":"https:\/\/api.w.org\/{rel}","templated":true}]}}