{"id":29835,"date":"2026-03-10T04:25:48","date_gmt":"2026-03-10T09:25:48","guid":{"rendered":"https:\/\/www.elamazonico.com\/portal\/?p=29835"},"modified":"2026-03-09T19:18:52","modified_gmt":"2026-03-10T00:18:52","slug":"zamora-conmemoro-el-dia-internacional-de-la-mujer-con-caminata-y-acto-civico","status":"publish","type":"post","link":"https:\/\/www.elamazonico.com\/portal\/zamora-conmemoro-el-dia-internacional-de-la-mujer-con-caminata-y-acto-civico\/","title":{"rendered":"Zamora conmemor\u00f3 el D\u00eda Internacional de la Mujer con caminata y acto c\u00edvico"},"content":{"rendered":"<p>El lunes 9 de marzo se desarroll\u00f3 en el cant\u00f3n Zamora una caminata por las principales calles de la ciudad y un momento c\u00edvico conmemorativo por el D\u00eda Internacional de la Mujer, actividad que reuni\u00f3 a autoridades provinciales, instituciones p\u00fablicas y privadas, organizaciones sociales y ciudadan\u00eda en general, con el objetivo de reconocer el rol de la mujer en el desarrollo social y reflexionar sobre los desaf\u00edos que a\u00fan persisten en materia de igualdad y derechos.<\/p>\n<p>Durante el acto, la prefecta de Zamora Chinchipe, Karla Re\u00e1tegui, destac\u00f3 el papel hist\u00f3rico y actual de las mujeres en la construcci\u00f3n de la sociedad, resaltando el legado de las generaciones que abrieron camino para las nuevas oportunidades de participaci\u00f3n y liderazgo.<\/p>\n<p>\u201cNuestras abuelas, con sabidur\u00eda, abrieron caminos. Hoy estamos aqu\u00ed quienes somos la fuerza que sostiene a nuestras familias, nuestras comunidades y el futuro pr\u00f3spero de Zamora Chinchipe\u201d, expres\u00f3 la autoridad provincial durante su intervenci\u00f3n.<\/p>\n<p>La prefecta tambi\u00e9n hizo un llamado a reflexionar sobre la realidad que enfrentan muchas mujeres, se\u00f1alando que siete de cada diez mujeres en la provincia han sufrido alg\u00fan tipo de violencia a lo largo de su vida, una cifra que evidencia la necesidad de continuar fortaleciendo acciones institucionales orientadas a garantizar el respeto, la dignidad y la justicia.<\/p>\n<p>Asimismo, enfatiz\u00f3 que el desarrollo sostenible de la sociedad est\u00e1 ligado al bienestar y la seguridad de las mujeres, destacando la importancia de generar oportunidades reales, independencia econ\u00f3mica y espacios seguros para ni\u00f1as, j\u00f3venes y adultas.<\/p>\n<p>\u201cCuando una mujer avanza, cuando una mujer prospera, cuando una mujer est\u00e1 bien, es una familia que est\u00e1 bien; y cuando las familias est\u00e1n bien, la sociedad tambi\u00e9n avanza\u201d, manifest\u00f3 Re\u00e1tegui, reiterando el compromiso de las instituciones de seguir promoviendo pol\u00edticas y acciones que fortalezcan el desarrollo integral de las mujeres.<\/p>\n<p>Como parte de la jornada conmemorativa tambi\u00e9n se desarroll\u00f3 una feria de emprendimientos, donde mujeres de la provincia expusieron y comercializaron diversos productos elaborados localmente, entre ellos artesan\u00edas, vinos artesanales, flores, miel, panela y otros derivados de la producci\u00f3n local, destacando el aporte de las mujeres al desarrollo econ\u00f3mico y productivo de la provincia.<\/p>\n<p>Por su parte, Fernando Salazar, director provincial de la Defensor\u00eda P\u00fablica de Zamora Chinchipe, record\u00f3 durante su intervenci\u00f3n el origen hist\u00f3rico del D\u00eda Internacional de la Mujer, se\u00f1alando que esta fecha constituye un espacio de memoria, reflexi\u00f3n y compromiso con la igualdad de derechos.<\/p>\n<p>El funcionario cit\u00f3 el contexto hist\u00f3rico de las luchas sociales protagonizadas por mujeres trabajadoras a finales del siglo XIX e inicios del siglo XX, quienes enfrentaban jornadas laborales de hasta 16 horas, salarios inferiores y ausencia de derechos pol\u00edticos y laborales.<\/p>\n<p>Salazar record\u00f3 hechos emblem\u00e1ticos como la marcha de trabajadoras textiles en Nueva York en 1908, la propuesta de la activista Clara Zetkin en 1910 para establecer un d\u00eda internacional dedicado a las mujeres, as\u00ed como el incendio de una f\u00e1brica textil en 1911, donde 146 mujeres trabajadoras perdieron la vida debido a las precarias condiciones de seguridad laboral.<\/p>\n<p>En este contexto, el director de la Defensor\u00eda P\u00fablica subray\u00f3 que el 8 de marzo no debe entenderse \u00fanicamente como una celebraci\u00f3n, sino como una fecha que invita a reconocer la lucha hist\u00f3rica de las mujeres por el respeto, la igualdad y la dignidad.<\/p>\n<p>Finalmente, las autoridades coincidieron en la importancia de continuar promoviendo espacios de participaci\u00f3n y pol\u00edticas p\u00fablicas orientadas a reducir las desigualdades, prevenir la violencia de g\u00e9nero y fortalecer el liderazgo de las mujeres en todos los \u00e1mbitos de la sociedad, reafirmando el compromiso de trabajar por una provincia m\u00e1s justa e inclusiva para las futuras generaciones.<\/p>\n","protected":false},"excerpt":{"rendered":"<p>El lunes 9 de marzo se desarroll\u00f3 en el cant\u00f3n Zamora una caminata por las principales calles de la ciudad y un momento c\u00edvico conmemorativo por el D\u00eda Internacional de la Mujer, actividad que reuni\u00f3 a autoridades provinciales, instituciones p\u00fablicas y privadas, organizaciones sociales y ciudadan\u00eda en general, con el objetivo de reconocer el rol de la mujer en el desarrollo social y reflexionar sobre los desaf\u00edos que a\u00fan persisten en materia de igualdad y derechos. Durante el acto, la prefecta de Zamora Chinchipe, Karla Re\u00e1tegui, destac\u00f3 el papel hist\u00f3rico y actual de las mujeres en la construcci\u00f3n de la sociedad, resaltando el legado de las generaciones que abrieron camino para las nuevas oportunidades de participaci\u00f3n y liderazgo. \u201cNuestras abuelas, con sabidur\u00eda, abrieron caminos. Hoy estamos aqu\u00ed quienes somos la fuerza que sostiene a nuestras familias, nuestras comunidades y el futuro pr\u00f3spero de Zamora Chinchipe\u201d, expres\u00f3 la autoridad provincial durante su intervenci\u00f3n. La prefecta tambi\u00e9n hizo un llamado a reflexionar sobre la realidad que enfrentan muchas mujeres, se\u00f1alando que siete de cada diez mujeres en la provincia han sufrido alg\u00fan tipo de violencia a lo largo de su vida, una cifra que evidencia la necesidad de continuar fortaleciendo acciones institucionales orientadas a garantizar el respeto, la dignidad y la justicia. Asimismo, enfatiz\u00f3 que el desarrollo sostenible de la sociedad est\u00e1 ligado al bienestar y la seguridad de las mujeres, destacando la importancia de generar oportunidades reales, independencia econ\u00f3mica y espacios seguros para ni\u00f1as, j\u00f3venes y adultas. \u201cCuando una mujer avanza, cuando una mujer prospera, cuando una mujer est\u00e1 bien, es una familia que est\u00e1 bien; y cuando las familias est\u00e1n bien, la sociedad tambi\u00e9n avanza\u201d, manifest\u00f3 Re\u00e1tegui, reiterando el compromiso de las instituciones de seguir promoviendo pol\u00edticas y acciones que fortalezcan el desarrollo integral de las mujeres. Como parte de la jornada conmemorativa tambi\u00e9n se desarroll\u00f3 una feria de emprendimientos, donde mujeres de la provincia expusieron y comercializaron diversos productos elaborados localmente, entre ellos artesan\u00edas, vinos artesanales, flores, miel, panela y otros derivados de la producci\u00f3n local, destacando el aporte de las mujeres al desarrollo econ\u00f3mico y productivo de la provincia. Por su parte, Fernando Salazar, director provincial de la Defensor\u00eda P\u00fablica de Zamora Chinchipe, record\u00f3 durante su intervenci\u00f3n el origen hist\u00f3rico del D\u00eda Internacional de la Mujer, se\u00f1alando que esta fecha constituye un espacio de memoria, reflexi\u00f3n y compromiso con la igualdad de derechos. El funcionario cit\u00f3 el contexto hist\u00f3rico de las luchas sociales protagonizadas por mujeres trabajadoras a finales del siglo XIX e inicios del siglo XX, quienes enfrentaban jornadas laborales de hasta 16 horas, salarios inferiores y ausencia de derechos pol\u00edticos y laborales. Salazar record\u00f3 hechos emblem\u00e1ticos como la marcha de trabajadoras textiles en Nueva York en 1908, la propuesta de la activista Clara Zetkin en 1910 para establecer un d\u00eda internacional dedicado a las mujeres, as\u00ed como el incendio de una f\u00e1brica textil en 1911, donde 146 mujeres trabajadoras perdieron la vida debido a las precarias condiciones de seguridad laboral. En este contexto, el director de la Defensor\u00eda P\u00fablica subray\u00f3 que el 8 de marzo no debe entenderse \u00fanicamente como una celebraci\u00f3n, sino como una fecha que invita a reconocer la lucha hist\u00f3rica de las mujeres por el respeto, la igualdad y la dignidad. Finalmente, las autoridades coincidieron en la importancia de continuar promoviendo espacios de participaci\u00f3n y pol\u00edticas p\u00fablicas orientadas a reducir las desigualdades, prevenir la violencia de g\u00e9nero y fortalecer el liderazgo de las mujeres en todos los \u00e1mbitos de la sociedad, reafirmando el compromiso de trabajar por una provincia m\u00e1s justa e inclusiva para las futuras generaciones.<\/p>\n","protected":false},"author":1,"featured_media":29836,"comment_status":"closed","ping_status":"closed","sticky":false,"template":"","format":"standard","meta":{"footnotes":""},"categories":[243],"tags":[],"class_list":["post-29835","post","type-post","status-publish","format-standard","has-post-thumbnail","hentry","category-noticias-zamora"],"_links":{"self":[{"href":"https:\/\/www.elamazonico.com\/portal\/wp-json\/wp\/v2\/posts\/29835","targetHints":{"allow":["GET"]}}],"collection":[{"href":"https:\/\/www.elamazonico.com\/portal\/wp-json\/wp\/v2\/posts"}],"about":[{"href":"https:\/\/www.elamazonico.com\/portal\/wp-json\/wp\/v2\/types\/post"}],"author":[{"embeddable":true,"href":"https:\/\/www.elamazonico.com\/portal\/wp-json\/wp\/v2\/users\/1"}],"replies":[{"embeddable":true,"href":"https:\/\/www.elamazonico.com\/portal\/wp-json\/wp\/v2\/comments?post=29835"}],"version-history":[{"count":1,"href":"https:\/\/www.elamazonico.com\/portal\/wp-json\/wp\/v2\/posts\/29835\/revisions"}],"predecessor-version":[{"id":29837,"href":"https:\/\/www.elamazonico.com\/portal\/wp-json\/wp\/v2\/posts\/29835\/revisions\/29837"}],"wp:featuredmedia":[{"embeddable":true,"href":"https:\/\/www.elamazonico.com\/portal\/wp-json\/wp\/v2\/media\/29836"}],"wp:attachment":[{"href":"https:\/\/www.elamazonico.com\/portal\/wp-json\/wp\/v2\/media?parent=29835"}],"wp:term":[{"taxonomy":"category","embeddable":true,"href":"https:\/\/www.elamazonico.com\/portal\/wp-json\/wp\/v2\/categories?post=29835"},{"taxonomy":"post_tag","embeddable":true,"href":"https:\/\/www.elamazonico.com\/portal\/wp-json\/wp\/v2\/tags?post=29835"}],"curies":[{"name":"wp","href":"https:\/\/api.w.org\/{rel}","templated":true}]}}