{"id":29825,"date":"2026-03-09T10:48:29","date_gmt":"2026-03-09T15:48:29","guid":{"rendered":"https:\/\/www.elamazonico.com\/portal\/?p=29825"},"modified":"2026-03-09T10:48:29","modified_gmt":"2026-03-09T15:48:29","slug":"policia-nacional-conmemoro-88-anos-de-profesionalizacion-y-180-anos-de-vida-institucional-en-zamora-chinchipe","status":"publish","type":"post","link":"https:\/\/www.elamazonico.com\/portal\/policia-nacional-conmemoro-88-anos-de-profesionalizacion-y-180-anos-de-vida-institucional-en-zamora-chinchipe\/","title":{"rendered":"Polic\u00eda Nacional conmemor\u00f3 88 a\u00f1os de profesionalizaci\u00f3n y 180 a\u00f1os de vida institucional en Zamora Chinchipe"},"content":{"rendered":"<p>En el marco de la conmemoraci\u00f3n de los 88 a\u00f1os de profesionalizaci\u00f3n y 180 a\u00f1os de vida institucional de la Polic\u00eda Nacional del Ecuador, el pasado 6 de marzo de 2026 durante una entrevista el Teniente Coronel de Estado Mayor de Polic\u00eda Roberto Carlos Galv\u00e1n Uyaguari, comandante subrogante de la Subzona Zamora Chinchipe N.\u00ba 19, quien destac\u00f3 las actividades desarrolladas para recordar esta fecha significativa para la instituci\u00f3n policial.<\/p>\n<p>Durante la entrevista, el oficial se\u00f1al\u00f3 que la fecha conmemorativa se celebr\u00f3 el 2 de marzo, d\u00eda en el que la Polic\u00eda Nacional recuerda su proceso de profesionalizaci\u00f3n y su trayectoria institucional al servicio del pa\u00eds. En este contexto, se desarrollaron varios actos protocolares y religiosos que permitieron reafirmar el compromiso de la instituci\u00f3n con la seguridad ciudadana.<\/p>\n<p>Como parte de la agenda conmemorativa, se realiz\u00f3 una Santa Eucarist\u00eda, en la cual los miembros de la instituci\u00f3n renovaron su fe y encomendaron su labor a Dios. Seg\u00fan expres\u00f3 el Teniente Coronel Galv\u00e1n Uyaguari, este acto religioso representa un momento de reflexi\u00f3n para el personal policial, orientado a fortalecer su vocaci\u00f3n de servicio.<\/p>\n<p>\u201cEs importante para la Polic\u00eda Nacional, en este d\u00eda tan especial, renovar nuestra fe y encomendarnos a Dios Todopoderoso para que nos vaya de lo mejor, reafirmando nuestra misi\u00f3n de servir y proteger a la ciudadan\u00eda\u201d, manifest\u00f3 el comandante subrogante.<\/p>\n<p>Posteriormente, a las 10:00, se llev\u00f3 a cabo una sesi\u00f3n solemne en el auditorio de la Gobernaci\u00f3n de Zamora Chinchipe, donde la instituci\u00f3n realiz\u00f3 reconocimientos al personal policial que se ha destacado en el cumplimiento de sus funciones, as\u00ed como a ciudadanos e instituciones que han brindado apoyo a la labor policial en materia de seguridad.<\/p>\n<p>El Teniente Coronel Galv\u00e1n Uyaguari resalt\u00f3 que estos reconocimientos constituyen un incentivo para fortalecer el trabajo articulado entre la Polic\u00eda Nacional y la comunidad, con el objetivo de consolidar estrategias que contribuyan a mantener la seguridad y el orden p\u00fablico en la provincia.<\/p>\n<p>Finalmente, el comandante subrogante reiter\u00f3 el compromiso de la Polic\u00eda Nacional de continuar trabajando por el bienestar de la ciudadan\u00eda, destacando la importancia de la cooperaci\u00f3n entre autoridades, instituciones y comunidad para garantizar la tranquilidad de los habitantes de Zamora Chinchipe.<\/p>\n","protected":false},"excerpt":{"rendered":"<p>En el marco de la conmemoraci\u00f3n de los 88 a\u00f1os de profesionalizaci\u00f3n y 180 a\u00f1os de vida institucional de la Polic\u00eda Nacional del Ecuador, el pasado 6 de marzo de 2026 durante una entrevista el Teniente Coronel de Estado Mayor de Polic\u00eda Roberto Carlos Galv\u00e1n Uyaguari, comandante subrogante de la Subzona Zamora Chinchipe N.\u00ba 19, quien destac\u00f3 las actividades desarrolladas para recordar esta fecha significativa para la instituci\u00f3n policial. Durante la entrevista, el oficial se\u00f1al\u00f3 que la fecha conmemorativa se celebr\u00f3 el 2 de marzo, d\u00eda en el que la Polic\u00eda Nacional recuerda su proceso de profesionalizaci\u00f3n y su trayectoria institucional al servicio del pa\u00eds. En este contexto, se desarrollaron varios actos protocolares y religiosos que permitieron reafirmar el compromiso de la instituci\u00f3n con la seguridad ciudadana. Como parte de la agenda conmemorativa, se realiz\u00f3 una Santa Eucarist\u00eda, en la cual los miembros de la instituci\u00f3n renovaron su fe y encomendaron su labor a Dios. Seg\u00fan expres\u00f3 el Teniente Coronel Galv\u00e1n Uyaguari, este acto religioso representa un momento de reflexi\u00f3n para el personal policial, orientado a fortalecer su vocaci\u00f3n de servicio. \u201cEs importante para la Polic\u00eda Nacional, en este d\u00eda tan especial, renovar nuestra fe y encomendarnos a Dios Todopoderoso para que nos vaya de lo mejor, reafirmando nuestra misi\u00f3n de servir y proteger a la ciudadan\u00eda\u201d, manifest\u00f3 el comandante subrogante. Posteriormente, a las 10:00, se llev\u00f3 a cabo una sesi\u00f3n solemne en el auditorio de la Gobernaci\u00f3n de Zamora Chinchipe, donde la instituci\u00f3n realiz\u00f3 reconocimientos al personal policial que se ha destacado en el cumplimiento de sus funciones, as\u00ed como a ciudadanos e instituciones que han brindado apoyo a la labor policial en materia de seguridad. El Teniente Coronel Galv\u00e1n Uyaguari resalt\u00f3 que estos reconocimientos constituyen un incentivo para fortalecer el trabajo articulado entre la Polic\u00eda Nacional y la comunidad, con el objetivo de consolidar estrategias que contribuyan a mantener la seguridad y el orden p\u00fablico en la provincia. Finalmente, el comandante subrogante reiter\u00f3 el compromiso de la Polic\u00eda Nacional de continuar trabajando por el bienestar de la ciudadan\u00eda, destacando la importancia de la cooperaci\u00f3n entre autoridades, instituciones y comunidad para garantizar la tranquilidad de los habitantes de Zamora Chinchipe.<\/p>\n","protected":false},"author":1,"featured_media":29826,"comment_status":"closed","ping_status":"closed","sticky":false,"template":"","format":"standard","meta":{"footnotes":""},"categories":[243],"tags":[],"class_list":["post-29825","post","type-post","status-publish","format-standard","has-post-thumbnail","hentry","category-noticias-zamora"],"_links":{"self":[{"href":"https:\/\/www.elamazonico.com\/portal\/wp-json\/wp\/v2\/posts\/29825","targetHints":{"allow":["GET"]}}],"collection":[{"href":"https:\/\/www.elamazonico.com\/portal\/wp-json\/wp\/v2\/posts"}],"about":[{"href":"https:\/\/www.elamazonico.com\/portal\/wp-json\/wp\/v2\/types\/post"}],"author":[{"embeddable":true,"href":"https:\/\/www.elamazonico.com\/portal\/wp-json\/wp\/v2\/users\/1"}],"replies":[{"embeddable":true,"href":"https:\/\/www.elamazonico.com\/portal\/wp-json\/wp\/v2\/comments?post=29825"}],"version-history":[{"count":1,"href":"https:\/\/www.elamazonico.com\/portal\/wp-json\/wp\/v2\/posts\/29825\/revisions"}],"predecessor-version":[{"id":29827,"href":"https:\/\/www.elamazonico.com\/portal\/wp-json\/wp\/v2\/posts\/29825\/revisions\/29827"}],"wp:featuredmedia":[{"embeddable":true,"href":"https:\/\/www.elamazonico.com\/portal\/wp-json\/wp\/v2\/media\/29826"}],"wp:attachment":[{"href":"https:\/\/www.elamazonico.com\/portal\/wp-json\/wp\/v2\/media?parent=29825"}],"wp:term":[{"taxonomy":"category","embeddable":true,"href":"https:\/\/www.elamazonico.com\/portal\/wp-json\/wp\/v2\/categories?post=29825"},{"taxonomy":"post_tag","embeddable":true,"href":"https:\/\/www.elamazonico.com\/portal\/wp-json\/wp\/v2\/tags?post=29825"}],"curies":[{"name":"wp","href":"https:\/\/api.w.org\/{rel}","templated":true}]}}