{"id":29820,"date":"2026-03-09T10:18:42","date_gmt":"2026-03-09T15:18:42","guid":{"rendered":"https:\/\/www.elamazonico.com\/portal\/?p=29820"},"modified":"2026-03-09T10:24:34","modified_gmt":"2026-03-09T15:24:34","slug":"organizaciones-sociales-impulsan-la-precandidatura-de-lizbeth-moreno-a-la-alcaldia-de-paquisha","status":"publish","type":"post","link":"https:\/\/www.elamazonico.com\/portal\/organizaciones-sociales-impulsan-la-precandidatura-de-lizbeth-moreno-a-la-alcaldia-de-paquisha\/","title":{"rendered":"Organizaciones sociales impulsan la precandidatura de Lizbeth Moreno a la Alcald\u00eda de Paquisha"},"content":{"rendered":"<p>Diversas organizaciones sociales del cant\u00f3n Paquisha han expresado su respaldo a la precandidatura de Lizbeth Moreno a la Alcald\u00eda, destac\u00e1ndola como una joven mujer trabajadora, comprometida con su gente y con un profundo amor por su tierra.<\/p>\n<p>Quienes impulsan su nombre se\u00f1alan que Moreno se caracteriza por su esp\u00edritu de servicio, cercan\u00eda con la ciudadan\u00eda y vocaci\u00f3n por el trabajo comunitario, cualidades que han permitido que distintos sectores sociales vean en ella una alternativa de liderazgo para el futuro del cant\u00f3n.<\/p>\n<p>Lizbeth Moreno representa adem\u00e1s a una nueva generaci\u00f3n de mujeres l\u00edderes, que creen en la participaci\u00f3n ciudadana y en una pol\u00edtica cercana a las necesidades de la gente.<\/p>\n<p>A su perfil humano se suma una s\u00f3lida formaci\u00f3n profesional: es Ingeniera en Geolog\u00eda Ambiental y Ordenamiento Territorial, graduada en la Universidad Nacional de Loja, preparaci\u00f3n que le permite aportar con una visi\u00f3n t\u00e9cnica en \u00e1reas clave para el desarrollo de Paquisha.<\/p>\n<p>Su conocimiento en planificaci\u00f3n territorial contribuir\u00e1 a impulsar una responsable, ordenada y sostenible, generando oportunidades de trabajo y desarrollo econ\u00f3mico, sin descuidar la protecci\u00f3n del ambiente.<\/p>\n<p>Las organizaciones promotoras se\u00f1alan que esta iniciativa nace desde la ciudadan\u00eda, como una muestra de confianza en una joven profesional que conoce la realidad del cant\u00f3n y que puede aportar con una visi\u00f3n responsable para su desarrollo.<\/p>\n<p>Con esta propuesta, Paquisha abre las puertas a liderazgos j\u00f3venes, preparados y comprometidos, orientados a construir un cant\u00f3n con mayores oportunidades, mejor planificaci\u00f3n y progreso inclusivo para todos sus habitantes.<br \/>\nEsta precandidatura representa un llamado a la renovaci\u00f3n y al fortalecimiento de la gesti\u00f3n municipal desde las bases sociales del cant\u00f3n.<\/p>\n","protected":false},"excerpt":{"rendered":"<p>Diversas organizaciones sociales del cant\u00f3n Paquisha han expresado su respaldo a la precandidatura de Lizbeth Moreno a la Alcald\u00eda, destac\u00e1ndola como una joven mujer trabajadora, comprometida con su gente y con un profundo amor por su tierra. Quienes impulsan su nombre se\u00f1alan que Moreno se caracteriza por su esp\u00edritu de servicio, cercan\u00eda con la ciudadan\u00eda y vocaci\u00f3n por el trabajo comunitario, cualidades que han permitido que distintos sectores sociales vean en ella una alternativa de liderazgo para el futuro del cant\u00f3n. Lizbeth Moreno representa adem\u00e1s a una nueva generaci\u00f3n de mujeres l\u00edderes, que creen en la participaci\u00f3n ciudadana y en una pol\u00edtica cercana a las necesidades de la gente. A su perfil humano se suma una s\u00f3lida formaci\u00f3n profesional: es Ingeniera en Geolog\u00eda Ambiental y Ordenamiento Territorial, graduada en la Universidad Nacional de Loja, preparaci\u00f3n que le permite aportar con una visi\u00f3n t\u00e9cnica en \u00e1reas clave para el desarrollo de Paquisha. Su conocimiento en planificaci\u00f3n territorial contribuir\u00e1 a impulsar una responsable, ordenada y sostenible, generando oportunidades de trabajo y desarrollo econ\u00f3mico, sin descuidar la protecci\u00f3n del ambiente. Las organizaciones promotoras se\u00f1alan que esta iniciativa nace desde la ciudadan\u00eda, como una muestra de confianza en una joven profesional que conoce la realidad del cant\u00f3n y que puede aportar con una visi\u00f3n responsable para su desarrollo. Con esta propuesta, Paquisha abre las puertas a liderazgos j\u00f3venes, preparados y comprometidos, orientados a construir un cant\u00f3n con mayores oportunidades, mejor planificaci\u00f3n y progreso inclusivo para todos sus habitantes. Esta precandidatura representa un llamado a la renovaci\u00f3n y al fortalecimiento de la gesti\u00f3n municipal desde las bases sociales del cant\u00f3n.<\/p>\n","protected":false},"author":1,"featured_media":29821,"comment_status":"closed","ping_status":"closed","sticky":false,"template":"","format":"standard","meta":{"footnotes":""},"categories":[243],"tags":[],"class_list":["post-29820","post","type-post","status-publish","format-standard","has-post-thumbnail","hentry","category-noticias-zamora"],"_links":{"self":[{"href":"https:\/\/www.elamazonico.com\/portal\/wp-json\/wp\/v2\/posts\/29820","targetHints":{"allow":["GET"]}}],"collection":[{"href":"https:\/\/www.elamazonico.com\/portal\/wp-json\/wp\/v2\/posts"}],"about":[{"href":"https:\/\/www.elamazonico.com\/portal\/wp-json\/wp\/v2\/types\/post"}],"author":[{"embeddable":true,"href":"https:\/\/www.elamazonico.com\/portal\/wp-json\/wp\/v2\/users\/1"}],"replies":[{"embeddable":true,"href":"https:\/\/www.elamazonico.com\/portal\/wp-json\/wp\/v2\/comments?post=29820"}],"version-history":[{"count":2,"href":"https:\/\/www.elamazonico.com\/portal\/wp-json\/wp\/v2\/posts\/29820\/revisions"}],"predecessor-version":[{"id":29824,"href":"https:\/\/www.elamazonico.com\/portal\/wp-json\/wp\/v2\/posts\/29820\/revisions\/29824"}],"wp:featuredmedia":[{"embeddable":true,"href":"https:\/\/www.elamazonico.com\/portal\/wp-json\/wp\/v2\/media\/29821"}],"wp:attachment":[{"href":"https:\/\/www.elamazonico.com\/portal\/wp-json\/wp\/v2\/media?parent=29820"}],"wp:term":[{"taxonomy":"category","embeddable":true,"href":"https:\/\/www.elamazonico.com\/portal\/wp-json\/wp\/v2\/categories?post=29820"},{"taxonomy":"post_tag","embeddable":true,"href":"https:\/\/www.elamazonico.com\/portal\/wp-json\/wp\/v2\/tags?post=29820"}],"curies":[{"name":"wp","href":"https:\/\/api.w.org\/{rel}","templated":true}]}}