{"id":29817,"date":"2026-03-09T08:00:29","date_gmt":"2026-03-09T13:00:29","guid":{"rendered":"https:\/\/www.elamazonico.com\/portal\/?p=29817"},"modified":"2026-03-09T08:00:39","modified_gmt":"2026-03-09T13:00:39","slug":"serbio-jezdimir-srdan-fiscal-dio-un-giro-se-abstuvo-de-acusar-a-7-miembros-en-el-caso-operacion-finisterra","status":"publish","type":"post","link":"https:\/\/www.elamazonico.com\/portal\/serbio-jezdimir-srdan-fiscal-dio-un-giro-se-abstuvo-de-acusar-a-7-miembros-en-el-caso-operacion-finisterra\/","title":{"rendered":"Serbio Jezdimir Srdan: Fiscal dio un giro se abstuvo de acusar a 7 miembros en el caso &#8216;Operaci\u00f3n Finisterra\u2019"},"content":{"rendered":"<div class=\"paragraph texto\">\n<p class=\"p_0\">El jueves 26 de febrero, a las cuatro de la tarde, la fiscal que investiga\u00a0<b>delitos transnacionales<\/b>, Janneth Cueva, emiti\u00f3 un\u00a0<b>dictamen sorpresivo<\/b>. El documento se\u00a0<b>abstiene de acusar a 7 de los 16<\/b>\u00a0procesados en el caso de\u00a0<b>delincuencia organizada<\/b>, que se sigue en contra de la estructura delictiva, liderada por el ciudadano serbio\u00a0<b><a href=\"https:\/\/www.vistazo.com\/actualidad\/nacional\/2026-01-15-judicatura-suspendio-tres-meses-juez-lidero-alias-odin-jezdimir-srdan-ND10641804\">Jezdimir Srdan<\/a><\/b>.<\/p>\n<p class=\"p_2\">Esta red es investigada hace tres a\u00f1os, entre agentes\u00a0<a href=\"https:\/\/www.vistazo.com\/cronologia\/-\/meta\/drogas-ecuador\">antidrogas<\/a>\u00a0de Ecuador y varios pa\u00edses europeos. Con base en abundantes elementos probatorios, los investigadores sostienen que el grupo delincuencial es responsable de enviar casi\u00a0<b>diez toneladas<\/b>\u00a0de coca\u00edna a Europa, entre\u00a0<b>2019 y 2020<\/b>.<\/p>\n<p class=\"p_3\">El caso es conocido como \u2018<b>Operaci\u00f3n Finisterra\u2019<\/b>. Se trata de una investigaci\u00f3n de enorme trascendencia, desarrollada por unidades especializadas de la\u00a0<b>Polic\u00eda nacional<\/b>, con cooperaci\u00f3n internacional de varios pa\u00edses, en particular, de Francia.<\/p>\n<div>\n<div class=\"trv-player-container\">\n<div class=\"trv-wrapper\">\n<div id=\"br_video_player_316ec1ab7d94c1a782dd0a57f46b525a7a4d6079\" class=\"trvd_video_player trvdinstream\">\n<div class=\"media-player\">\n<div class=\"trv-video\">\n<div id=\"truvid_ima_container72461\" class=\"truvid_ima_container trv-ima-container-hidden\">\n<div>Gracias a esta investigaci\u00f3n transnacional lograron desarticular la red de env\u00edo de drogas hacia <b>puertos europeos<\/b>, a partir de\u00a0<b>contenedores<\/b>\u00a0con frutas y productos de mar,\u00a0<b>contaminados con coca\u00edna<\/b>. Para apuntalar su esquema de\u00a0<b>simulaci\u00f3n financiera<\/b>\u00a0compraron, en unos casos, y crearon, en otros, empresas para exportar productos para simular ventas legales al exterior. Para ello, contaron con la\u00a0<b>colaboraci\u00f3n de polic\u00edas<\/b>\u00a0y\u00a0<b>trabajadores<\/b>\u00a0en varios puertos de Guayaquil y otros pa\u00edses.<\/div>\n<\/div>\n<\/div>\n<\/div>\n<\/div>\n<\/div>\n<\/div>\n<\/div>\n<\/div>\n<h2 class=\"h2vistazo\">Dictamen abstentivo<\/h2>\n<div class=\"paragraph texto\">\n<p class=\"p_6\">La fiscal Cueva emiti\u00f3 su dictamen abstentivo\u00a0<b>pocos d\u00edas antes<\/b>\u00a0del inicio de la\u00a0<b>audiencia de evaluaci\u00f3n y preparatoria de juicio<\/b>\u00a0en contra de\u00a0<b>Jezdimir Srdan<\/b>\u00a0y otros 15 procesados en el caso de delincuencia organizada. Esta diligencia estaba prevista para el jueves 5 de marzo.<\/p>\n<p class=\"p_8\">Por pedido de la fiscal y de uno de los abogados defensores, la audiencia qued\u00f3 prevista para\u00a0<b>hoy<\/b>,\u00a0<b>lunes 9 de marzo<\/b>, a las 08h30. De no presentarse incidentes debe empezar este d\u00eda.<\/p>\n<p class=\"p_9\">Poco despu\u00e9s del dictamen abstentivo, el juez de la unidad anticorrupci\u00f3n emiti\u00f3 el\u00a0<b>auto de sobreseimiento<\/b>\u00a0a favor de los\u00a0<b>7 procesados<\/b>. Esto ocurri\u00f3 a inicios de marzo. En consecuencia, el juez anticorrupci\u00f3n\u00a0<b>Sebasti\u00e1n Cornejo<\/b>\u00a0dispuso el levantamiento de las\u00a0<b>medidas cautelares\u00a0<\/b>y la\u00a0<b>emisi\u00f3n de boletas de excarcelaci\u00f3n,<\/b>\u00a0siempre y cuando no se encuentren a \u00f3rdenes de otra autoridad jurisdiccional.<\/p>\n<p class=\"p_10\">Seis de ellos se encontraban\u00a0<b>privados de la libertad\u00a0<\/b>al momento de la emisi\u00f3n del dictamen abstentivo. Y sobre el empresario pesaba la\u00a0<b>prohibici\u00f3n de salir<\/b>\u00a0del pa\u00eds y la orden de\u00a0<b>presentaci\u00f3n peri\u00f3dica<\/b>\u00a0ante la autoridad.<\/p>\n<\/div>\n<h2 class=\"h2vistazo\">Cambio de fiscales de Unidot<\/h2>\n<div class=\"paragraph texto\">\n<p class=\"p_11\">El proceso investigativo empez\u00f3 en 2023. El fiscal a cargo de la Fiscal\u00eda Unidot 10, que persigue delitos transnacionales,\u00a0<b>Galiano Balc\u00e1zar<\/b>\u00a0lider\u00f3 el proceso hasta fines de noviembre de 2025. Fue notificado de su relevo el 28 de noviembre, con el argumento de una\u00a0<b>renovaci\u00f3n institucional<\/b>.<\/p>\n<p class=\"p_13\">Por esos d\u00edas, varias oficinas de Unidot fueron reestructuradas por decisi\u00f3n del flamante fiscal general\u00a0<b>Leonardo Alarc\u00f3n<\/b>. \u00c9l sucedi\u00f3 en el cargo a\u00a0<b>Wilson Toainga,\u00a0<\/b>quien fue enviado a la\u00a0<b>unidad de G\u00e9nero,<\/b>\u00a0en Machachi.<\/p>\n<p class=\"p_14\">Como consecuencia, algunos fiscales de Unidot, con muchos a\u00f1os de experiencia en investigar al crimen organizado transnacional,\u00a0<b>fueron trasladados<\/b>\u00a0a otras dependencias dentro de la misma instituci\u00f3n. Incluso, a parroquias rurales o a cantones distantes de Quito.<\/p>\n<p class=\"p_15\">La doctora Cueva se hizo cargo de Unidot 10 en diciembre pasado. Pocos d\u00edas despu\u00e9s de asumir el despacho, vincul\u00f3 a\u00a0<b>4 personas<\/b>\u00a0al\u00a0<b>expediente<\/b>\u00a0por delincuencia organizada, que hasta entonces ten\u00eda a 12 procesados. De este modo, el total de personas vinculadas subi\u00f3 a 16.<\/p>\n<p class=\"p_16\">No obstante, el dictamen abstentivo de fines de febrero redujo el n\u00famero de<b>\u00a0procesados a 9<\/b>.<\/p>\n<p class=\"p_17\">Pero, \u00bf<b>Qui\u00e9nes son y qu\u00e9 rol habr\u00edan tenido\u00a0<\/b>en la estructura? Esta alianza lo revela a continuaci\u00f3n.<\/p>\n<\/div>\n<h2 class=\"h2vistazo\">Los siete que no ir\u00e1n a juicio<\/h2>\n<div class=\"paragraph texto\">\n<p class=\"p_18\">Las siete personas que recibieron dictamen abstentivo por parte de la Fiscal y auto de sobreseimiento por parte del juez anticorrupci\u00f3n pertenecen al\u00a0<b>c\u00edrculo log\u00edstico de la red<\/b>, pudo conocer esta alianza a partir de\u00a0<b>entrevistas con los agentes<\/b>\u00a0que vienen investigando el caso. En suma, se trata de quienes transportaron los cargamentos con la droga, o la escondieron en los contenedores, desde los cuales fue enviada por el Pac\u00edfico hacia los puertos europeos.<\/p>\n<p class=\"p_19\"><b>LEA TAMBI\u00c9N |\u00a0<a href=\"https:\/\/www.vistazo.com\/politica\/nacional\/2026-02-23-andres-arauz-niega-utilizado-auto-narco-serbio-me-buscan-silenciar-JO10695149\">Andr\u00e9s Arauz niega que haya utilizado auto de un narco serbio: &#8216;Me buscan silenciar&#8217;<\/a><\/b><\/p>\n<p class=\"p_20\">A este grupo se suma un\u00a0<b>empresario<\/b>, directivo de una industria que empacaba at\u00fan en latas para exportaci\u00f3n. La compa\u00f1\u00eda se encuentra actualmente en fase de\u00a0<b>disoluci\u00f3n<\/b>. Las autoridades detectaron al menos tres env\u00edos de coca\u00edna escondida en las latas de alimento. Los directivos de la\u00a0<b>entidad privada<\/b>\u00a0deslindaron responsabilidades y aseguraron que el producto fue contaminado\u00a0<b>fuera<\/b>\u00a0de sus instalaciones.<\/p>\n<p class=\"p_21\">El argumento de Fiscal\u00eda menciona que estas personas\u00a0<b>no intervinieron en la totalidad<\/b>\u00a0de los eventos que motivan el proceso penal.<\/p>\n<p class=\"p_22\"><b>1. Luis L<\/b>. Junto con otras dos personas, fue sorprendido por el control de c\u00e1maras en el puerto de Contecon contaminando un contenedor con ocho sacos de yute con franjas rosado, negro y celeste. Conten\u00edan 573 mil gramos de coca\u00edna. El hecho ocurri\u00f3 en mayo de 2020. En su defensa argument\u00f3 que ya fue procesado por esa causa.<\/p>\n<p class=\"p_23\">Seg\u00fan el dictamen abstentivo, no particip\u00f3 en los diez eventos se\u00f1alados en el proceso penal. Cumpl\u00eda prisi\u00f3n en CPL 1 Guayas.<\/p>\n<p class=\"p_24\"><b>2. Gabriel P<\/b>.Fue uno de los tres empleados portuarios que fueron capturados cuando contaminaban el contenedor en mayo de 2020.<\/p>\n<p class=\"p_25\">Seg\u00fan el dictamen abstentivo, no particip\u00f3 en todos los eventos se\u00f1alados en el proceso. Cumpl\u00eda prisi\u00f3n en CPL 1 Guayas.<\/p>\n<p class=\"p_26\"><b>3. Miguel F<\/b>. El 3 de junio de 2020 fue sorprendido transportando un contenedor que ten\u00eda ocultos en el piso 423 mil grados de coca\u00edna, con la inscripci\u00f3n \u2018Holly\u2019.<\/p>\n<p class=\"p_27\">El argumento del dictamen abstentivo menciona que no particip\u00f3 en todos los eventos se\u00f1alados en el proceso. Cumpl\u00eda prisi\u00f3n en CPL 1 Guayas.<\/p>\n<p class=\"p_28\"><b>4. Darwin T.<\/b>\u00a0Se encontraba en el transporte (cabezal) que llevaba este contenedor.<\/p>\n<p class=\"p_29\">Seg\u00fan el dictamen abstentivo, ya fue sentenciado por este hecho, y se encontraba cumpliendo una pena de 13 a\u00f1os por narcotr\u00e1fico.<\/p>\n<p class=\"p_30\"><b>5. Ram\u00f3n Z.<\/b>\u00a0Estaba en el veh\u00edculo pesado que transportaba el mencionado contenedor.<\/p>\n<p class=\"p_31\">Seg\u00fan el dictamen abstentivo, no particip\u00f3 en la totalidad de hechos se\u00f1alados en el proceso. Cumpl\u00eda pena en el CPL 1 Guayas.<\/p>\n<p class=\"p_32\"><b>6. William T.<\/b>\u00a0Conduc\u00eda el furg\u00f3n blanco con caj\u00f3n de madera cubierto con carpa, en el cual se escond\u00edan 474 mil gramos. Esto ocurri\u00f3 el 12 de diciembre de 2020.<\/p>\n<p class=\"p_33\">Seg\u00fan el dictamen abstentivo, no particip\u00f3 en la totalidad de acontecimientos se\u00f1alados en el proceso.<\/p>\n<p class=\"p_34\"><b>7. Miguel A.<\/b>\u00a0El empresario que trabaja en la industria pesquera que envi\u00f3 1,5 millones de gramos de coca\u00edna al interior de latas de at\u00fan recibi\u00f3 dictamen abstentivo.<\/p>\n<p class=\"p_35\">Seg\u00fan el pronunciamiento fiscal, no se puede asociar su identidad con los seud\u00f3nimos de \u2018Rafa\u2019, \u2018Rat\u00f3n\u2019 o \u2018Speedy\u2019. Con estos tres nombres se identifica, en m\u00faltiples chats en la plataforma SKY ECC, al colaborador de la estructura que contaminaba el cargamento de at\u00fan con droga.<\/p>\n<p class=\"p_36\">En todos los casos no hay elementos que determinen la responsabilidad de las personas en el delito investigado, seg\u00fan el dictamen fiscal.<\/p>\n<\/div>\n<h2 class=\"h2vistazo\">Las consecuencias<\/h2>\n<div class=\"paragraph texto\">\n<p class=\"p_37\">El proceso habr\u00eda perdido continuidad t\u00e9cnica y estrat\u00e9gica en la investigaci\u00f3n, tras el cambio de fiscales, advirtieron fuentes cercanas al caso.<\/p>\n<p class=\"p_38\">La decisi\u00f3n de abstenerse de acusar podr\u00eda ser\u00a0<b>objeto de an\u00e1lisis<\/b>\u00a0y\u00a0<b>cuestionamiento jur\u00eddico<\/b>, particularmente en lo relativo a la interpretaci\u00f3n del tipo penal de\u00a0<b>delincuencia organizada<\/b>, que se fundamenta en la valoraci\u00f3n de todos los\u00a0<b>elementos de convicci\u00f3n<\/b>\u00a0existentes en el proceso. En particular, una\u00a0<b>asistencia penal<\/b>\u00a0permiti\u00f3 desencriptar\u00a0<b>miles de mensajes, con textos y fotos,<\/b>\u00a0entre todos los miembros de la estructura delictiva. En ellos, hablan de env\u00edos, cargamentos, compra de empresas para camuflar las actividades ilegales. A la cabeza, estaba\u00a0<b>\u2018Brate\u2019<\/b>, que en serbio significa \u2018hermano\u2019.<\/p>\n<p class=\"p_39\">En cientos de mensajes se refleja que se trata de una estructura compleja con\u00a0<b>operadores empresariales<\/b>, empacadores de frutas, conductores,\u00a0<b>trabajadores del puerto<\/b>\u00a0encargados de la contaminaci\u00f3n y\u00a0<b>autoridades de la Polic\u00eda<\/b>\u00a0que tomaban decisiones sobre la revisi\u00f3n de los contenedores.<\/p>\n<p class=\"p_40\">Esta alianza conoci\u00f3 que agencias de cooperaci\u00f3n policial de la\u00a0<b>Uni\u00f3n Europea<\/b>\u00a0est\u00e1n preocupadas por el desarrollo de este proceso. Esto, debido a la comprobada capacidad del serbio Srdan de\u00a0<b>buscar impunidad<\/b>\u00a0por todos los medios.<\/p>\n<p class=\"p_41\">De hecho, en el proceso por\u00a0<b>lavado de activos<\/b>, contra el mismo serbio, el acusado intent\u00f3 intimidar al juez anticorrupci\u00f3n\u00a0<b>Carlos Serrano<\/b>, durante la audiencia de juicio. Serrano recibi\u00f3, adem\u00e1s, el pedido de un alto funcionario del\u00a0<b>Consejo de la Judicatura<\/b>\u00a0para direccionar su pronunciamiento en este caso. Al no acceder, su\u00a0<b>protecci\u00f3n personal<\/b>\u00a0fue retirada. Por ello, a mediados de diciembre, Serrano sali\u00f3 del pa\u00eds y\u00a0<b>denunci\u00f3 las presiones<\/b>. Reci\u00e9n el primer fin de semana de marzo el Consejo de la Judicatura acept\u00f3\u00a0<b>su renuncia<\/b>.<\/p>\n<p class=\"p_42\">Para entonces, el serbio\u00a0<b>Jezdimir Srdan<\/b>\u00a0fue sentenciado a diez a\u00f1os de prisi\u00f3n por\u00a0<b>lavado de activos<\/b>.<\/p>\n<p class=\"p_43\">La denuncia de Serrano motiv\u00f3 una\u00a0<b>crisis institucional<\/b>\u00a0sin precedentes en la funci\u00f3n judicial y deriv\u00f3 en la salida de\u00a0<b>Mario Godoy<\/b>\u00a0de la presidencia del Consejo de la Judicatura. El funcionario que habr\u00eda presionado a Serrano era su\u00a0<b>mano derecha<\/b> en ese organismo. <strong>Fuente: Vistazo<\/strong><\/p>\n<\/div>\n","protected":false},"excerpt":{"rendered":"<p>El jueves 26 de febrero, a las cuatro de la tarde, la fiscal que investiga\u00a0delitos transnacionales, Janneth Cueva, emiti\u00f3 un\u00a0dictamen sorpresivo. El documento se\u00a0abstiene de acusar a 7 de los 16\u00a0procesados en el caso de\u00a0delincuencia organizada, que se sigue en contra de la estructura delictiva, liderada por el ciudadano serbio\u00a0Jezdimir Srdan. Esta red es investigada hace tres a\u00f1os, entre agentes\u00a0antidrogas\u00a0de Ecuador y varios pa\u00edses europeos. Con base en abundantes elementos probatorios, los investigadores sostienen que el grupo delincuencial es responsable de enviar casi\u00a0diez toneladas\u00a0de coca\u00edna a Europa, entre\u00a02019 y 2020. El caso es conocido como \u2018Operaci\u00f3n Finisterra\u2019. Se trata de una investigaci\u00f3n de enorme trascendencia, desarrollada por unidades especializadas de la\u00a0Polic\u00eda nacional, con cooperaci\u00f3n internacional de varios pa\u00edses, en particular, de Francia. Gracias a esta investigaci\u00f3n transnacional lograron desarticular la red de env\u00edo de drogas hacia puertos europeos, a partir de\u00a0contenedores\u00a0con frutas y productos de mar,\u00a0contaminados con coca\u00edna. Para apuntalar su esquema de\u00a0simulaci\u00f3n financiera\u00a0compraron, en unos casos, y crearon, en otros, empresas para exportar productos para simular ventas legales al exterior. Para ello, contaron con la\u00a0colaboraci\u00f3n de polic\u00edas\u00a0y\u00a0trabajadores\u00a0en varios puertos de Guayaquil y otros pa\u00edses. Dictamen abstentivo La fiscal Cueva emiti\u00f3 su dictamen abstentivo\u00a0pocos d\u00edas antes\u00a0del inicio de la\u00a0audiencia de evaluaci\u00f3n y preparatoria de juicio\u00a0en contra de\u00a0Jezdimir Srdan\u00a0y otros 15 procesados en el caso de delincuencia organizada. Esta diligencia estaba prevista para el jueves 5 de marzo. Por pedido de la fiscal y de uno de los abogados defensores, la audiencia qued\u00f3 prevista para\u00a0hoy,\u00a0lunes 9 de marzo, a las 08h30. De no presentarse incidentes debe empezar este d\u00eda. Poco despu\u00e9s del dictamen abstentivo, el juez de la unidad anticorrupci\u00f3n emiti\u00f3 el\u00a0auto de sobreseimiento\u00a0a favor de los\u00a07 procesados. Esto ocurri\u00f3 a inicios de marzo. En consecuencia, el juez anticorrupci\u00f3n\u00a0Sebasti\u00e1n Cornejo\u00a0dispuso el levantamiento de las\u00a0medidas cautelares\u00a0y la\u00a0emisi\u00f3n de boletas de excarcelaci\u00f3n,\u00a0siempre y cuando no se encuentren a \u00f3rdenes de otra autoridad jurisdiccional. Seis de ellos se encontraban\u00a0privados de la libertad\u00a0al momento de la emisi\u00f3n del dictamen abstentivo. Y sobre el empresario pesaba la\u00a0prohibici\u00f3n de salir\u00a0del pa\u00eds y la orden de\u00a0presentaci\u00f3n peri\u00f3dica\u00a0ante la autoridad. Cambio de fiscales de Unidot El proceso investigativo empez\u00f3 en 2023. El fiscal a cargo de la Fiscal\u00eda Unidot 10, que persigue delitos transnacionales,\u00a0Galiano Balc\u00e1zar\u00a0lider\u00f3 el proceso hasta fines de noviembre de 2025. Fue notificado de su relevo el 28 de noviembre, con el argumento de una\u00a0renovaci\u00f3n institucional. Por esos d\u00edas, varias oficinas de Unidot fueron reestructuradas por decisi\u00f3n del flamante fiscal general\u00a0Leonardo Alarc\u00f3n. \u00c9l sucedi\u00f3 en el cargo a\u00a0Wilson Toainga,\u00a0quien fue enviado a la\u00a0unidad de G\u00e9nero,\u00a0en Machachi. Como consecuencia, algunos fiscales de Unidot, con muchos a\u00f1os de experiencia en investigar al crimen organizado transnacional,\u00a0fueron trasladados\u00a0a otras dependencias dentro de la misma instituci\u00f3n. Incluso, a parroquias rurales o a cantones distantes de Quito. La doctora Cueva se hizo cargo de Unidot 10 en diciembre pasado. Pocos d\u00edas despu\u00e9s de asumir el despacho, vincul\u00f3 a\u00a04 personas\u00a0al\u00a0expediente\u00a0por delincuencia organizada, que hasta entonces ten\u00eda a 12 procesados. De este modo, el total de personas vinculadas subi\u00f3 a 16. No obstante, el dictamen abstentivo de fines de febrero redujo el n\u00famero de\u00a0procesados a 9. Pero, \u00bfQui\u00e9nes son y qu\u00e9 rol habr\u00edan tenido\u00a0en la estructura? Esta alianza lo revela a continuaci\u00f3n. Los siete que no ir\u00e1n a juicio Las siete personas que recibieron dictamen abstentivo por parte de la Fiscal y auto de sobreseimiento por parte del juez anticorrupci\u00f3n pertenecen al\u00a0c\u00edrculo log\u00edstico de la red, pudo conocer esta alianza a partir de\u00a0entrevistas con los agentes\u00a0que vienen investigando el caso. En suma, se trata de quienes transportaron los cargamentos con la droga, o la escondieron en los contenedores, desde los cuales fue enviada por el Pac\u00edfico hacia los puertos europeos. LEA TAMBI\u00c9N |\u00a0Andr\u00e9s Arauz niega que haya utilizado auto de un narco serbio: &#8216;Me buscan silenciar&#8217; A este grupo se suma un\u00a0empresario, directivo de una industria que empacaba at\u00fan en latas para exportaci\u00f3n. La compa\u00f1\u00eda se encuentra actualmente en fase de\u00a0disoluci\u00f3n. Las autoridades detectaron al menos tres env\u00edos de coca\u00edna escondida en las latas de alimento. Los directivos de la\u00a0entidad privada\u00a0deslindaron responsabilidades y aseguraron que el producto fue contaminado\u00a0fuera\u00a0de sus instalaciones. El argumento de Fiscal\u00eda menciona que estas personas\u00a0no intervinieron en la totalidad\u00a0de los eventos que motivan el proceso penal. 1. Luis L. Junto con otras dos personas, fue sorprendido por el control de c\u00e1maras en el puerto de Contecon contaminando un contenedor con ocho sacos de yute con franjas rosado, negro y celeste. Conten\u00edan 573 mil gramos de coca\u00edna. El hecho ocurri\u00f3 en mayo de 2020. En su defensa argument\u00f3 que ya fue procesado por esa causa. Seg\u00fan el dictamen abstentivo, no particip\u00f3 en los diez eventos se\u00f1alados en el proceso penal. Cumpl\u00eda prisi\u00f3n en CPL 1 Guayas. 2. Gabriel P.Fue uno de los tres empleados portuarios que fueron capturados cuando contaminaban el contenedor en mayo de 2020. Seg\u00fan el dictamen abstentivo, no particip\u00f3 en todos los eventos se\u00f1alados en el proceso. Cumpl\u00eda prisi\u00f3n en CPL 1 Guayas. 3. Miguel F. El 3 de junio de 2020 fue sorprendido transportando un contenedor que ten\u00eda ocultos en el piso 423 mil grados de coca\u00edna, con la inscripci\u00f3n \u2018Holly\u2019. El argumento del dictamen abstentivo menciona que no particip\u00f3 en todos los eventos se\u00f1alados en el proceso. Cumpl\u00eda prisi\u00f3n en CPL 1 Guayas. 4. Darwin T.\u00a0Se encontraba en el transporte (cabezal) que llevaba este contenedor. Seg\u00fan el dictamen abstentivo, ya fue sentenciado por este hecho, y se encontraba cumpliendo una pena de 13 a\u00f1os por narcotr\u00e1fico. 5. Ram\u00f3n Z.\u00a0Estaba en el veh\u00edculo pesado que transportaba el mencionado contenedor. Seg\u00fan el dictamen abstentivo, no particip\u00f3 en la totalidad de hechos se\u00f1alados en el proceso. Cumpl\u00eda pena en el CPL 1 Guayas. 6. William T.\u00a0Conduc\u00eda el furg\u00f3n blanco con caj\u00f3n de madera cubierto con carpa, en el cual se escond\u00edan 474 mil gramos. Esto ocurri\u00f3 el 12 de diciembre de 2020. Seg\u00fan el dictamen abstentivo, no particip\u00f3 en la totalidad de acontecimientos se\u00f1alados en el proceso. 7. Miguel A.\u00a0El empresario que trabaja en la industria pesquera que envi\u00f3 1,5 millones de gramos de coca\u00edna al interior de latas<\/p>\n","protected":false},"author":1,"featured_media":29818,"comment_status":"closed","ping_status":"closed","sticky":false,"template":"","format":"standard","meta":{"footnotes":""},"categories":[268],"tags":[],"class_list":["post-29817","post","type-post","status-publish","format-standard","has-post-thumbnail","hentry","category-nacionales"],"_links":{"self":[{"href":"https:\/\/www.elamazonico.com\/portal\/wp-json\/wp\/v2\/posts\/29817","targetHints":{"allow":["GET"]}}],"collection":[{"href":"https:\/\/www.elamazonico.com\/portal\/wp-json\/wp\/v2\/posts"}],"about":[{"href":"https:\/\/www.elamazonico.com\/portal\/wp-json\/wp\/v2\/types\/post"}],"author":[{"embeddable":true,"href":"https:\/\/www.elamazonico.com\/portal\/wp-json\/wp\/v2\/users\/1"}],"replies":[{"embeddable":true,"href":"https:\/\/www.elamazonico.com\/portal\/wp-json\/wp\/v2\/comments?post=29817"}],"version-history":[{"count":1,"href":"https:\/\/www.elamazonico.com\/portal\/wp-json\/wp\/v2\/posts\/29817\/revisions"}],"predecessor-version":[{"id":29819,"href":"https:\/\/www.elamazonico.com\/portal\/wp-json\/wp\/v2\/posts\/29817\/revisions\/29819"}],"wp:featuredmedia":[{"embeddable":true,"href":"https:\/\/www.elamazonico.com\/portal\/wp-json\/wp\/v2\/media\/29818"}],"wp:attachment":[{"href":"https:\/\/www.elamazonico.com\/portal\/wp-json\/wp\/v2\/media?parent=29817"}],"wp:term":[{"taxonomy":"category","embeddable":true,"href":"https:\/\/www.elamazonico.com\/portal\/wp-json\/wp\/v2\/categories?post=29817"},{"taxonomy":"post_tag","embeddable":true,"href":"https:\/\/www.elamazonico.com\/portal\/wp-json\/wp\/v2\/tags?post=29817"}],"curies":[{"name":"wp","href":"https:\/\/api.w.org\/{rel}","templated":true}]}}