{"id":29811,"date":"2026-03-09T07:27:52","date_gmt":"2026-03-09T12:27:52","guid":{"rendered":"https:\/\/www.elamazonico.com\/portal\/?p=29811"},"modified":"2026-03-09T07:27:52","modified_gmt":"2026-03-09T12:27:52","slug":"pervis-estupinan-marco-en-el-derby-y-le-dio-el-triunfo-al-ac-milan","status":"publish","type":"post","link":"https:\/\/www.elamazonico.com\/portal\/pervis-estupinan-marco-en-el-derby-y-le-dio-el-triunfo-al-ac-milan\/","title":{"rendered":"Pervis Estupi\u00f1\u00e1n marc\u00f3 en el Derby y le dio el triunfo al AC Milan"},"content":{"rendered":"<div class=\"top md:col-span-2 mb-4\">\n<div class=\"flex flex-wrap\">\n<div class=\"basis-full md:basis-2\/5 z-100 content-center p-1\">\n<div class=\"story-introtext afacad-flux font-light text-base md:ml-6 pb-2\">El ecuatoriano Pervis Estupi\u00f1\u00e1n fue el gran protagonista del Derby della Madonnina al marcar el \u00fanico gol con el que AC Milan derrot\u00f3 1-0 al Inter de Mil\u00e1n en San Siro.<\/div>\n<\/div>\n<\/div>\n<\/div>\n<div class=\"body md:order-3 lg:col-span-2 xl:col-span-1 afacad-flux font-normal text-lg px-2\">\n<div class=\"hidden md:block afacad-flux font-light text-sm md:text-base text-[#929497] border-b-1 border-b-gray-300 pb-2 mb-2\">Estupi\u00f1\u00e1n marc\u00f3 el \u00fanico tanto en la victoria del Milan sobre Inter<\/div>\n<p>El tricolor\u00a0<strong>Pervis Estupi\u00f1\u00e1n<\/strong>\u00a0fue figura este domingo en el\u00a0<strong>Derby della Madonnina<\/strong>\u00a0al marcar el \u00fanico gol con el que\u00a0<strong>AC Milan<\/strong>\u00a0venci\u00f3\u00a0<strong>1-0 al Inter de Mil\u00e1n<\/strong>\u00a0en el estadio\u00a0<strong>San Siro<\/strong>, por la jornada 28 de la\u00a0<strong>Serie A<\/strong>. El lateral tricolor arranc\u00f3 como titular y resolvi\u00f3 el cl\u00e1sico con una aparici\u00f3n determinante en el primer tiempo.<\/p>\n<p>El tanto lleg\u00f3 a los\u00a0<strong>35 minutos<\/strong>, cuando Estupi\u00f1\u00e1n recibi\u00f3 un pase de\u00a0<strong>Youssouf Fofana<\/strong>\u00a0y sac\u00f3 un potente remate de zurda que super\u00f3 al arquero\u00a0<strong>Yann Sommer<\/strong>. El gol signific\u00f3 adem\u00e1s el\u00a0<strong>primero del ecuatoriano con la camiseta rossonera<\/strong>, en un partido de m\u00e1xima exigencia y frente al l\u00edder del campeonato italiano.<\/p>\n<p>La victoria permiti\u00f3 al\u00a0<strong>Milan<\/strong>\u00a0llegar a\u00a0<strong>60 puntos<\/strong>\u00a0y recortar distancias con el\u00a0<strong>Inter<\/strong>, que se mantiene en la cima con\u00a0<strong>67 unidades<\/strong>. El resultado tambi\u00e9n dej\u00f3 un dato especial: el conjunto rossonero complet\u00f3 su\u00a0<strong>primer doblete de triunfos sobre Inter en una misma temporada de Serie A desde 2011<\/strong>.<\/p>\n<p>Con una actuaci\u00f3n s\u00f3lida y decisiva, Estupi\u00f1\u00e1n volvi\u00f3 a dejar en alto el nombre de Ecuador en una de las vitrinas m\u00e1s importantes del f\u00fatbol europeo. Su gol no solo defini\u00f3 uno de los partidos m\u00e1s emblem\u00e1ticos de Italia, sino que tambi\u00e9n reforz\u00f3 su protagonismo en una temporada en la que empieza a ganar peso dentro del esquema del Milan. <strong>Fuente: El Tel\u00e9grafo<\/strong><\/p>\n<\/div>\n","protected":false},"excerpt":{"rendered":"<p>El ecuatoriano Pervis Estupi\u00f1\u00e1n fue el gran protagonista del Derby della Madonnina al marcar el \u00fanico gol con el que AC Milan derrot\u00f3 1-0 al Inter de Mil\u00e1n en San Siro. Estupi\u00f1\u00e1n marc\u00f3 el \u00fanico tanto en la victoria del Milan sobre Inter El tricolor\u00a0Pervis Estupi\u00f1\u00e1n\u00a0fue figura este domingo en el\u00a0Derby della Madonnina\u00a0al marcar el \u00fanico gol con el que\u00a0AC Milan\u00a0venci\u00f3\u00a01-0 al Inter de Mil\u00e1n\u00a0en el estadio\u00a0San Siro, por la jornada 28 de la\u00a0Serie A. El lateral tricolor arranc\u00f3 como titular y resolvi\u00f3 el cl\u00e1sico con una aparici\u00f3n determinante en el primer tiempo. El tanto lleg\u00f3 a los\u00a035 minutos, cuando Estupi\u00f1\u00e1n recibi\u00f3 un pase de\u00a0Youssouf Fofana\u00a0y sac\u00f3 un potente remate de zurda que super\u00f3 al arquero\u00a0Yann Sommer. El gol signific\u00f3 adem\u00e1s el\u00a0primero del ecuatoriano con la camiseta rossonera, en un partido de m\u00e1xima exigencia y frente al l\u00edder del campeonato italiano. La victoria permiti\u00f3 al\u00a0Milan\u00a0llegar a\u00a060 puntos\u00a0y recortar distancias con el\u00a0Inter, que se mantiene en la cima con\u00a067 unidades. El resultado tambi\u00e9n dej\u00f3 un dato especial: el conjunto rossonero complet\u00f3 su\u00a0primer doblete de triunfos sobre Inter en una misma temporada de Serie A desde 2011. Con una actuaci\u00f3n s\u00f3lida y decisiva, Estupi\u00f1\u00e1n volvi\u00f3 a dejar en alto el nombre de Ecuador en una de las vitrinas m\u00e1s importantes del f\u00fatbol europeo. Su gol no solo defini\u00f3 uno de los partidos m\u00e1s emblem\u00e1ticos de Italia, sino que tambi\u00e9n reforz\u00f3 su protagonismo en una temporada en la que empieza a ganar peso dentro del esquema del Milan. Fuente: El Tel\u00e9grafo<\/p>\n","protected":false},"author":1,"featured_media":29812,"comment_status":"closed","ping_status":"closed","sticky":false,"template":"","format":"standard","meta":{"footnotes":""},"categories":[6,268],"tags":[],"class_list":["post-29811","post","type-post","status-publish","format-standard","has-post-thumbnail","hentry","category-deportes","category-nacionales"],"_links":{"self":[{"href":"https:\/\/www.elamazonico.com\/portal\/wp-json\/wp\/v2\/posts\/29811","targetHints":{"allow":["GET"]}}],"collection":[{"href":"https:\/\/www.elamazonico.com\/portal\/wp-json\/wp\/v2\/posts"}],"about":[{"href":"https:\/\/www.elamazonico.com\/portal\/wp-json\/wp\/v2\/types\/post"}],"author":[{"embeddable":true,"href":"https:\/\/www.elamazonico.com\/portal\/wp-json\/wp\/v2\/users\/1"}],"replies":[{"embeddable":true,"href":"https:\/\/www.elamazonico.com\/portal\/wp-json\/wp\/v2\/comments?post=29811"}],"version-history":[{"count":1,"href":"https:\/\/www.elamazonico.com\/portal\/wp-json\/wp\/v2\/posts\/29811\/revisions"}],"predecessor-version":[{"id":29813,"href":"https:\/\/www.elamazonico.com\/portal\/wp-json\/wp\/v2\/posts\/29811\/revisions\/29813"}],"wp:featuredmedia":[{"embeddable":true,"href":"https:\/\/www.elamazonico.com\/portal\/wp-json\/wp\/v2\/media\/29812"}],"wp:attachment":[{"href":"https:\/\/www.elamazonico.com\/portal\/wp-json\/wp\/v2\/media?parent=29811"}],"wp:term":[{"taxonomy":"category","embeddable":true,"href":"https:\/\/www.elamazonico.com\/portal\/wp-json\/wp\/v2\/categories?post=29811"},{"taxonomy":"post_tag","embeddable":true,"href":"https:\/\/www.elamazonico.com\/portal\/wp-json\/wp\/v2\/tags?post=29811"}],"curies":[{"name":"wp","href":"https:\/\/api.w.org\/{rel}","templated":true}]}}