{"id":29805,"date":"2026-03-09T07:14:13","date_gmt":"2026-03-09T12:14:13","guid":{"rendered":"https:\/\/www.elamazonico.com\/portal\/?p=29805"},"modified":"2026-03-09T07:14:13","modified_gmt":"2026-03-09T12:14:13","slug":"jose-julio-neira-dialogo-con-marco-rubio-sobre-mineria-ilegal-y-corrupcion","status":"publish","type":"post","link":"https:\/\/www.elamazonico.com\/portal\/jose-julio-neira-dialogo-con-marco-rubio-sobre-mineria-ilegal-y-corrupcion\/","title":{"rendered":"Jos\u00e9 Julio Neira dialog\u00f3 con Marco Rubio sobre miner\u00eda ilegal y corrupci\u00f3n"},"content":{"rendered":"<div class=\"top md:col-span-2 mb-4\">\n<div class=\"flex flex-wrap\">\n<div class=\"basis-full md:basis-2\/5 z-100 content-center p-1\">\n<div class=\"story-introtext afacad-flux font-light text-base md:ml-6 pb-2\">En el marco de la cumbre Escudo de las Am\u00e9ricas, Jos\u00e9 Julio Neira inform\u00f3 que convers\u00f3 con Marco Rubio, secretario de Estado de Estados Unidos, sobre la lucha contra la miner\u00eda ilegal y el combate a la corrupci\u00f3n en la regi\u00f3n.<\/div>\n<\/div>\n<\/div>\n<\/div>\n<div class=\"body md:order-3 lg:col-span-2 xl:col-span-1 afacad-flux font-normal text-lg px-2\">\n<div class=\"hidden md:block afacad-flux font-light text-sm md:text-base text-[#929497] border-b-1 border-b-gray-300 pb-2 mb-2\">Ecuador y EE. UU. abordan lucha contra miner\u00eda ilegal en cumbre Escudo de las Am\u00e9ricas<\/div>\n<p>En el marco de la cumbre\u00a0<strong>Escudo de las Am\u00e9ricas<\/strong>,\u00a0<strong>Jos\u00e9 Julio Neira, secretario de Integridad P\u00fablica,<\/strong>\u00a0inform\u00f3 que mantuvo una conversaci\u00f3n con\u00a0<strong>Marco Rubio<\/strong>, actual\u00a0<strong>secretario de Estado de los Estados Unidos<\/strong>, centrada en la\u00a0<strong>lucha contra la miner\u00eda ilegal<\/strong>\u00a0y el\u00a0<strong>combate a la corrupci\u00f3n<\/strong>\u00a0en la regi\u00f3n. La reuni\u00f3n se enmarca en el impulso de acciones de cooperaci\u00f3n internacional promovidas durante el encuentro realizado en Miami.<\/p>\n<p>A trav\u00e9s de un pronunciamiento p\u00fablico, Neira se\u00f1al\u00f3 que el gobierno del presidente\u00a0<strong>Daniel Noboa<\/strong>\u00a0est\u00e1 comprometido con enfrentar estas amenazas, al considerar que debilitan las instituciones y financian estructuras criminales. En ese contexto, remarc\u00f3 que la cooperaci\u00f3n entre pa\u00edses resulta clave para proteger los recursos, fortalecer la democracia y garantizar transparencia.<\/p>\n<p>El acercamiento entre Ecuador y Estados Unidos se produjo durante la cumbre\u00a0<strong>Escudo de las Am\u00e9ricas<\/strong>, una iniciativa impulsada por el presidente estadounidense\u00a0<strong>Donald Trump<\/strong>, que reuni\u00f3 en Doral, Miami, a varios mandatarios latinoamericanos con el objetivo de coordinar acciones frente al crimen organizado transnacional.<\/p>\n<p>La conversaci\u00f3n entre Neira y Rubio se suma a la agenda de seguridad y cooperaci\u00f3n internacional que Ecuador busca posicionar en foros regionales, especialmente en temas sensibles como la miner\u00eda ilegal, una actividad que en distintos pa\u00edses ha sido vinculada con redes criminales, econom\u00edas il\u00edcitas y corrupci\u00f3n institucional. En esa l\u00ednea, el Gobierno ecuatoriano insiste en que el trabajo conjunto con socios estrat\u00e9gicos ser\u00e1 determinante para contener estas amenazas. <strong>Fuente: El Tel\u00e9grafo<\/strong><\/p>\n<\/div>\n","protected":false},"excerpt":{"rendered":"<p>En el marco de la cumbre Escudo de las Am\u00e9ricas, Jos\u00e9 Julio Neira inform\u00f3 que convers\u00f3 con Marco Rubio, secretario de Estado de Estados Unidos, sobre la lucha contra la miner\u00eda ilegal y el combate a la corrupci\u00f3n en la regi\u00f3n. Ecuador y EE. UU. abordan lucha contra miner\u00eda ilegal en cumbre Escudo de las Am\u00e9ricas En el marco de la cumbre\u00a0Escudo de las Am\u00e9ricas,\u00a0Jos\u00e9 Julio Neira, secretario de Integridad P\u00fablica,\u00a0inform\u00f3 que mantuvo una conversaci\u00f3n con\u00a0Marco Rubio, actual\u00a0secretario de Estado de los Estados Unidos, centrada en la\u00a0lucha contra la miner\u00eda ilegal\u00a0y el\u00a0combate a la corrupci\u00f3n\u00a0en la regi\u00f3n. La reuni\u00f3n se enmarca en el impulso de acciones de cooperaci\u00f3n internacional promovidas durante el encuentro realizado en Miami. A trav\u00e9s de un pronunciamiento p\u00fablico, Neira se\u00f1al\u00f3 que el gobierno del presidente\u00a0Daniel Noboa\u00a0est\u00e1 comprometido con enfrentar estas amenazas, al considerar que debilitan las instituciones y financian estructuras criminales. En ese contexto, remarc\u00f3 que la cooperaci\u00f3n entre pa\u00edses resulta clave para proteger los recursos, fortalecer la democracia y garantizar transparencia. El acercamiento entre Ecuador y Estados Unidos se produjo durante la cumbre\u00a0Escudo de las Am\u00e9ricas, una iniciativa impulsada por el presidente estadounidense\u00a0Donald Trump, que reuni\u00f3 en Doral, Miami, a varios mandatarios latinoamericanos con el objetivo de coordinar acciones frente al crimen organizado transnacional. La conversaci\u00f3n entre Neira y Rubio se suma a la agenda de seguridad y cooperaci\u00f3n internacional que Ecuador busca posicionar en foros regionales, especialmente en temas sensibles como la miner\u00eda ilegal, una actividad que en distintos pa\u00edses ha sido vinculada con redes criminales, econom\u00edas il\u00edcitas y corrupci\u00f3n institucional. En esa l\u00ednea, el Gobierno ecuatoriano insiste en que el trabajo conjunto con socios estrat\u00e9gicos ser\u00e1 determinante para contener estas amenazas. Fuente: El Tel\u00e9grafo<\/p>\n","protected":false},"author":1,"featured_media":29806,"comment_status":"closed","ping_status":"closed","sticky":false,"template":"","format":"standard","meta":{"footnotes":""},"categories":[268],"tags":[],"class_list":["post-29805","post","type-post","status-publish","format-standard","has-post-thumbnail","hentry","category-nacionales"],"_links":{"self":[{"href":"https:\/\/www.elamazonico.com\/portal\/wp-json\/wp\/v2\/posts\/29805","targetHints":{"allow":["GET"]}}],"collection":[{"href":"https:\/\/www.elamazonico.com\/portal\/wp-json\/wp\/v2\/posts"}],"about":[{"href":"https:\/\/www.elamazonico.com\/portal\/wp-json\/wp\/v2\/types\/post"}],"author":[{"embeddable":true,"href":"https:\/\/www.elamazonico.com\/portal\/wp-json\/wp\/v2\/users\/1"}],"replies":[{"embeddable":true,"href":"https:\/\/www.elamazonico.com\/portal\/wp-json\/wp\/v2\/comments?post=29805"}],"version-history":[{"count":1,"href":"https:\/\/www.elamazonico.com\/portal\/wp-json\/wp\/v2\/posts\/29805\/revisions"}],"predecessor-version":[{"id":29807,"href":"https:\/\/www.elamazonico.com\/portal\/wp-json\/wp\/v2\/posts\/29805\/revisions\/29807"}],"wp:featuredmedia":[{"embeddable":true,"href":"https:\/\/www.elamazonico.com\/portal\/wp-json\/wp\/v2\/media\/29806"}],"wp:attachment":[{"href":"https:\/\/www.elamazonico.com\/portal\/wp-json\/wp\/v2\/media?parent=29805"}],"wp:term":[{"taxonomy":"category","embeddable":true,"href":"https:\/\/www.elamazonico.com\/portal\/wp-json\/wp\/v2\/categories?post=29805"},{"taxonomy":"post_tag","embeddable":true,"href":"https:\/\/www.elamazonico.com\/portal\/wp-json\/wp\/v2\/tags?post=29805"}],"curies":[{"name":"wp","href":"https:\/\/api.w.org\/{rel}","templated":true}]}}