{"id":29802,"date":"2026-03-09T07:11:34","date_gmt":"2026-03-09T12:11:34","guid":{"rendered":"https:\/\/www.elamazonico.com\/portal\/?p=29802"},"modified":"2026-03-09T07:11:34","modified_gmt":"2026-03-09T12:11:34","slug":"asi-fue-el-traslado-de-aquiles-alvarez-a-la-carcel-del-encuentro-en-santa-elena","status":"publish","type":"post","link":"https:\/\/www.elamazonico.com\/portal\/asi-fue-el-traslado-de-aquiles-alvarez-a-la-carcel-del-encuentro-en-santa-elena\/","title":{"rendered":"As\u00ed fue el traslado de Aquiles Alvarez a la C\u00e1rcel del Encuentro en Santa Elena"},"content":{"rendered":"<div class=\"paragraph texto\">\n<p class=\"p_0\">El alcalde de Guayaquil,\u00a0<b><a href=\"https:\/\/www.vistazo.com\/actualidad\/nacional\/2026-03-06-aquiles-alvarez-goleada-dudas-titulo-bachiller-cedula-nacimiento-guayaquil-alcalde-triple-colegio-LE10725196\">Aquiles Alvarez<\/a><\/b>, fue trasladado este domingo a la\u00a0<u><b>C\u00e1rcel del Encuentro\u00a0<\/b><\/u>en la provincia de Santa Elena.\u00a0<u><b>\u201cEs una forma de secuestro, disfrazado de operativo de seguridad\u201d<\/b><\/u>, asegur\u00f3 su abogado Ramiro Garc\u00eda.<\/p>\n<p class=\"p_1\">El cambio empez\u00f3 a las 15:00, cuando el burgomaestre fue llevado desde el centro penitenciario de Cotopaxi hasta el aeropuerto\u00a0<u><b>Jos\u00e9 Joaqu\u00edn de Olmedo de Guayaquil.<\/b><\/u><\/p>\n<p class=\"p_3\">La cadena Ecuavisa capt\u00f3 el momento en que el alcalde arrib\u00f3 al aeropuerto. En las im\u00e1genes se observa al funcionario\u00a0<u><b>esposado y con el tradicional traje anaranjado que utilizan los reos<\/b><\/u>.<\/p>\n<div class=\"Center2Display\">\n<div id=\"Center2\" data-google-query-id=\"CKqRj7nkkpMDFQeGgwgd4ZQtmg\">\n<div id=\"google_ads_iframe_\/21839199781\/Vistazo\/Vistazo_Center2_0__container__\">Posteriormente, <u><b>Alvarez fue llevado hasta un helic\u00f3ptero<\/b><\/u>, que lo traslad\u00f3 cerca de las 17:00 hacia el centro penitenciario de m\u00e1xima seguridad conocido como la C\u00e1rcel del Encuentro.<\/div>\n<\/div>\n<\/div>\n<p class=\"p_5\">Ramiro Garc\u00eda, abogado del burgomaestre, explic\u00f3 que el cambio de c\u00e1rcel se dio una vez iniciada la audiencia de juzgamiento en el\u00a0<u><b>caso &#8216;Triple A&#8217;<\/b><\/u>, la cual se instal\u00f3 este domingo en el Complejo Judicial Norte de Quito.<\/p>\n<\/div>\n<div class=\"Citavistazo\">\u201cSe traslada al Alcalde de Guayaquil Aquiles \u00c1lvarez a la C\u00e1rcel del Encuentro, donde estar\u00e1 totalmente aislado e incomunicado y, por tanto, sin contacto con su defensa t\u00e9cnica. Otra violaci\u00f3n a sus derechos\u201d, escribi\u00f3 en la red social X.<\/div>\n<div class=\"paragraph texto\">\n<p class=\"p_6\">Agreg\u00f3 que no se ha notificado nada formalmente a sus abogados.\u00a0<u><b>\u201cEs una forma de secuestro, disfrazado de operativo de seguridad\u201d<\/b><\/u>, sentenci\u00f3 el jurista.<\/p>\n<\/div>\n<div class=\"multimediaMacroWrapper img lateral\">\n<figure class=\"contentMedia art-img\">\n<div><img fetchpriority=\"high\" decoding=\"async\" class=\" lazyloaded\" title=\"Aquiles Alvarez trasladado a la C\u00e1rcel del Encuentro.\" src=\"https:\/\/www.vistazo.com\/placeholder\/svg\/viewbox\/768x495\" sizes=\"100vw\" srcset=\"\/\/www.vistazo.com\/binrepository\/768x495\/0c0\/0d0\/none\/12727\/QCEJ\/imagen-captura-de-pantalla-2026-03-08-a-las_2630150_20260308193302.png 768w,\/\/www.vistazo.com\/binrepository\/640x413\/0c0\/0d0\/none\/12727\/QCEE\/imagen-captura-de-pantalla-2026-03-08-a-las_2630150_20260308193302.png 640w,\/\/www.vistazo.com\/binrepository\/512x330\/0c0\/0d0\/none\/12727\/QCEG\/imagen-captura-de-pantalla-2026-03-08-a-las_2630150_20260308193302.png 512w,\/\/www.vistazo.com\/binrepository\/384x248\/0c0\/0d0\/none\/12727\/QCEJ\/imagen-captura-de-pantalla-2026-03-08-a-las_2630150_20260308193302.png 384w,\/\/www.vistazo.com\/binrepository\/300x193\/0c0\/0d0\/none\/12727\/QCEA\/imagen-captura-de-pantalla-2026-03-08-a-las_2630150_20260308193302.png 300w\" alt=\"$!Aquiles Alvarez trasladado a la C\u00e1rcel del Encuentro.\" width=\"768\" height=\"495\" data-srcset=\"\/\/www.vistazo.com\/binrepository\/768x495\/0c0\/0d0\/none\/12727\/QCEJ\/imagen-captura-de-pantalla-2026-03-08-a-las_2630150_20260308193302.png 768w,\/\/www.vistazo.com\/binrepository\/640x413\/0c0\/0d0\/none\/12727\/QCEE\/imagen-captura-de-pantalla-2026-03-08-a-las_2630150_20260308193302.png 640w,\/\/www.vistazo.com\/binrepository\/512x330\/0c0\/0d0\/none\/12727\/QCEG\/imagen-captura-de-pantalla-2026-03-08-a-las_2630150_20260308193302.png 512w,\/\/www.vistazo.com\/binrepository\/384x248\/0c0\/0d0\/none\/12727\/QCEJ\/imagen-captura-de-pantalla-2026-03-08-a-las_2630150_20260308193302.png 384w,\/\/www.vistazo.com\/binrepository\/300x193\/0c0\/0d0\/none\/12727\/QCEA\/imagen-captura-de-pantalla-2026-03-08-a-las_2630150_20260308193302.png 300w\" \/><\/div>\n<div class=\"cutline-byline\"><span class=\"cutline-text\">Aquiles Alvarez trasladado a la C\u00e1rcel del Encuentro.<\/span>\u00a0<span class=\"byline-image\">(Foto: captura )<\/span><\/div>\n<\/figure>\n<\/div>\n<h2 class=\"h2vistazo\">\u00bfPOR QU\u00c9 TRASLADARON A AQUILES ALVAREZ?<\/h2>\n<div class=\"paragraph texto\">\n<p class=\"p_8\">Por el momento, ninguna autoridad ha explicado las razones de este inesperado traslado a la prisi\u00f3n, que\u00a0<u><b>alberga a los reos m\u00e1s peligrosos del pa\u00eds.<\/b><\/u><\/p>\n<p class=\"p_9\">Pero sus allegados comentaron en redes sociales que habr\u00eda ocurrido por un<u><b>\u00a0supuesto plan contra su vida<\/b><\/u>, basado en informes reservados.<\/p>\n<p class=\"p_10\">\u201cSi el Estado tiene informaci\u00f3n real, que investigue y proteja. Pero lo que no puede hacer es\u00a0<u><b>usar informes \u2018secretos\u2019 para acusar pol\u00edticamente a otros sin una sola prueba<\/b><\/u>\u201d, escribi\u00f3 David Antonio Norero, exsecretario del Municipio de Guayaquil.<\/p>\n<p class=\"p_12\">Mientras tanto,\u00a0<u><b>Ra\u00fal Ch\u00e1vez<\/b><\/u>, amigo cercano al alcalde y asamble\u00edsta, calific\u00f3 el traslado como un\u00a0<u><b>\u201cacto injusto y perverso\u201d<\/b><\/u>.<\/p>\n<p class=\"p_13\"><u><b>\u201cQuieren la foto, lo usan como trofeo, nunca les import\u00f3 la justicia&#8230;\u201d<\/b><\/u>, acot\u00f3 en un mensaje de redes sociales.<\/p>\n<p class=\"p_14\">Este traslado ocurre el mismo d\u00eda en que un tribunal de Quito dict\u00f3 una\u00a0<u><b>segunda orden de prisi\u00f3n preventiva\u00a0<\/b><\/u>para el funcionario, catalogado como uno de los principales opositores del presidente Daniel Noboa. <strong>Fuente: Vistazo<\/strong><\/p>\n<\/div>\n","protected":false},"excerpt":{"rendered":"<p>El alcalde de Guayaquil,\u00a0Aquiles Alvarez, fue trasladado este domingo a la\u00a0C\u00e1rcel del Encuentro\u00a0en la provincia de Santa Elena.\u00a0\u201cEs una forma de secuestro, disfrazado de operativo de seguridad\u201d, asegur\u00f3 su abogado Ramiro Garc\u00eda. El cambio empez\u00f3 a las 15:00, cuando el burgomaestre fue llevado desde el centro penitenciario de Cotopaxi hasta el aeropuerto\u00a0Jos\u00e9 Joaqu\u00edn de Olmedo de Guayaquil. La cadena Ecuavisa capt\u00f3 el momento en que el alcalde arrib\u00f3 al aeropuerto. En las im\u00e1genes se observa al funcionario\u00a0esposado y con el tradicional traje anaranjado que utilizan los reos. Posteriormente, Alvarez fue llevado hasta un helic\u00f3ptero, que lo traslad\u00f3 cerca de las 17:00 hacia el centro penitenciario de m\u00e1xima seguridad conocido como la C\u00e1rcel del Encuentro. Ramiro Garc\u00eda, abogado del burgomaestre, explic\u00f3 que el cambio de c\u00e1rcel se dio una vez iniciada la audiencia de juzgamiento en el\u00a0caso &#8216;Triple A&#8217;, la cual se instal\u00f3 este domingo en el Complejo Judicial Norte de Quito. \u201cSe traslada al Alcalde de Guayaquil Aquiles \u00c1lvarez a la C\u00e1rcel del Encuentro, donde estar\u00e1 totalmente aislado e incomunicado y, por tanto, sin contacto con su defensa t\u00e9cnica. Otra violaci\u00f3n a sus derechos\u201d, escribi\u00f3 en la red social X. Agreg\u00f3 que no se ha notificado nada formalmente a sus abogados.\u00a0\u201cEs una forma de secuestro, disfrazado de operativo de seguridad\u201d, sentenci\u00f3 el jurista. Aquiles Alvarez trasladado a la C\u00e1rcel del Encuentro.\u00a0(Foto: captura ) \u00bfPOR QU\u00c9 TRASLADARON A AQUILES ALVAREZ? Por el momento, ninguna autoridad ha explicado las razones de este inesperado traslado a la prisi\u00f3n, que\u00a0alberga a los reos m\u00e1s peligrosos del pa\u00eds. Pero sus allegados comentaron en redes sociales que habr\u00eda ocurrido por un\u00a0supuesto plan contra su vida, basado en informes reservados. \u201cSi el Estado tiene informaci\u00f3n real, que investigue y proteja. Pero lo que no puede hacer es\u00a0usar informes \u2018secretos\u2019 para acusar pol\u00edticamente a otros sin una sola prueba\u201d, escribi\u00f3 David Antonio Norero, exsecretario del Municipio de Guayaquil. Mientras tanto,\u00a0Ra\u00fal Ch\u00e1vez, amigo cercano al alcalde y asamble\u00edsta, calific\u00f3 el traslado como un\u00a0\u201cacto injusto y perverso\u201d. \u201cQuieren la foto, lo usan como trofeo, nunca les import\u00f3 la justicia&#8230;\u201d, acot\u00f3 en un mensaje de redes sociales. Este traslado ocurre el mismo d\u00eda en que un tribunal de Quito dict\u00f3 una\u00a0segunda orden de prisi\u00f3n preventiva\u00a0para el funcionario, catalogado como uno de los principales opositores del presidente Daniel Noboa. Fuente: Vistazo<\/p>\n","protected":false},"author":1,"featured_media":29803,"comment_status":"closed","ping_status":"closed","sticky":false,"template":"","format":"standard","meta":{"footnotes":""},"categories":[268],"tags":[],"class_list":["post-29802","post","type-post","status-publish","format-standard","has-post-thumbnail","hentry","category-nacionales"],"_links":{"self":[{"href":"https:\/\/www.elamazonico.com\/portal\/wp-json\/wp\/v2\/posts\/29802","targetHints":{"allow":["GET"]}}],"collection":[{"href":"https:\/\/www.elamazonico.com\/portal\/wp-json\/wp\/v2\/posts"}],"about":[{"href":"https:\/\/www.elamazonico.com\/portal\/wp-json\/wp\/v2\/types\/post"}],"author":[{"embeddable":true,"href":"https:\/\/www.elamazonico.com\/portal\/wp-json\/wp\/v2\/users\/1"}],"replies":[{"embeddable":true,"href":"https:\/\/www.elamazonico.com\/portal\/wp-json\/wp\/v2\/comments?post=29802"}],"version-history":[{"count":1,"href":"https:\/\/www.elamazonico.com\/portal\/wp-json\/wp\/v2\/posts\/29802\/revisions"}],"predecessor-version":[{"id":29804,"href":"https:\/\/www.elamazonico.com\/portal\/wp-json\/wp\/v2\/posts\/29802\/revisions\/29804"}],"wp:featuredmedia":[{"embeddable":true,"href":"https:\/\/www.elamazonico.com\/portal\/wp-json\/wp\/v2\/media\/29803"}],"wp:attachment":[{"href":"https:\/\/www.elamazonico.com\/portal\/wp-json\/wp\/v2\/media?parent=29802"}],"wp:term":[{"taxonomy":"category","embeddable":true,"href":"https:\/\/www.elamazonico.com\/portal\/wp-json\/wp\/v2\/categories?post=29802"},{"taxonomy":"post_tag","embeddable":true,"href":"https:\/\/www.elamazonico.com\/portal\/wp-json\/wp\/v2\/tags?post=29802"}],"curies":[{"name":"wp","href":"https:\/\/api.w.org\/{rel}","templated":true}]}}