{"id":29786,"date":"2026-03-06T06:53:06","date_gmt":"2026-03-06T11:53:06","guid":{"rendered":"https:\/\/www.elamazonico.com\/portal\/?p=29786"},"modified":"2026-03-06T06:53:06","modified_gmt":"2026-03-06T11:53:06","slug":"de-las-llamadas-en-ecuador-a-las-entregas-controladas-de-droga-en-europa-asi-se-acorralo-a-la-red-entre-lobos-y-albaneses","status":"publish","type":"post","link":"https:\/\/www.elamazonico.com\/portal\/de-las-llamadas-en-ecuador-a-las-entregas-controladas-de-droga-en-europa-asi-se-acorralo-a-la-red-entre-lobos-y-albaneses\/","title":{"rendered":"De las llamadas en Ecuador a las entregas controladas de droga en Europa: as\u00ed se acorral\u00f3 a la red entre lobos y albaneses"},"content":{"rendered":"<p>El 23 de junio de 2024, un parte informativo de un oficial de Polic\u00eda alert\u00f3 sobre la existencia de una presunta red narcodelictiva conformada por ecuatorianos y colombianos. Casi dos a\u00f1os despu\u00e9s, esa red fue desarticulada con la Operaci\u00f3n Costa y ha sido se\u00f1alada como parte de una alianza entre la mafia albanesa y Los Lobos para enviar coca\u00edna a Europa.<\/p>\n<p>&nbsp;<\/p>\n<p>Seg\u00fan la alerta original, esta organizaci\u00f3n, cuyos l\u00edderes fueron identificados con los alias de \u2018Carlos\u2019, \u2018Andr\u00e9s\u2019 y \u2018Jos\u00e9\u2019, utilizaba cantones bananeros de Guayas y El Oro como centros de acopio temporal para contaminar carga de exportaci\u00f3n con droga.<\/p>\n<p>A partir del 5 de julio de 2024, Fiscal\u00eda abri\u00f3 la investigaci\u00f3n previa, y d\u00edas despu\u00e9s obtuvo las autorizaciones judiciales para iniciar seguimientos y vigilancias encubiertas.<\/p>\n<p><strong>Detr\u00e1s de \u2018Chente\u2019 y la exportadora de banano<\/strong><br \/>\nLa primera gran pista apareci\u00f3 el 23 de septiembre de 2024. Ese d\u00eda los agentes identificaron a alias \u2018Chente\u2019, quien se movilizaba en un veh\u00edculo color vino y resid\u00eda en la urbanizaci\u00f3n Ciudad del Sol, en Machala (El Oro).<\/p>\n<p>Este individuo, que luego ser\u00eda identificado como Hern\u00e1n Vicente Ruilova (uno de los detenidos el 3 de marzo de 2026 en la Operaci\u00f3n Costa), se encargaba de la log\u00edstica de recepci\u00f3n, acopio y empaquetado de la coca\u00edna.<\/p>\n<p>A mediados de octubre de 2024, la Polic\u00eda empez\u00f3 a recopilar m\u00e1s pruebas y sospechosos. Los investigadores observaron a Ruilova reunirse en su veh\u00edculo, a las afueras de una gasolinera Primax en El Guabo, con Edison Fares Villac\u00edas, otro de los involucrados.<\/p>\n<p>Poco despu\u00e9s, un cami\u00f3n conducido por Fares Villac\u00eds y acompa\u00f1ado por Lir\u00f3n Fares Farez (otro procesado), transport\u00f3 formularios de calidad y cajas de cart\u00f3n, color azul, de la marca \u00abAnthony Bananas\u00bb hacia un inmueble en la parroquia Barbones.<\/p>\n<p>Al amanecer del 16 de octubre de 2024, ambos sujetos, junto a Jean Pierre Fares (tambi\u00e9n involucrado), llegaron a un espacio tipo empacadora en el sector Parlamento. Bajo la direcci\u00f3n de los Fares, un grupo de jornaleros empacaba banano utilizando las mencionadas cajas azules.<\/p>\n<p>En ese momento, la Polic\u00eda allan\u00f3 el lugar y encontr\u00f3 25 cajas azules de \u00abAnthony Bananas\u00bb que ocultaban 20 paquetes tipo ladrillo cada una, sellados con el logotipo \u00abYSL\u00bb, sumando un peso neto de 499 kilos de coca\u00edna.<\/p>\n<p>Durante su captura, Fares Villac\u00eds intent\u00f3 borrar de su celular Samsung un chat de WhatsApp con el contacto \u00abHernan\u00bb, evidenciando su nexo directo con Ruilova. A pesar de este operativo en flagrancia, la justicia local termin\u00f3 sobreseyendo a los Fares semanas atr\u00e1s, aunque el personal de inteligencia policial nunca dej\u00f3 de seguirlos.<\/p>\n<p>El rastro a los sospechosos y a las empresas detr\u00e1s de los cartones de bananos llev\u00f3 a los investigadores a vigilar a la Exportadora Bananera Independiente (Exporban), gerenciada por Shirley Barros, tambi\u00e9n capturada y ahora procesada por delincuencia organizada.<\/p>\n<p><strong>Los albaneses a escena<\/strong><br \/>\nCon una parte de su red expuesta tras la captura inicial de los Fares, la c\u00fapula de la organizaci\u00f3n \u2014seg\u00fan la Fiscal\u00eda\u2014 reestructur\u00f3 sus movimientos a inicios de 2025, marcando la entrada en escena de los financistas europeos.<\/p>\n<p>El 12 de enero de 2025, Ruilova fue captado en Ibarra (Imbabura), a bordo de una camioneta. En el momento de la captura, estaba reunido con dos ciudadanos albaneses: Donald Lalaj y Mario Gjeci. Hoy ambos son parte de ocho sujetos detenidos en Europa como parte de la Operaci\u00f3n Costa.<\/p>\n<p>Los tres sujetos viajaron hacia Guayaquil, hosped\u00e1ndose a partir del 13 de enero en el lujoso edificio Santana Lofts, ocupando estrat\u00e9gicamente los departamentos 503 y 1401.<\/p>\n<p>All\u00ed, mediante interceptaciones telef\u00f3nicas, los agentes escucharon a Ruilova coordinar la log\u00edstica y el flujo de dinero il\u00edcito con Pedro Barros,, administrador y propietario de Exporban; y hoy tambi\u00e9n procesado.<\/p>\n<p>La red financiera tambi\u00e9n involucr\u00f3 a Mara Coello, pareja de Ruilova, quien, seg\u00fan la teor\u00eda del caso, recib\u00eda y gestionaba fuertes sumas de dinero, y a Pa\u00fal Balde\u00f3n, quien (en las llamadas) discut\u00eda inversiones de hasta USD 500.000 para \u00ablavar\u00bb el capital il\u00edcito.<\/p>\n<p><strong>Los env\u00edos a Europa, ca\u00eddos<\/strong><br \/>\nEl 4 de febrero de 2025, los movimientos se aceleraron cuando Ruilova traslad\u00f3 a los albaneses Lalaj y Gjeci a la ciudad de Machala, y al d\u00eda siguiente los llev\u00f3 a un predio agr\u00edcola en la v\u00eda Buenavista-Zaruma, en Santa Rosa.<\/p>\n<p>En ese lugar, bajo la atenta mirada de los albaneses, un grupo de jornaleros dirigidos por Dimitri Garc\u00eda procedi\u00f3 al lavado, desmonte y llenado de cajas de banano, nuevamente de la marca \u00abAnthony Bananas\u00bb, introduciendo bloques de droga en su interior.<\/p>\n<p>Una vez selladas, las cajas fueron subidas a un cami\u00f3n blanco, conducido por Bryan Reyes. En las afueras de esta misma finca se observ\u00f3 estacionado el cami\u00f3n que hab\u00eda sido utilizado por la familia Fares en la incautaci\u00f3n de octubre.<\/p>\n<p>Siguiendo el rastro de este nuevo cargamento, la Polic\u00eda document\u00f3 c\u00f3mo el cami\u00f3n ingres\u00f3 a Yilport Puerto Bol\u00edvar a las 17:50 del 5 de febrero de 2025. Los contenedores, gestionados documentalmente por Yustin Orellana, empleado de Exporban, y coordinados en bodega por Michael Vera, fueron embarcados en el buque \u00abAtlantic Reefer\u00bb con destino a Pa\u00edses Bajos, figurando como consignataria una empresa en Rumania.<\/p>\n<p>Las autoridades ecuatorianas emitieron la alerta correspondiente a Europol y a la agencia antidrogas DEA. El 27 de febrero de 2025, al arribar al puerto de Vlissingen, los perros rastreadores dieron alerta positiva en varios pallets de la secci\u00f3n 4C.<\/p>\n<p>En lugar de incautar la droga inmediatamente, las agencias europeas ejecutaron una entrega controlada, siguiendo el cargamento hasta un almac\u00e9n en Ulvenhout. El 28 de febrero, el equipo de intervenci\u00f3n especial allan\u00f3 el lugar, capturando a cinco ciudadanos europeos e incautando 2.598 paquetes de coca\u00edna pura, marcados con logotipos de \u00abPhilipp Plein\u00bb, \u00abYSL\u00bb, \u00abLouis Vuitton\u00bb y \u00abRolex\u00bb, cuyo peso alcanz\u00f3 las 2,5 toneladas.<\/p>\n<p><img decoding=\"async\" src=\"https:\/\/imagenes.primicias.ec\/files\/content_image_simple_414_238\/uploads\/2026\/03\/05\/69aa03b46eb83.png\" alt=\"thumb\" \/><br \/>\nA pesar de este duro golpe en Europa, la red intent\u00f3 un nuevo env\u00edo meses despu\u00e9s. En abril de 2025, Exporban tramit\u00f3 otra exportaci\u00f3n en el buque \u00abHood Island\u00bb, la cual fue inspeccionada en mayo por Europol sin hallar sustancias il\u00edcitas en sus pallets.<\/p>\n<p>Sin embargo, en las bodegas contiguas de esa misma embarcaci\u00f3n, las autoridades hallaron m\u00e1s de una tonelada de coca\u00edna camuflada en cajas exportadas por la empresa Fruta Rica (Frutaric).<\/p>\n<p>Esta \u00faltima incautaci\u00f3n arrastr\u00f3 a la investigaci\u00f3n a la c\u00fapula de Frutaric: su representante legal, Alfredo Montalvo, y su presidente, el exasamble\u00edsta y exconcejal socialcristiano Jorge Fadul Franco, a quienes la Fiscal\u00eda vincul\u00f3 principalmente por su presunta relaci\u00f3n telef\u00f3nica con terceros asociados a la red log\u00edstica.<\/p>\n<p><strong>Prisi\u00f3n preventiva para la red<\/strong><br \/>\nToda esta elaborada secuencia de vigilancia desemboc\u00f3 en los argumentos presentados por la Fiscal\u00eda durante la audiencia de formulaci\u00f3n de cargos, el 4 de marzo de 2026. El fiscal Giancarlo Almeida se\u00f1al\u00f3 formalmente a Hern\u00e1n Ruilova, Pedro Barros y Saidy Palma Aquino como l\u00edderes de la delincuencia organizada, y a los otros 13 detenidos como colaboradores.<\/p>\n<p>Frente a estas severas imputaciones, la defensa de Mara Coello, ejercida por el abogado Galo Valle, argument\u00f3 que su clienta es una simple corredora de bienes ra\u00edces y que su menci\u00f3n en el caso se reduce a tres llamadas con su conviviente, Ruilova, donde jam\u00e1s se utiliz\u00f3 lenguaje criminal.<\/p>\n<p>Por su parte, el abogado Pedro Moreira, defensor de los ejecutivos de Fruta Rica, cuestion\u00f3 el nexo causal de sus clientes, se\u00f1alando que la Fiscal\u00eda tuvo un a\u00f1o para investigar a la empresa y solo los vinculaba por ser directivos y por llamadas con empleados que ni siquiera est\u00e1n procesados.<\/p>\n<p>Tras evaluar todos los informes policiales, los audios interceptados y las pericias internacionales que documentan las m\u00e1s de tres toneladas de coca\u00edna incautadas, el juez Ren\u00e1n Andrade concluy\u00f3 que la prisi\u00f3n preventiva era la \u00fanica medida id\u00f3nea para asegurar el proceso frente a una estructura de tan alto poder econ\u00f3mico.<\/p>\n<p>No obstante, acogiendo los informes m\u00e9dicos, el Magistrado concedi\u00f3 arresto domiciliario a Montalvo, por ser adulto mayor, y a Fadul Franco, por su afecci\u00f3n card\u00edaca severa, disponiendo su traslado bajo custodia policial. <strong>Fuente: Primicias<\/strong><\/p>\n","protected":false},"excerpt":{"rendered":"<p>El 23 de junio de 2024, un parte informativo de un oficial de Polic\u00eda alert\u00f3 sobre la existencia de una presunta red narcodelictiva conformada por ecuatorianos y colombianos. Casi dos a\u00f1os despu\u00e9s, esa red fue desarticulada con la Operaci\u00f3n Costa y ha sido se\u00f1alada como parte de una alianza entre la mafia albanesa y Los Lobos para enviar coca\u00edna a Europa. &nbsp; Seg\u00fan la alerta original, esta organizaci\u00f3n, cuyos l\u00edderes fueron identificados con los alias de \u2018Carlos\u2019, \u2018Andr\u00e9s\u2019 y \u2018Jos\u00e9\u2019, utilizaba cantones bananeros de Guayas y El Oro como centros de acopio temporal para contaminar carga de exportaci\u00f3n con droga. A partir del 5 de julio de 2024, Fiscal\u00eda abri\u00f3 la investigaci\u00f3n previa, y d\u00edas despu\u00e9s obtuvo las autorizaciones judiciales para iniciar seguimientos y vigilancias encubiertas. Detr\u00e1s de \u2018Chente\u2019 y la exportadora de banano La primera gran pista apareci\u00f3 el 23 de septiembre de 2024. Ese d\u00eda los agentes identificaron a alias \u2018Chente\u2019, quien se movilizaba en un veh\u00edculo color vino y resid\u00eda en la urbanizaci\u00f3n Ciudad del Sol, en Machala (El Oro). Este individuo, que luego ser\u00eda identificado como Hern\u00e1n Vicente Ruilova (uno de los detenidos el 3 de marzo de 2026 en la Operaci\u00f3n Costa), se encargaba de la log\u00edstica de recepci\u00f3n, acopio y empaquetado de la coca\u00edna. A mediados de octubre de 2024, la Polic\u00eda empez\u00f3 a recopilar m\u00e1s pruebas y sospechosos. Los investigadores observaron a Ruilova reunirse en su veh\u00edculo, a las afueras de una gasolinera Primax en El Guabo, con Edison Fares Villac\u00edas, otro de los involucrados. Poco despu\u00e9s, un cami\u00f3n conducido por Fares Villac\u00eds y acompa\u00f1ado por Lir\u00f3n Fares Farez (otro procesado), transport\u00f3 formularios de calidad y cajas de cart\u00f3n, color azul, de la marca \u00abAnthony Bananas\u00bb hacia un inmueble en la parroquia Barbones. Al amanecer del 16 de octubre de 2024, ambos sujetos, junto a Jean Pierre Fares (tambi\u00e9n involucrado), llegaron a un espacio tipo empacadora en el sector Parlamento. Bajo la direcci\u00f3n de los Fares, un grupo de jornaleros empacaba banano utilizando las mencionadas cajas azules. En ese momento, la Polic\u00eda allan\u00f3 el lugar y encontr\u00f3 25 cajas azules de \u00abAnthony Bananas\u00bb que ocultaban 20 paquetes tipo ladrillo cada una, sellados con el logotipo \u00abYSL\u00bb, sumando un peso neto de 499 kilos de coca\u00edna. Durante su captura, Fares Villac\u00eds intent\u00f3 borrar de su celular Samsung un chat de WhatsApp con el contacto \u00abHernan\u00bb, evidenciando su nexo directo con Ruilova. A pesar de este operativo en flagrancia, la justicia local termin\u00f3 sobreseyendo a los Fares semanas atr\u00e1s, aunque el personal de inteligencia policial nunca dej\u00f3 de seguirlos. El rastro a los sospechosos y a las empresas detr\u00e1s de los cartones de bananos llev\u00f3 a los investigadores a vigilar a la Exportadora Bananera Independiente (Exporban), gerenciada por Shirley Barros, tambi\u00e9n capturada y ahora procesada por delincuencia organizada. Los albaneses a escena Con una parte de su red expuesta tras la captura inicial de los Fares, la c\u00fapula de la organizaci\u00f3n \u2014seg\u00fan la Fiscal\u00eda\u2014 reestructur\u00f3 sus movimientos a inicios de 2025, marcando la entrada en escena de los financistas europeos. El 12 de enero de 2025, Ruilova fue captado en Ibarra (Imbabura), a bordo de una camioneta. En el momento de la captura, estaba reunido con dos ciudadanos albaneses: Donald Lalaj y Mario Gjeci. Hoy ambos son parte de ocho sujetos detenidos en Europa como parte de la Operaci\u00f3n Costa. Los tres sujetos viajaron hacia Guayaquil, hosped\u00e1ndose a partir del 13 de enero en el lujoso edificio Santana Lofts, ocupando estrat\u00e9gicamente los departamentos 503 y 1401. All\u00ed, mediante interceptaciones telef\u00f3nicas, los agentes escucharon a Ruilova coordinar la log\u00edstica y el flujo de dinero il\u00edcito con Pedro Barros,, administrador y propietario de Exporban; y hoy tambi\u00e9n procesado. La red financiera tambi\u00e9n involucr\u00f3 a Mara Coello, pareja de Ruilova, quien, seg\u00fan la teor\u00eda del caso, recib\u00eda y gestionaba fuertes sumas de dinero, y a Pa\u00fal Balde\u00f3n, quien (en las llamadas) discut\u00eda inversiones de hasta USD 500.000 para \u00ablavar\u00bb el capital il\u00edcito. Los env\u00edos a Europa, ca\u00eddos El 4 de febrero de 2025, los movimientos se aceleraron cuando Ruilova traslad\u00f3 a los albaneses Lalaj y Gjeci a la ciudad de Machala, y al d\u00eda siguiente los llev\u00f3 a un predio agr\u00edcola en la v\u00eda Buenavista-Zaruma, en Santa Rosa. En ese lugar, bajo la atenta mirada de los albaneses, un grupo de jornaleros dirigidos por Dimitri Garc\u00eda procedi\u00f3 al lavado, desmonte y llenado de cajas de banano, nuevamente de la marca \u00abAnthony Bananas\u00bb, introduciendo bloques de droga en su interior. Una vez selladas, las cajas fueron subidas a un cami\u00f3n blanco, conducido por Bryan Reyes. En las afueras de esta misma finca se observ\u00f3 estacionado el cami\u00f3n que hab\u00eda sido utilizado por la familia Fares en la incautaci\u00f3n de octubre. Siguiendo el rastro de este nuevo cargamento, la Polic\u00eda document\u00f3 c\u00f3mo el cami\u00f3n ingres\u00f3 a Yilport Puerto Bol\u00edvar a las 17:50 del 5 de febrero de 2025. Los contenedores, gestionados documentalmente por Yustin Orellana, empleado de Exporban, y coordinados en bodega por Michael Vera, fueron embarcados en el buque \u00abAtlantic Reefer\u00bb con destino a Pa\u00edses Bajos, figurando como consignataria una empresa en Rumania. Las autoridades ecuatorianas emitieron la alerta correspondiente a Europol y a la agencia antidrogas DEA. El 27 de febrero de 2025, al arribar al puerto de Vlissingen, los perros rastreadores dieron alerta positiva en varios pallets de la secci\u00f3n 4C. En lugar de incautar la droga inmediatamente, las agencias europeas ejecutaron una entrega controlada, siguiendo el cargamento hasta un almac\u00e9n en Ulvenhout. El 28 de febrero, el equipo de intervenci\u00f3n especial allan\u00f3 el lugar, capturando a cinco ciudadanos europeos e incautando 2.598 paquetes de coca\u00edna pura, marcados con logotipos de \u00abPhilipp Plein\u00bb, \u00abYSL\u00bb, \u00abLouis Vuitton\u00bb y \u00abRolex\u00bb, cuyo peso alcanz\u00f3 las 2,5 toneladas. A pesar de este duro golpe en Europa, la red intent\u00f3 un nuevo env\u00edo meses despu\u00e9s. En abril de 2025, Exporban tramit\u00f3 otra exportaci\u00f3n en el buque \u00abHood Island\u00bb, la cual fue inspeccionada en mayo por Europol sin hallar sustancias il\u00edcitas en sus pallets. Sin embargo, en las bodegas contiguas de esa<\/p>\n","protected":false},"author":1,"featured_media":29787,"comment_status":"closed","ping_status":"closed","sticky":false,"template":"","format":"standard","meta":{"footnotes":""},"categories":[268],"tags":[],"class_list":["post-29786","post","type-post","status-publish","format-standard","has-post-thumbnail","hentry","category-nacionales"],"_links":{"self":[{"href":"https:\/\/www.elamazonico.com\/portal\/wp-json\/wp\/v2\/posts\/29786","targetHints":{"allow":["GET"]}}],"collection":[{"href":"https:\/\/www.elamazonico.com\/portal\/wp-json\/wp\/v2\/posts"}],"about":[{"href":"https:\/\/www.elamazonico.com\/portal\/wp-json\/wp\/v2\/types\/post"}],"author":[{"embeddable":true,"href":"https:\/\/www.elamazonico.com\/portal\/wp-json\/wp\/v2\/users\/1"}],"replies":[{"embeddable":true,"href":"https:\/\/www.elamazonico.com\/portal\/wp-json\/wp\/v2\/comments?post=29786"}],"version-history":[{"count":1,"href":"https:\/\/www.elamazonico.com\/portal\/wp-json\/wp\/v2\/posts\/29786\/revisions"}],"predecessor-version":[{"id":29788,"href":"https:\/\/www.elamazonico.com\/portal\/wp-json\/wp\/v2\/posts\/29786\/revisions\/29788"}],"wp:featuredmedia":[{"embeddable":true,"href":"https:\/\/www.elamazonico.com\/portal\/wp-json\/wp\/v2\/media\/29787"}],"wp:attachment":[{"href":"https:\/\/www.elamazonico.com\/portal\/wp-json\/wp\/v2\/media?parent=29786"}],"wp:term":[{"taxonomy":"category","embeddable":true,"href":"https:\/\/www.elamazonico.com\/portal\/wp-json\/wp\/v2\/categories?post=29786"},{"taxonomy":"post_tag","embeddable":true,"href":"https:\/\/www.elamazonico.com\/portal\/wp-json\/wp\/v2\/tags?post=29786"}],"curies":[{"name":"wp","href":"https:\/\/api.w.org\/{rel}","templated":true}]}}