{"id":29780,"date":"2026-03-06T06:33:33","date_gmt":"2026-03-06T11:33:33","guid":{"rendered":"https:\/\/www.elamazonico.com\/portal\/?p=29780"},"modified":"2026-03-06T06:33:33","modified_gmt":"2026-03-06T11:33:33","slug":"petroecuador-declara-emergencia-en-la-refineria-de-esmeraldas-tras-incendio-en-bombas-de-carga","status":"publish","type":"post","link":"https:\/\/www.elamazonico.com\/portal\/petroecuador-declara-emergencia-en-la-refineria-de-esmeraldas-tras-incendio-en-bombas-de-carga\/","title":{"rendered":"Petroecuador declara emergencia en la Refiner\u00eda de Esmeraldas tras incendio en bombas de carga"},"content":{"rendered":"<div class=\"paragraph texto\">\n<p class=\"p_0\"><b>La petrolera estatal de Ecuador,\u00a0<a href=\"https:\/\/www.vistazo.com\/cronologia\/-\/meta\/petroecuador\">Petroecuador<\/a>, declar\u00f3 este jueves la situaci\u00f3n de emergencia en la refiner\u00eda de Esmeraldas, la m\u00e1s importante del pa\u00eds, por un plazo m\u00e1ximo de 60 d\u00edas, tras el incendio registrado el pasado domingo en las bombas de carga de una de sus unidades.<\/b><\/p>\n<p class=\"p_2\">La empresa p\u00fablica emiti\u00f3 una resoluci\u00f3n para hacer efectiva la declaratoria y la gerente de la entidad,\u00a0<b>Mar\u00eda Daniela Conde<\/b>, confirm\u00f3 a los medios ecuatorianos que\u00a0<b>esta regir\u00e1 solo en las zonas que fueron afectadas por las llamas.<\/b><\/p>\n<p class=\"p_3\">La resoluci\u00f3n oficial establece \u00abdeclarar en\u00a0<b>situaci\u00f3n de emergencia<\/b> la Refiner\u00eda de Esmeraldas y sus \u00e1reas de influencia directa\u00bb.<\/p>\n<p class=\"p_4\">El fuego se produjo en las\u00a0<b>bombas de carga\u00a0<\/b>de la Unidad Sevia y provoc\u00f3 la<b>\u00a0paralizaci\u00f3n parcial de las operaciones\u00a0<\/b>y afectaciones en equipos, aunque no dej\u00f3 personas heridas.<\/p>\n<p class=\"p_5\">Petroecuador indic\u00f3 que tras el incidente se activ\u00f3 de inmediato el\u00a0<b>Plan de Emergencias y Contingencias del centro refinador<\/b>\u00a0y que el evento fue controlado a las 21:35 hora local (02:35 +GMT), unas dos horas despu\u00e9s de que prendiera.<\/p>\n<p class=\"p_6\">Como medida preventiva, las operaciones de la refiner\u00eda fueron\u00a0<b>suspendidas temporalmente\u00a0<\/b>mientras se realizan labores de control y evaluaci\u00f3n t\u00e9cnica para retomar las actividades con seguridad.<\/p>\n<p class=\"p_8\">El incendio ocurri\u00f3 casi un mes despu\u00e9s de otro registrado el 30 de enero en una piscina del \u00e1rea externa del complejo, que\u00a0<b>no afect\u00f3 las operaciones ni la productividad<\/b>, aunque provoc\u00f3 el vertido de una peque\u00f1a cantidad de hidrocarburo en un r\u00edo.<\/p>\n<\/div>\n<h2 class=\"h2vistazo\">El mayor polo de procesamiento de crudo, amenazada por el fuego<\/h2>\n<div class=\"paragraph texto\">\n<p class=\"p_9\">En mayo del a\u00f1o pasado se produjo otro incendio de grandes proporciones en esta refiner\u00eda, lo que<b>\u00a0oblig\u00f3 a declararla tambi\u00e9n en emergencia<\/b>\u00a0para agilizar las reparaciones y dej\u00f3 fuera de funcionamiento la planta hasta julio, cuando sus operaciones se reanudaron progresivamente.<\/p>\n<p class=\"p_10\">La Refiner\u00eda de Esmeraldas es el mayor polo de procesamiento de crudo de Ecuador y\u00a0<b>tiene capacidad para procesar hasta 110.000 barriles de petr\u00f3leo por d\u00eda.<\/b><\/p>\n<p class=\"p_12\">Es alimentada por los oleoductos que<b>\u00a0transportan el petr\u00f3leo extra\u00eddo de los pozos de la Amazon\u00eda<\/b>, y su producci\u00f3n est\u00e1 destinada tanto para abastecimiento interno como para la exportaci\u00f3n a trav\u00e9s de buques petroleros. <strong>Fuente: Vistazo<\/strong><\/p>\n<\/div>\n","protected":false},"excerpt":{"rendered":"<p>La petrolera estatal de Ecuador,\u00a0Petroecuador, declar\u00f3 este jueves la situaci\u00f3n de emergencia en la refiner\u00eda de Esmeraldas, la m\u00e1s importante del pa\u00eds, por un plazo m\u00e1ximo de 60 d\u00edas, tras el incendio registrado el pasado domingo en las bombas de carga de una de sus unidades. La empresa p\u00fablica emiti\u00f3 una resoluci\u00f3n para hacer efectiva la declaratoria y la gerente de la entidad,\u00a0Mar\u00eda Daniela Conde, confirm\u00f3 a los medios ecuatorianos que\u00a0esta regir\u00e1 solo en las zonas que fueron afectadas por las llamas. La resoluci\u00f3n oficial establece \u00abdeclarar en\u00a0situaci\u00f3n de emergencia la Refiner\u00eda de Esmeraldas y sus \u00e1reas de influencia directa\u00bb. El fuego se produjo en las\u00a0bombas de carga\u00a0de la Unidad Sevia y provoc\u00f3 la\u00a0paralizaci\u00f3n parcial de las operaciones\u00a0y afectaciones en equipos, aunque no dej\u00f3 personas heridas. Petroecuador indic\u00f3 que tras el incidente se activ\u00f3 de inmediato el\u00a0Plan de Emergencias y Contingencias del centro refinador\u00a0y que el evento fue controlado a las 21:35 hora local (02:35 +GMT), unas dos horas despu\u00e9s de que prendiera. Como medida preventiva, las operaciones de la refiner\u00eda fueron\u00a0suspendidas temporalmente\u00a0mientras se realizan labores de control y evaluaci\u00f3n t\u00e9cnica para retomar las actividades con seguridad. El incendio ocurri\u00f3 casi un mes despu\u00e9s de otro registrado el 30 de enero en una piscina del \u00e1rea externa del complejo, que\u00a0no afect\u00f3 las operaciones ni la productividad, aunque provoc\u00f3 el vertido de una peque\u00f1a cantidad de hidrocarburo en un r\u00edo. El mayor polo de procesamiento de crudo, amenazada por el fuego En mayo del a\u00f1o pasado se produjo otro incendio de grandes proporciones en esta refiner\u00eda, lo que\u00a0oblig\u00f3 a declararla tambi\u00e9n en emergencia\u00a0para agilizar las reparaciones y dej\u00f3 fuera de funcionamiento la planta hasta julio, cuando sus operaciones se reanudaron progresivamente. La Refiner\u00eda de Esmeraldas es el mayor polo de procesamiento de crudo de Ecuador y\u00a0tiene capacidad para procesar hasta 110.000 barriles de petr\u00f3leo por d\u00eda. Es alimentada por los oleoductos que\u00a0transportan el petr\u00f3leo extra\u00eddo de los pozos de la Amazon\u00eda, y su producci\u00f3n est\u00e1 destinada tanto para abastecimiento interno como para la exportaci\u00f3n a trav\u00e9s de buques petroleros. Fuente: Vistazo<\/p>\n","protected":false},"author":1,"featured_media":29781,"comment_status":"closed","ping_status":"closed","sticky":false,"template":"","format":"standard","meta":{"footnotes":""},"categories":[268],"tags":[],"class_list":["post-29780","post","type-post","status-publish","format-standard","has-post-thumbnail","hentry","category-nacionales"],"_links":{"self":[{"href":"https:\/\/www.elamazonico.com\/portal\/wp-json\/wp\/v2\/posts\/29780","targetHints":{"allow":["GET"]}}],"collection":[{"href":"https:\/\/www.elamazonico.com\/portal\/wp-json\/wp\/v2\/posts"}],"about":[{"href":"https:\/\/www.elamazonico.com\/portal\/wp-json\/wp\/v2\/types\/post"}],"author":[{"embeddable":true,"href":"https:\/\/www.elamazonico.com\/portal\/wp-json\/wp\/v2\/users\/1"}],"replies":[{"embeddable":true,"href":"https:\/\/www.elamazonico.com\/portal\/wp-json\/wp\/v2\/comments?post=29780"}],"version-history":[{"count":1,"href":"https:\/\/www.elamazonico.com\/portal\/wp-json\/wp\/v2\/posts\/29780\/revisions"}],"predecessor-version":[{"id":29782,"href":"https:\/\/www.elamazonico.com\/portal\/wp-json\/wp\/v2\/posts\/29780\/revisions\/29782"}],"wp:featuredmedia":[{"embeddable":true,"href":"https:\/\/www.elamazonico.com\/portal\/wp-json\/wp\/v2\/media\/29781"}],"wp:attachment":[{"href":"https:\/\/www.elamazonico.com\/portal\/wp-json\/wp\/v2\/media?parent=29780"}],"wp:term":[{"taxonomy":"category","embeddable":true,"href":"https:\/\/www.elamazonico.com\/portal\/wp-json\/wp\/v2\/categories?post=29780"},{"taxonomy":"post_tag","embeddable":true,"href":"https:\/\/www.elamazonico.com\/portal\/wp-json\/wp\/v2\/tags?post=29780"}],"curies":[{"name":"wp","href":"https:\/\/api.w.org\/{rel}","templated":true}]}}