{"id":29777,"date":"2026-03-06T06:30:57","date_gmt":"2026-03-06T11:30:57","guid":{"rendered":"https:\/\/www.elamazonico.com\/portal\/?p=29777"},"modified":"2026-03-06T06:30:57","modified_gmt":"2026-03-06T11:30:57","slug":"por-que-allanaron-la-casa-de-la-exedecan-de-tannya-varela-asi-avanza-el-caso-de-presunta-filtracion-de-informacion","status":"publish","type":"post","link":"https:\/\/www.elamazonico.com\/portal\/por-que-allanaron-la-casa-de-la-exedecan-de-tannya-varela-asi-avanza-el-caso-de-presunta-filtracion-de-informacion\/","title":{"rendered":"\u00bfPor qu\u00e9 allanaron la casa de la exedec\u00e1n de Tannya Varela? As\u00ed avanza el caso de presunta filtraci\u00f3n de informaci\u00f3n"},"content":{"rendered":"<div class=\"paragraph texto\">\n<p class=\"p_0\"><u><b>Martha Sof\u00eda Brazales<\/b><\/u>, quien fue edec\u00e1n de\u00a0<b><a href=\"https:\/\/www.vistazo.com\/actualidad\/nacional\/2026-03-04-excomandante-tannya-varela-allanamiento-quito-filtracion-informacion-CH10718820\">Tannya Varela<\/a><\/b>, rindi\u00f3 versi\u00f3n dentro del caso de presunta\u00a0<u><b>difusi\u00f3n de informaci\u00f3n de circulaci\u00f3n restringida<\/b><\/u>, que la Fiscal\u00eda investiga en contra de la excomandante de la Polic\u00eda y otros dos agentes.<\/p>\n<p class=\"p_1\">El pasado mi\u00e9rcoles, cuatro de marzo, el Ministerio P\u00fablico junto a la Polic\u00eda ejecut\u00f3 un allanamiento en una\u00a0<u><b>vivienda de la parroquia Pomasqui<\/b><\/u>, en el extremo norte de Quito, para recabar indicios en el marco de la instrucci\u00f3n fiscal del caso.<\/p>\n<p class=\"p_3\">En el inmueble habitaba\u00a0<u><b>Martha Sof\u00eda Brazales<\/b><\/u>, quien se encargaba de la seguridad de Tannya Varela cuando era comandante general de la Polic\u00eda.<\/p>\n<p class=\"p_4\">Durante la intervenci\u00f3n, se levantaron\u00a0<u><b>una memoria externa y documentos\u00a0<\/b><\/u>que contendr\u00edan informaci\u00f3n relevante para la investigaci\u00f3n, en la que tambi\u00e9n est\u00e1n implicados el coronel Jos\u00e9 Luis Erazo y el exteniente Rodney Rangel.<\/p>\n<p class=\"p_5\">Asimismo, Brazales qued\u00f3 detenida para rendir versi\u00f3n, pero luego fue liberada.<\/p>\n<\/div>\n<div class=\"multimediaMacroWrapper img lateral\">\n<figure class=\"contentMedia art-img\">\n<div><img fetchpriority=\"high\" decoding=\"async\" class=\" lazyloaded\" title=\"Allanamiento de la casa de la edec\u00e1n.\" src=\"https:\/\/www.vistazo.com\/placeholder\/svg\/viewbox\/768x575\" sizes=\"100vw\" srcset=\"\/\/www.vistazo.com\/binrepository\/768x575\/0c0\/0d0\/none\/12727\/VGQA\/casa-edecan-tannya-varela-2629043-2629043_2629043_20260305184515.jpg 768w,\/\/www.vistazo.com\/binrepository\/640x479\/0c0\/0d0\/none\/12727\/VGQC\/casa-edecan-tannya-varela-2629043-2629043_2629043_20260305184515.jpg 640w,\/\/www.vistazo.com\/binrepository\/512x383\/0c0\/0d0\/none\/12727\/VGQA\/casa-edecan-tannya-varela-2629043-2629043_2629043_20260305184515.jpg 512w,\/\/www.vistazo.com\/binrepository\/384x288\/0c0\/0d0\/none\/12727\/VGQW\/casa-edecan-tannya-varela-2629043-2629043_2629043_20260305184515.jpg 384w,\/\/www.vistazo.com\/binrepository\/300x225\/0c0\/0d0\/none\/12727\/VGQR\/casa-edecan-tannya-varela-2629043-2629043_2629043_20260305184515.jpg 300w\" alt=\"$!Allanamiento de la casa de la edec\u00e1n.\" width=\"768\" height=\"575\" data-srcset=\"\/\/www.vistazo.com\/binrepository\/768x575\/0c0\/0d0\/none\/12727\/VGQA\/casa-edecan-tannya-varela-2629043-2629043_2629043_20260305184515.jpg 768w,\/\/www.vistazo.com\/binrepository\/640x479\/0c0\/0d0\/none\/12727\/VGQC\/casa-edecan-tannya-varela-2629043-2629043_2629043_20260305184515.jpg 640w,\/\/www.vistazo.com\/binrepository\/512x383\/0c0\/0d0\/none\/12727\/VGQA\/casa-edecan-tannya-varela-2629043-2629043_2629043_20260305184515.jpg 512w,\/\/www.vistazo.com\/binrepository\/384x288\/0c0\/0d0\/none\/12727\/VGQW\/casa-edecan-tannya-varela-2629043-2629043_2629043_20260305184515.jpg 384w,\/\/www.vistazo.com\/binrepository\/300x225\/0c0\/0d0\/none\/12727\/VGQR\/casa-edecan-tannya-varela-2629043-2629043_2629043_20260305184515.jpg 300w\" \/><\/div>\n<div class=\"cutline-byline\"><span class=\"cutline-text\">Allanamiento de la casa de la edec\u00e1n.\u00a0<\/span><span class=\"byline-image\">(Foto: Fiscal\u00eda )<\/span><\/div>\n<\/figure>\n<\/div>\n<h2 class=\"h2vistazo\">\u00bfPOR QU\u00c9 ALLANARON A LA EDEC\u00c1N DE VARELA?<\/h2>\n<div class=\"paragraph texto\">\n<p class=\"p_7\">Este caso de presunta filtraci\u00f3n de informaci\u00f3n, relacionada a una investigaci\u00f3n por narcotr\u00e1fico llamada \u2018Le\u00f3n de Troya\u2019, empez\u00f3 el 19 de diciembre del 2025 cuando arranc\u00f3 la instrucci\u00f3n fiscal con\u00a0<u><b>la detenci\u00f3n de Varela y los otros dos sospechosos.<\/b><\/u><\/p>\n<p class=\"p_8\">En esa primera diligencia, las autoridades incautaron el\u00a0<u><b>celular de la excomandante\u00a0<\/b><\/u>y una computadora personal. Los indicios fueron ingresados bajo cadena de custodia y el 29 de enero de 2026 se realiz\u00f3 la audiencia privada para aperturar los dispositivos.<\/p>\n<p class=\"p_9\">Posteriormente, el dos de marzo, se realiz\u00f3 la exhibici\u00f3n y materializaci\u00f3n del contenido digital. En ese momento, los agentes informaron que hallaron una\u00a0<u><b>conversaci\u00f3n entre Varela con Martha Sof\u00eda Brazales.<\/b><\/u><\/p>\n<\/div>\n<div class=\"Citavistazo\">\u201cInteractuaban referente a la existencia de informaci\u00f3n de documentos y un dispositivo de almacenamiento que estar\u00eda bajo su custodia, los cuales dispondr\u00edan de informaci\u00f3n que posiblemente guardar\u00eda relaci\u00f3n con los hechos investigados y con las funciones que desempe\u00f1aba la persona procesada cuando fue Comandante General de la Polic\u00eda Nacional\u201d, dice un documento oficial de la Fiscal\u00eda ingresado al expediente del caso.<\/div>\n<div class=\"paragraph texto\">\n<p class=\"p_11\">Con este indicio, la Fiscal\u00eda procedi\u00f3 a pedir y luego ejecutar el allanamiento de la edec\u00e1n.<\/p>\n<\/div>\n<div class=\"multimediaMacroWrapper img lateral\">\n<figure class=\"contentMedia art-img\">\n<div><img decoding=\"async\" class=\" lazyloaded\" title=\"Memoria incautada a la edec\u00e1n.\" src=\"https:\/\/www.vistazo.com\/placeholder\/svg\/viewbox\/768x514\" sizes=\"100vw\" srcset=\"\/\/www.vistazo.com\/binrepository\/768x514\/0c0\/0d0\/none\/12727\/TCYO\/memoria-edecan-tannya-varela-2629046-2629046_2629046_20260305184516.jpg 768w,\/\/www.vistazo.com\/binrepository\/640x428\/0c0\/0d0\/none\/12727\/TCYL\/memoria-edecan-tannya-varela-2629046-2629046_2629046_20260305184516.jpg 640w,\/\/www.vistazo.com\/binrepository\/512x343\/0c0\/0d0\/none\/12727\/TCYF\/memoria-edecan-tannya-varela-2629046-2629046_2629046_20260305184516.jpg 512w,\/\/www.vistazo.com\/binrepository\/384x257\/0c0\/0d0\/none\/12727\/TCYI\/memoria-edecan-tannya-varela-2629046-2629046_2629046_20260305184516.jpg 384w,\/\/www.vistazo.com\/binrepository\/300x201\/0c0\/0d0\/none\/12727\/TCYH\/memoria-edecan-tannya-varela-2629046-2629046_2629046_20260305184516.jpg 300w\" alt=\"$!Memoria incautada a la edec\u00e1n.\" width=\"768\" height=\"514\" data-srcset=\"\/\/www.vistazo.com\/binrepository\/768x514\/0c0\/0d0\/none\/12727\/TCYO\/memoria-edecan-tannya-varela-2629046-2629046_2629046_20260305184516.jpg 768w,\/\/www.vistazo.com\/binrepository\/640x428\/0c0\/0d0\/none\/12727\/TCYL\/memoria-edecan-tannya-varela-2629046-2629046_2629046_20260305184516.jpg 640w,\/\/www.vistazo.com\/binrepository\/512x343\/0c0\/0d0\/none\/12727\/TCYF\/memoria-edecan-tannya-varela-2629046-2629046_2629046_20260305184516.jpg 512w,\/\/www.vistazo.com\/binrepository\/384x257\/0c0\/0d0\/none\/12727\/TCYI\/memoria-edecan-tannya-varela-2629046-2629046_2629046_20260305184516.jpg 384w,\/\/www.vistazo.com\/binrepository\/300x201\/0c0\/0d0\/none\/12727\/TCYH\/memoria-edecan-tannya-varela-2629046-2629046_2629046_20260305184516.jpg 300w\" \/><\/div>\n<div class=\"cutline-byline\"><span class=\"cutline-text\">Memoria incautada a la edec\u00e1n.<\/span>\u00a0<span class=\"byline-image\">(Foto: Fiscal\u00eda )<\/span><\/div>\n<\/figure>\n<\/div>\n<h2 class=\"h2vistazo\">FILTRACI\u00d3N DE INFORMACI\u00d3N<\/h2>\n<div class=\"paragraph texto\">\n<p class=\"p_13\">El Ministerio P\u00fablico sostiene que sobre la investigaci\u00f3n previa, denominada \u2018Le\u00f3n de Troya\u2019, exist\u00eda una reserva legal y judicial. Sin embargo, informaci\u00f3n de ese caso fue filtrada en<u><b>\u00a0tres eventos claramente identificados:<\/b><\/u><\/p>\n<\/div>\n<ul>\n<li class=\"bulletvistazo\">El 7 de julio de 2021: cuando altos mandos policiales habr\u00edan entregado informaci\u00f3n reservada al entonces presidente de la Rep\u00fablica, Guillermo Lasso. Esos datos ten\u00edan que ver con su cu\u00f1ado, Danilo Carrera, sentenciado en el caso Encuentro.<\/li>\n<li class=\"bulletvistazo\">El 12 de febrero de 2023: mediante la presunta remisi\u00f3n de contenidos t\u00e9cnicos reservados por parte de un agente investigador a un tercero.<\/li>\n<li class=\"bulletvistazo\">El 13 de febrero de 2023: cuando dicha informaci\u00f3n fue divulgada p\u00fablicamente a trav\u00e9s del medio digital La Posta ampliando su exposici\u00f3n y alcance.<\/li>\n<\/ul>\n<div class=\"paragraph texto\">\n<p class=\"p_14\">Durante la audiencia de formulaci\u00f3n de cargos, se explic\u00f3 que Varela y los otros dos sujetos habr\u00edan\u00a0<u><b>puesto en riesgo al equipo que investig\u00f3 los nexos de la mafia albanesa con Ecuador<\/b><\/u>.<\/p>\n<\/div>\n<h2 class=\"h2vistazo\">GUILLERMO LASSO TAMBI\u00c9N RINDI\u00d3 VERSI\u00d3N<\/h2>\n<div class=\"paragraph texto\">\n<p class=\"p_16\">En el expediente del caso de filtraci\u00f3n de informaci\u00f3n se detalla que el exmandatario,\u00a0<b>Guillermo Lasso<\/b>, ya rindi\u00f3 versi\u00f3n.<\/p>\n<p class=\"p_17\">Por otro lado, la Fiscal\u00eda solicit\u00f3 que se agreguen al proceso documentaci\u00f3n sobre el expresidente y<u><b>\u00a0entrevistas en las que habla de su cu\u00f1ado, Danilo Carrera.<\/b><\/u><\/p>\n<p class=\"p_18\">El 19 de marzo termina la instrucci\u00f3n fiscal, si es que no hay m\u00e1s personas vinculadas.<\/p>\n<p class=\"p_19\">Mientras tanto, Varela y los otros dos agentes deben cumplir con\u00a0<u><b>presentaciones peri\u00f3dicas ante la autoridad competente y tienen prohibici\u00f3n de salida del pa\u00eds<\/b><\/u>. <strong>Fuente: Vistazo<\/strong><\/p>\n<\/div>\n","protected":false},"excerpt":{"rendered":"<p>Martha Sof\u00eda Brazales, quien fue edec\u00e1n de\u00a0Tannya Varela, rindi\u00f3 versi\u00f3n dentro del caso de presunta\u00a0difusi\u00f3n de informaci\u00f3n de circulaci\u00f3n restringida, que la Fiscal\u00eda investiga en contra de la excomandante de la Polic\u00eda y otros dos agentes. El pasado mi\u00e9rcoles, cuatro de marzo, el Ministerio P\u00fablico junto a la Polic\u00eda ejecut\u00f3 un allanamiento en una\u00a0vivienda de la parroquia Pomasqui, en el extremo norte de Quito, para recabar indicios en el marco de la instrucci\u00f3n fiscal del caso. En el inmueble habitaba\u00a0Martha Sof\u00eda Brazales, quien se encargaba de la seguridad de Tannya Varela cuando era comandante general de la Polic\u00eda. Durante la intervenci\u00f3n, se levantaron\u00a0una memoria externa y documentos\u00a0que contendr\u00edan informaci\u00f3n relevante para la investigaci\u00f3n, en la que tambi\u00e9n est\u00e1n implicados el coronel Jos\u00e9 Luis Erazo y el exteniente Rodney Rangel. Asimismo, Brazales qued\u00f3 detenida para rendir versi\u00f3n, pero luego fue liberada. Allanamiento de la casa de la edec\u00e1n.\u00a0(Foto: Fiscal\u00eda ) \u00bfPOR QU\u00c9 ALLANARON A LA EDEC\u00c1N DE VARELA? Este caso de presunta filtraci\u00f3n de informaci\u00f3n, relacionada a una investigaci\u00f3n por narcotr\u00e1fico llamada \u2018Le\u00f3n de Troya\u2019, empez\u00f3 el 19 de diciembre del 2025 cuando arranc\u00f3 la instrucci\u00f3n fiscal con\u00a0la detenci\u00f3n de Varela y los otros dos sospechosos. En esa primera diligencia, las autoridades incautaron el\u00a0celular de la excomandante\u00a0y una computadora personal. Los indicios fueron ingresados bajo cadena de custodia y el 29 de enero de 2026 se realiz\u00f3 la audiencia privada para aperturar los dispositivos. Posteriormente, el dos de marzo, se realiz\u00f3 la exhibici\u00f3n y materializaci\u00f3n del contenido digital. En ese momento, los agentes informaron que hallaron una\u00a0conversaci\u00f3n entre Varela con Martha Sof\u00eda Brazales. \u201cInteractuaban referente a la existencia de informaci\u00f3n de documentos y un dispositivo de almacenamiento que estar\u00eda bajo su custodia, los cuales dispondr\u00edan de informaci\u00f3n que posiblemente guardar\u00eda relaci\u00f3n con los hechos investigados y con las funciones que desempe\u00f1aba la persona procesada cuando fue Comandante General de la Polic\u00eda Nacional\u201d, dice un documento oficial de la Fiscal\u00eda ingresado al expediente del caso. Con este indicio, la Fiscal\u00eda procedi\u00f3 a pedir y luego ejecutar el allanamiento de la edec\u00e1n. Memoria incautada a la edec\u00e1n.\u00a0(Foto: Fiscal\u00eda ) FILTRACI\u00d3N DE INFORMACI\u00d3N El Ministerio P\u00fablico sostiene que sobre la investigaci\u00f3n previa, denominada \u2018Le\u00f3n de Troya\u2019, exist\u00eda una reserva legal y judicial. Sin embargo, informaci\u00f3n de ese caso fue filtrada en\u00a0tres eventos claramente identificados: El 7 de julio de 2021: cuando altos mandos policiales habr\u00edan entregado informaci\u00f3n reservada al entonces presidente de la Rep\u00fablica, Guillermo Lasso. Esos datos ten\u00edan que ver con su cu\u00f1ado, Danilo Carrera, sentenciado en el caso Encuentro. El 12 de febrero de 2023: mediante la presunta remisi\u00f3n de contenidos t\u00e9cnicos reservados por parte de un agente investigador a un tercero. El 13 de febrero de 2023: cuando dicha informaci\u00f3n fue divulgada p\u00fablicamente a trav\u00e9s del medio digital La Posta ampliando su exposici\u00f3n y alcance. Durante la audiencia de formulaci\u00f3n de cargos, se explic\u00f3 que Varela y los otros dos sujetos habr\u00edan\u00a0puesto en riesgo al equipo que investig\u00f3 los nexos de la mafia albanesa con Ecuador. GUILLERMO LASSO TAMBI\u00c9N RINDI\u00d3 VERSI\u00d3N En el expediente del caso de filtraci\u00f3n de informaci\u00f3n se detalla que el exmandatario,\u00a0Guillermo Lasso, ya rindi\u00f3 versi\u00f3n. Por otro lado, la Fiscal\u00eda solicit\u00f3 que se agreguen al proceso documentaci\u00f3n sobre el expresidente y\u00a0entrevistas en las que habla de su cu\u00f1ado, Danilo Carrera. El 19 de marzo termina la instrucci\u00f3n fiscal, si es que no hay m\u00e1s personas vinculadas. Mientras tanto, Varela y los otros dos agentes deben cumplir con\u00a0presentaciones peri\u00f3dicas ante la autoridad competente y tienen prohibici\u00f3n de salida del pa\u00eds. Fuente: Vistazo<\/p>\n","protected":false},"author":1,"featured_media":29778,"comment_status":"closed","ping_status":"closed","sticky":false,"template":"","format":"standard","meta":{"footnotes":""},"categories":[268],"tags":[],"class_list":["post-29777","post","type-post","status-publish","format-standard","has-post-thumbnail","hentry","category-nacionales"],"_links":{"self":[{"href":"https:\/\/www.elamazonico.com\/portal\/wp-json\/wp\/v2\/posts\/29777","targetHints":{"allow":["GET"]}}],"collection":[{"href":"https:\/\/www.elamazonico.com\/portal\/wp-json\/wp\/v2\/posts"}],"about":[{"href":"https:\/\/www.elamazonico.com\/portal\/wp-json\/wp\/v2\/types\/post"}],"author":[{"embeddable":true,"href":"https:\/\/www.elamazonico.com\/portal\/wp-json\/wp\/v2\/users\/1"}],"replies":[{"embeddable":true,"href":"https:\/\/www.elamazonico.com\/portal\/wp-json\/wp\/v2\/comments?post=29777"}],"version-history":[{"count":1,"href":"https:\/\/www.elamazonico.com\/portal\/wp-json\/wp\/v2\/posts\/29777\/revisions"}],"predecessor-version":[{"id":29779,"href":"https:\/\/www.elamazonico.com\/portal\/wp-json\/wp\/v2\/posts\/29777\/revisions\/29779"}],"wp:featuredmedia":[{"embeddable":true,"href":"https:\/\/www.elamazonico.com\/portal\/wp-json\/wp\/v2\/media\/29778"}],"wp:attachment":[{"href":"https:\/\/www.elamazonico.com\/portal\/wp-json\/wp\/v2\/media?parent=29777"}],"wp:term":[{"taxonomy":"category","embeddable":true,"href":"https:\/\/www.elamazonico.com\/portal\/wp-json\/wp\/v2\/categories?post=29777"},{"taxonomy":"post_tag","embeddable":true,"href":"https:\/\/www.elamazonico.com\/portal\/wp-json\/wp\/v2\/tags?post=29777"}],"curies":[{"name":"wp","href":"https:\/\/api.w.org\/{rel}","templated":true}]}}