{"id":29754,"date":"2026-03-05T20:08:04","date_gmt":"2026-03-06T01:08:04","guid":{"rendered":"https:\/\/www.elamazonico.com\/portal\/?p=29754"},"modified":"2026-03-05T20:08:04","modified_gmt":"2026-03-06T01:08:04","slug":"alias-fede-y-alias-patucho-celso-fueron-sentenciados-a-nueve-anos-de-prision","status":"publish","type":"post","link":"https:\/\/www.elamazonico.com\/portal\/alias-fede-y-alias-patucho-celso-fueron-sentenciados-a-nueve-anos-de-prision\/","title":{"rendered":"Alias \u2018Fede\u2019 y alias \u2018Patucho Celso\u2019 fueron sentenciados a nueve a\u00f1os de prisi\u00f3n"},"content":{"rendered":"<div class=\"paragraph texto\">\n<p class=\"p_0\"><b>Un tribunal penal del Guayas sentenci\u00f3 a 9 a\u00f1os y 4 meses de prisi\u00f3n a once personas procesadas por tr\u00e1fico de armas, entre ellas Celso Moreira, alias \u2018Patucho Celso\u2019, se\u00f1alado por el Gobierno como \u201cl\u00edder invisible\u201d de la organizaci\u00f3n criminal\u00a0<a href=\"https:\/\/www.vistazo.com\/metadatos\/-\/meta\/los-choneros\">Los Choneros<\/a>, y Rolando G\u00f3mez, alias \u2018Fede\u2019, l\u00edder del grupo delictivo Los \u00c1guilas.<\/b><\/p>\n<p class=\"p_2\">La sentencia fue emitida tras acoger las pruebas presentadas por la\u00a0<b>Fiscal\u00eda General del Estado<\/b>, que vincul\u00f3 a los acusados con el delito de tr\u00e1fico il\u00edcito de armas.<\/p>\n<p class=\"p_3\">Los procesados fueron<b>\u00a0detenidos inicialmente el 10 de mayo de 2024<\/b>, durante un operativo ejecutado en una finca ubicada en el kil\u00f3metro 36 de la\u00a0<b>V\u00eda a la Costa<\/b>, en el norte de Guayaquil, donde hab\u00edan asistido a una\u00a0<b>fiesta<\/b>.<\/p>\n<div>\n<div class=\"trv-player-container\">\n<div class=\"trv-wrapper\">\n<div id=\"br_video_player_ca4c91361aee79088f800a57f46b525a7a4d6079\" class=\"trvd_video_player trvdfloater trv-right\">\n<div class=\"media-player\">\n<div class=\"trv-poster\"><\/div>\n<\/div>\n<\/div>\n<\/div>\n<\/div>\n<\/div>\n<div class=\"Center2Display\">\n<div id=\"Center2\" data-google-query-id=\"CM6e7a-KipMDFVOLWgUdjvkqcA\">\n<div id=\"google_ads_iframe_\/21839199781\/Vistazo\/Vistazo_Center2_0__container__\">Pese a la gravedad de las acusaciones, d\u00edas despu\u00e9s de la aprehensi\u00f3n ambos cabecillas recibieron <b>medidas sustitutivas a la prisi\u00f3n preventiva\u00a0<\/b>por decisi\u00f3n de un juez, lo que les permiti\u00f3 recuperar su libertad.<\/div>\n<\/div>\n<\/div>\n<\/div>\n<h2 class=\"h2vistazo\">Meses evadiendo la justicia<\/h2>\n<div class=\"paragraph texto\">\n<p class=\"p_5\">La situaci\u00f3n cambi\u00f3 meses despu\u00e9s. El 30 de enero de 2025, alias \u2018Fede\u2019, considerado entonces por la Polic\u00eda como un\u00a0<b>objetivo de alto valor<\/b>, fue detenido nuevamente en una urbanizaci\u00f3n privada de la parroquia\u00a0<b>La Aurora<\/b>, en Guayas.<\/p>\n<p class=\"p_6\">El arresto se produjo durante el operativo denominado\u00a0<b>Gran F\u00e9nix 1<\/b>, en el que tambi\u00e9n fueron capturadas otras tres personas presuntamente dedicadas al<b>\u00a0acopio y camuflaje de droga.<\/b><\/p>\n<p class=\"p_8\">Durante el allanamiento, las autoridades incautaron\u00a0<b>232 paquetes de coca\u00edna, 18.030 gramos de hero\u00edna, nueve fusiles, 4.950 cartuchos de distintos calibres y uniformes policiales<\/b>, seg\u00fan inform\u00f3 el coronel H\u00f3lguer Cortez, director nacional antinarc\u00f3ticos de la Polic\u00eda Nacional del Ecuador.<\/p>\n<p class=\"p_9\">Sin embargo, el 20 de junio de 2025\u00a0<b>G\u00f3mez Quinde se fug\u00f3 de la Penitenciar\u00eda del Litoral<\/b>\u00a0utilizando un uniforme militar que presuntamente obtuvo con la complicidad de personal de seguridad del centro carcelario.<\/p>\n<p class=\"p_10\">La evasi\u00f3n deriv\u00f3 en<b>\u00a0procesos judiciales contra 22 personas acusadas de facilitar su fuga<\/b>, mientras que la Interpol emiti\u00f3 una notificaci\u00f3n roja para su localizaci\u00f3n.<\/p>\n<p class=\"p_11\">Tras labores de inteligencia que permitieron rastrear sus movimientos migratorios y v\u00ednculos familiares,\u00a0<b>alias \u2018Fede\u2019 fue recapturado el 2 de octubre de 2025 en Medell\u00edn, Colombia<\/b>, durante el operativo internacional \u2018Furia\u2019, ejecutado conjuntamente por la Polic\u00eda ecuatoriana, la Polic\u00eda colombiana y la Armada de ese pa\u00eds.<\/p>\n<p class=\"p_12\">El l\u00edder criminal fue detenido en un edificio residencial, donde\u00a0<b>intent\u00f3<\/b>\u00a0<b>identificarse con una c\u00e9dula falsa<\/b>\u00a0para evadir a las autoridades. Desde entonces permanec\u00eda en prisi\u00f3n hasta la sentencia dictada este jueves.<\/p>\n<p class=\"p_13\">Por su parte,<b>\u00a0Celso Moreira fue recapturado el 10 de septiembre de 2025 por las Fuerzas Armadas del Ecuador en el cant\u00f3n Sucre<\/b>, en la provincia de Manab\u00ed, tras varios d\u00edas de seguimiento e inteligencia.<\/p>\n<p class=\"p_15\">En ese operativo fueron detenidas otras cinco personas, quienes tambi\u00e9n enfrentaron cargos por\u00a0<b>delincuencia organizada.<\/b><\/p>\n<p class=\"p_16\">Tras la valoraci\u00f3n de las pruebas presentadas por la Fiscal\u00eda, el tribunal determin\u00f3 la responsabilidad penal de los acusados por tr\u00e1fico il\u00edcito de armas y\u00a0<b>dict\u00f3 la condena de 9 a\u00f1os y 4 meses de prisi\u00f3n para los once procesados. Fuente: Vistazo<\/b><\/p>\n<\/div>\n","protected":false},"excerpt":{"rendered":"<p>Un tribunal penal del Guayas sentenci\u00f3 a 9 a\u00f1os y 4 meses de prisi\u00f3n a once personas procesadas por tr\u00e1fico de armas, entre ellas Celso Moreira, alias \u2018Patucho Celso\u2019, se\u00f1alado por el Gobierno como \u201cl\u00edder invisible\u201d de la organizaci\u00f3n criminal\u00a0Los Choneros, y Rolando G\u00f3mez, alias \u2018Fede\u2019, l\u00edder del grupo delictivo Los \u00c1guilas. La sentencia fue emitida tras acoger las pruebas presentadas por la\u00a0Fiscal\u00eda General del Estado, que vincul\u00f3 a los acusados con el delito de tr\u00e1fico il\u00edcito de armas. Los procesados fueron\u00a0detenidos inicialmente el 10 de mayo de 2024, durante un operativo ejecutado en una finca ubicada en el kil\u00f3metro 36 de la\u00a0V\u00eda a la Costa, en el norte de Guayaquil, donde hab\u00edan asistido a una\u00a0fiesta. Pese a la gravedad de las acusaciones, d\u00edas despu\u00e9s de la aprehensi\u00f3n ambos cabecillas recibieron medidas sustitutivas a la prisi\u00f3n preventiva\u00a0por decisi\u00f3n de un juez, lo que les permiti\u00f3 recuperar su libertad. Meses evadiendo la justicia La situaci\u00f3n cambi\u00f3 meses despu\u00e9s. El 30 de enero de 2025, alias \u2018Fede\u2019, considerado entonces por la Polic\u00eda como un\u00a0objetivo de alto valor, fue detenido nuevamente en una urbanizaci\u00f3n privada de la parroquia\u00a0La Aurora, en Guayas. El arresto se produjo durante el operativo denominado\u00a0Gran F\u00e9nix 1, en el que tambi\u00e9n fueron capturadas otras tres personas presuntamente dedicadas al\u00a0acopio y camuflaje de droga. Durante el allanamiento, las autoridades incautaron\u00a0232 paquetes de coca\u00edna, 18.030 gramos de hero\u00edna, nueve fusiles, 4.950 cartuchos de distintos calibres y uniformes policiales, seg\u00fan inform\u00f3 el coronel H\u00f3lguer Cortez, director nacional antinarc\u00f3ticos de la Polic\u00eda Nacional del Ecuador. Sin embargo, el 20 de junio de 2025\u00a0G\u00f3mez Quinde se fug\u00f3 de la Penitenciar\u00eda del Litoral\u00a0utilizando un uniforme militar que presuntamente obtuvo con la complicidad de personal de seguridad del centro carcelario. La evasi\u00f3n deriv\u00f3 en\u00a0procesos judiciales contra 22 personas acusadas de facilitar su fuga, mientras que la Interpol emiti\u00f3 una notificaci\u00f3n roja para su localizaci\u00f3n. Tras labores de inteligencia que permitieron rastrear sus movimientos migratorios y v\u00ednculos familiares,\u00a0alias \u2018Fede\u2019 fue recapturado el 2 de octubre de 2025 en Medell\u00edn, Colombia, durante el operativo internacional \u2018Furia\u2019, ejecutado conjuntamente por la Polic\u00eda ecuatoriana, la Polic\u00eda colombiana y la Armada de ese pa\u00eds. El l\u00edder criminal fue detenido en un edificio residencial, donde\u00a0intent\u00f3\u00a0identificarse con una c\u00e9dula falsa\u00a0para evadir a las autoridades. Desde entonces permanec\u00eda en prisi\u00f3n hasta la sentencia dictada este jueves. Por su parte,\u00a0Celso Moreira fue recapturado el 10 de septiembre de 2025 por las Fuerzas Armadas del Ecuador en el cant\u00f3n Sucre, en la provincia de Manab\u00ed, tras varios d\u00edas de seguimiento e inteligencia. En ese operativo fueron detenidas otras cinco personas, quienes tambi\u00e9n enfrentaron cargos por\u00a0delincuencia organizada. Tras la valoraci\u00f3n de las pruebas presentadas por la Fiscal\u00eda, el tribunal determin\u00f3 la responsabilidad penal de los acusados por tr\u00e1fico il\u00edcito de armas y\u00a0dict\u00f3 la condena de 9 a\u00f1os y 4 meses de prisi\u00f3n para los once procesados. Fuente: Vistazo<\/p>\n","protected":false},"author":1,"featured_media":29755,"comment_status":"closed","ping_status":"closed","sticky":false,"template":"","format":"standard","meta":{"footnotes":""},"categories":[268],"tags":[],"class_list":["post-29754","post","type-post","status-publish","format-standard","has-post-thumbnail","hentry","category-nacionales"],"_links":{"self":[{"href":"https:\/\/www.elamazonico.com\/portal\/wp-json\/wp\/v2\/posts\/29754","targetHints":{"allow":["GET"]}}],"collection":[{"href":"https:\/\/www.elamazonico.com\/portal\/wp-json\/wp\/v2\/posts"}],"about":[{"href":"https:\/\/www.elamazonico.com\/portal\/wp-json\/wp\/v2\/types\/post"}],"author":[{"embeddable":true,"href":"https:\/\/www.elamazonico.com\/portal\/wp-json\/wp\/v2\/users\/1"}],"replies":[{"embeddable":true,"href":"https:\/\/www.elamazonico.com\/portal\/wp-json\/wp\/v2\/comments?post=29754"}],"version-history":[{"count":1,"href":"https:\/\/www.elamazonico.com\/portal\/wp-json\/wp\/v2\/posts\/29754\/revisions"}],"predecessor-version":[{"id":29756,"href":"https:\/\/www.elamazonico.com\/portal\/wp-json\/wp\/v2\/posts\/29754\/revisions\/29756"}],"wp:featuredmedia":[{"embeddable":true,"href":"https:\/\/www.elamazonico.com\/portal\/wp-json\/wp\/v2\/media\/29755"}],"wp:attachment":[{"href":"https:\/\/www.elamazonico.com\/portal\/wp-json\/wp\/v2\/media?parent=29754"}],"wp:term":[{"taxonomy":"category","embeddable":true,"href":"https:\/\/www.elamazonico.com\/portal\/wp-json\/wp\/v2\/categories?post=29754"},{"taxonomy":"post_tag","embeddable":true,"href":"https:\/\/www.elamazonico.com\/portal\/wp-json\/wp\/v2\/tags?post=29754"}],"curies":[{"name":"wp","href":"https:\/\/api.w.org\/{rel}","templated":true}]}}