{"id":29740,"date":"2026-03-05T06:12:09","date_gmt":"2026-03-05T11:12:09","guid":{"rendered":"https:\/\/www.elamazonico.com\/portal\/?p=29740"},"modified":"2026-03-05T06:12:09","modified_gmt":"2026-03-05T11:12:09","slug":"embajada-de-cuba-en-ecuador-acusada-de-espionaje-por-que-salio-del-pais","status":"publish","type":"post","link":"https:\/\/www.elamazonico.com\/portal\/embajada-de-cuba-en-ecuador-acusada-de-espionaje-por-que-salio-del-pais\/","title":{"rendered":"Embajada de Cuba en Ecuador acusada de espionaje: por qu\u00e9 sali\u00f3 del pa\u00eds"},"content":{"rendered":"<div class=\"paragraph texto\">\n<p class=\"p_0\"><b>La decisi\u00f3n caus\u00f3 revuelo. El Gobierno de Ecuador declar\u00f3 persona non grata al embajador cubano acreditado en el pa\u00eds,\u00a0<a href=\"https:\/\/www.vistazo.com\/politica\/nacional\/2026-03-04-quien-esbasilio-antonio-gutierrez-garcia-esto-se-sabe-embajador-no-grato-ecuador-BE10722524\">Basilio Guti\u00e9rrez Garc\u00eda<\/a>, y dio un plazo de 48 horas para abandonar el territorio ecuatoriano a esa misi\u00f3n. La raz\u00f3n de fondo se relaciona con cargos de espionaje.<\/b><\/p>\n<p class=\"p_2\">De acuerdo con datos a los que accedi\u00f3 esta alianza,\u00a0<b>informes internos de inteligencia<\/b>\u00a0sustentan esta resoluci\u00f3n.<\/p>\n<p class=\"p_3\">En las protestas antigubernamentales de octubre de 2019, un grupo de 17 extranjeros, entre cubanos y venezolanos, fue detenido en las inmediaciones del aeropuerto de Tababela, en la ciudad de Quito, bajo cargos de<b>\u00a0espiar al gobierno de la \u00e9poca.<\/b>\u00a0Por entonces el presidente era\u00a0<b>Len\u00edn Moreno.<\/b><\/p>\n<div>\n<div class=\"trv-player-container\">\n<div class=\"trv-wrapper\">\n<div id=\"br_video_player_64000863bb6a48d1b83d0a57f46b525a7a4d6079\" class=\"trvd_video_player trvdfloater trv-right\">\n<div class=\"trv-autoskip-container\">\n<div class=\"trv-autoskip-background\">\n<div class=\"trv-autoskip-line-top\">\n<div><\/div>\n<\/div>\n<div class=\"trv-autoskip-line-right\">\n<div><b>\u201cSe detectaron irregularidades relacionadas con personas extranjeras\u201d<\/b>, seg\u00fan el general Patricio Carrillo, que entonces era Director General de Operaciones de la Polic\u00eda.<\/div>\n<\/div>\n<\/div>\n<\/div>\n<\/div>\n<\/div>\n<\/div>\n<\/div>\n<p class=\"p_5\">Algunos de los detenidos\u00a0<b>no portaban su identificaci\u00f3n<\/b>, aseguraron las autoridades de Gobierno por ese entonces.<\/p>\n<p class=\"p_6\">La detenci\u00f3n ocurri\u00f3 el 13 de octubre de ese a\u00f1o, justo\u00a0<b>un d\u00eda despu\u00e9s del pico de las protestas<\/b>, que tuvieron en vilo al poder Ejecutivo.<\/p>\n<p class=\"p_7\">Los presuntos esp\u00edas, seg\u00fan datos de Inteligencia,\u00a0<b>operaban con la cobertura de una compa\u00f1\u00eda de taxis.\u00a0<\/b>En las primeras investigaciones se hallaron evidencias de que conoc\u00edan sobre los viajes presidenciales, cronogramas, itinerarios y destinos, con precisi\u00f3n de detalles.<\/p>\n<p class=\"p_8\">Estas protestas fueron causadas luego de un\u00a0<b>paquete de medidas anunciado por Moreno<\/b>. La m\u00e1s controversial, el fin del subsidio al diesel y la gasolina extra.<\/p>\n<\/div>\n<h2 class=\"h2vistazo\">Consecuencias<\/h2>\n<div class=\"paragraph texto\">\n<p class=\"p_9\">Como resultado de estos hechos de supuesto espionaje, el gobierno de Moreno decidi\u00f3 en noviembre de 2019 el\u00a0<b>fin de las Operaci\u00f3n Milagro\u00a0<\/b>desde Cuba.<\/p>\n<p class=\"p_10\">Se trata de<b>\u00a0un programa de apoyo m\u00e9dico<\/b>\u00a0que enviaba la isla con especialistas cubanos. A la fecha de su conclusi\u00f3n, hab\u00eda\u00a0<b>seis convenios<\/b>\u00a0en marcha.<\/p>\n<p class=\"p_11\">En realidad,\u00a0<b>la Operaci\u00f3n Milagro hab\u00eda comenzado en 1992 en Ecuador.<\/b>\u00a0Para 2006, seg\u00fan report\u00f3 la embajada de Cuba, 153 colaboradores participaron en<b>\u00a0168.543 intervenciones quir\u00fargicas<\/b>. De ese total, 118.575 correspondieron a pterigium y 4.609 a cataratas.<\/p>\n<p class=\"p_12\">El entonces presidente Rafael Correa visit\u00f3 Cuba en enero de 2009. Y en esa ocasi\u00f3n firm\u00f3 el convenio marco de cooperaci\u00f3n en salud.\u00a0<b>Este hito fortaleci\u00f3 la cooperaci\u00f3n por los siguientes diez a\u00f1os.<\/b><\/p>\n<p class=\"p_13\">Para junio de ese 2009, mediante el\u00a0<b>convenio de cooperaci\u00f3n interinstitucional\u00a0<\/b>entre la Vicepresidencia de Ecuador (a cargo de Lenin Moreno) y el ministerio de Salud de Cuba, se realiz\u00f3 otro proyecto.<\/p>\n<p class=\"p_15\">Se trat\u00f3 del\u00a0<b>estudio psicosocial, pedag\u00f3gico y cl\u00ednico Manuela Espejo<\/b>\u00a0para detectar personas con discapacidad. La misi\u00f3n solidaria Manuela Espejo atendi\u00f3 m\u00e1s de\u00a0<b>825 mil personas.<\/b><\/p>\n<p class=\"p_16\">Hacia 2013, por un convenio con la seguridad social ecuatoriana,\u00a0<b>293 m\u00e9dicos cubanos prestaron sus servicios<\/b>\u00a0en 52 unidades de salud.<\/p>\n<\/div>\n<h2 class=\"h2vistazo\">\u00bfTambi\u00e9n era espionaje?<\/h2>\n<div class=\"paragraph texto\">\n<p class=\"p_17\">Fuentes consultadas por este medio informaron que todo el trabajo de las misiones m\u00e9dicas estuvo atravesado por un\u00a0<b>eje de espionaje y vigilancia.<\/b><\/p>\n<p class=\"p_18\">Seg\u00fan la informaci\u00f3n, detr\u00e1s de las intervenciones de m\u00e9dicos hubo una agenda para\u00a0<b>espiar el accionar gubernamental<\/b>, especialmente, luego de que las relaciones entre el corre\u00edsmo y el morenismo sufrieron un\u00a0<b>quiebre<\/b>.<\/p>\n<p class=\"p_19\">Desde el inicio de la colaboraci\u00f3n m\u00e9dica en este pa\u00eds hasta la fecha, han brindado sus servicios en Ecuador un total de\u00a0<b>3.565 profesionales de la salud cubana.<\/b>\u00a0Se han realizado 6 millones 749 mil 666 consultas m\u00e9dicas, 212.360 intervenciones quir\u00fargicas, han asistido 3.548 partos y han aplicado 100.084 dosis de vacunaci\u00f3n, seg\u00fan la\u00a0<b>delegaci\u00f3n cubana<\/b>, cuando fue\u00a0<b>notificada del cierre unilateral del convenio<\/b>, en noviembre de 2019.<\/p>\n<\/div>\n<div class=\"Citavistazo\">\u201cEn todo momento, los profesionales cubanos de la salud se han atenido estrictamente a desempe\u00f1ar las funciones que le fueron encomendadas por el sistema de salud de Ecuador en cumplimiento riguroso de la letra de los acuerdos firmados\u201d.<\/div>\n<div class=\"paragraph texto\">\n<p class=\"p_20\">Las investigaciones mostraron que en 2019 algunos de los extranjeros detenidos, presuntos taxistas, ten\u00edan\u00a0<b>grandes cantidades de dinero consigo\u00a0<\/b>y no pudieron justificar su origen.<\/p>\n<p class=\"p_22\">El patr\u00f3n se habr\u00eda vuelto a repetir en 2022, durante las protestas que siguieron a\u00a0<b>medidas econ\u00f3micas adoptadas por el gobierno de Guillermo Lasso. Fuente: Vistazo<\/b><\/p>\n<\/div>\n","protected":false},"excerpt":{"rendered":"<p>La decisi\u00f3n caus\u00f3 revuelo. El Gobierno de Ecuador declar\u00f3 persona non grata al embajador cubano acreditado en el pa\u00eds,\u00a0Basilio Guti\u00e9rrez Garc\u00eda, y dio un plazo de 48 horas para abandonar el territorio ecuatoriano a esa misi\u00f3n. La raz\u00f3n de fondo se relaciona con cargos de espionaje. De acuerdo con datos a los que accedi\u00f3 esta alianza,\u00a0informes internos de inteligencia\u00a0sustentan esta resoluci\u00f3n. En las protestas antigubernamentales de octubre de 2019, un grupo de 17 extranjeros, entre cubanos y venezolanos, fue detenido en las inmediaciones del aeropuerto de Tababela, en la ciudad de Quito, bajo cargos de\u00a0espiar al gobierno de la \u00e9poca.\u00a0Por entonces el presidente era\u00a0Len\u00edn Moreno. \u201cSe detectaron irregularidades relacionadas con personas extranjeras\u201d, seg\u00fan el general Patricio Carrillo, que entonces era Director General de Operaciones de la Polic\u00eda. Algunos de los detenidos\u00a0no portaban su identificaci\u00f3n, aseguraron las autoridades de Gobierno por ese entonces. La detenci\u00f3n ocurri\u00f3 el 13 de octubre de ese a\u00f1o, justo\u00a0un d\u00eda despu\u00e9s del pico de las protestas, que tuvieron en vilo al poder Ejecutivo. Los presuntos esp\u00edas, seg\u00fan datos de Inteligencia,\u00a0operaban con la cobertura de una compa\u00f1\u00eda de taxis.\u00a0En las primeras investigaciones se hallaron evidencias de que conoc\u00edan sobre los viajes presidenciales, cronogramas, itinerarios y destinos, con precisi\u00f3n de detalles. Estas protestas fueron causadas luego de un\u00a0paquete de medidas anunciado por Moreno. La m\u00e1s controversial, el fin del subsidio al diesel y la gasolina extra. Consecuencias Como resultado de estos hechos de supuesto espionaje, el gobierno de Moreno decidi\u00f3 en noviembre de 2019 el\u00a0fin de las Operaci\u00f3n Milagro\u00a0desde Cuba. Se trata de\u00a0un programa de apoyo m\u00e9dico\u00a0que enviaba la isla con especialistas cubanos. A la fecha de su conclusi\u00f3n, hab\u00eda\u00a0seis convenios\u00a0en marcha. En realidad,\u00a0la Operaci\u00f3n Milagro hab\u00eda comenzado en 1992 en Ecuador.\u00a0Para 2006, seg\u00fan report\u00f3 la embajada de Cuba, 153 colaboradores participaron en\u00a0168.543 intervenciones quir\u00fargicas. De ese total, 118.575 correspondieron a pterigium y 4.609 a cataratas. El entonces presidente Rafael Correa visit\u00f3 Cuba en enero de 2009. Y en esa ocasi\u00f3n firm\u00f3 el convenio marco de cooperaci\u00f3n en salud.\u00a0Este hito fortaleci\u00f3 la cooperaci\u00f3n por los siguientes diez a\u00f1os. Para junio de ese 2009, mediante el\u00a0convenio de cooperaci\u00f3n interinstitucional\u00a0entre la Vicepresidencia de Ecuador (a cargo de Lenin Moreno) y el ministerio de Salud de Cuba, se realiz\u00f3 otro proyecto. Se trat\u00f3 del\u00a0estudio psicosocial, pedag\u00f3gico y cl\u00ednico Manuela Espejo\u00a0para detectar personas con discapacidad. La misi\u00f3n solidaria Manuela Espejo atendi\u00f3 m\u00e1s de\u00a0825 mil personas. Hacia 2013, por un convenio con la seguridad social ecuatoriana,\u00a0293 m\u00e9dicos cubanos prestaron sus servicios\u00a0en 52 unidades de salud. \u00bfTambi\u00e9n era espionaje? Fuentes consultadas por este medio informaron que todo el trabajo de las misiones m\u00e9dicas estuvo atravesado por un\u00a0eje de espionaje y vigilancia. Seg\u00fan la informaci\u00f3n, detr\u00e1s de las intervenciones de m\u00e9dicos hubo una agenda para\u00a0espiar el accionar gubernamental, especialmente, luego de que las relaciones entre el corre\u00edsmo y el morenismo sufrieron un\u00a0quiebre. Desde el inicio de la colaboraci\u00f3n m\u00e9dica en este pa\u00eds hasta la fecha, han brindado sus servicios en Ecuador un total de\u00a03.565 profesionales de la salud cubana.\u00a0Se han realizado 6 millones 749 mil 666 consultas m\u00e9dicas, 212.360 intervenciones quir\u00fargicas, han asistido 3.548 partos y han aplicado 100.084 dosis de vacunaci\u00f3n, seg\u00fan la\u00a0delegaci\u00f3n cubana, cuando fue\u00a0notificada del cierre unilateral del convenio, en noviembre de 2019. \u201cEn todo momento, los profesionales cubanos de la salud se han atenido estrictamente a desempe\u00f1ar las funciones que le fueron encomendadas por el sistema de salud de Ecuador en cumplimiento riguroso de la letra de los acuerdos firmados\u201d. Las investigaciones mostraron que en 2019 algunos de los extranjeros detenidos, presuntos taxistas, ten\u00edan\u00a0grandes cantidades de dinero consigo\u00a0y no pudieron justificar su origen. El patr\u00f3n se habr\u00eda vuelto a repetir en 2022, durante las protestas que siguieron a\u00a0medidas econ\u00f3micas adoptadas por el gobierno de Guillermo Lasso. Fuente: Vistazo<\/p>\n","protected":false},"author":1,"featured_media":29741,"comment_status":"closed","ping_status":"closed","sticky":false,"template":"","format":"standard","meta":{"footnotes":""},"categories":[268],"tags":[],"class_list":["post-29740","post","type-post","status-publish","format-standard","has-post-thumbnail","hentry","category-nacionales"],"_links":{"self":[{"href":"https:\/\/www.elamazonico.com\/portal\/wp-json\/wp\/v2\/posts\/29740","targetHints":{"allow":["GET"]}}],"collection":[{"href":"https:\/\/www.elamazonico.com\/portal\/wp-json\/wp\/v2\/posts"}],"about":[{"href":"https:\/\/www.elamazonico.com\/portal\/wp-json\/wp\/v2\/types\/post"}],"author":[{"embeddable":true,"href":"https:\/\/www.elamazonico.com\/portal\/wp-json\/wp\/v2\/users\/1"}],"replies":[{"embeddable":true,"href":"https:\/\/www.elamazonico.com\/portal\/wp-json\/wp\/v2\/comments?post=29740"}],"version-history":[{"count":1,"href":"https:\/\/www.elamazonico.com\/portal\/wp-json\/wp\/v2\/posts\/29740\/revisions"}],"predecessor-version":[{"id":29742,"href":"https:\/\/www.elamazonico.com\/portal\/wp-json\/wp\/v2\/posts\/29740\/revisions\/29742"}],"wp:featuredmedia":[{"embeddable":true,"href":"https:\/\/www.elamazonico.com\/portal\/wp-json\/wp\/v2\/media\/29741"}],"wp:attachment":[{"href":"https:\/\/www.elamazonico.com\/portal\/wp-json\/wp\/v2\/media?parent=29740"}],"wp:term":[{"taxonomy":"category","embeddable":true,"href":"https:\/\/www.elamazonico.com\/portal\/wp-json\/wp\/v2\/categories?post=29740"},{"taxonomy":"post_tag","embeddable":true,"href":"https:\/\/www.elamazonico.com\/portal\/wp-json\/wp\/v2\/tags?post=29740"}],"curies":[{"name":"wp","href":"https:\/\/api.w.org\/{rel}","templated":true}]}}