{"id":29737,"date":"2026-03-04T19:25:07","date_gmt":"2026-03-05T00:25:07","guid":{"rendered":"https:\/\/www.elamazonico.com\/portal\/?p=29737"},"modified":"2026-03-04T19:25:07","modified_gmt":"2026-03-05T00:25:07","slug":"audiencia-aquiles-alvarez-abogado-alerta-sobre-posible-traba-con-jueces-para-apelacion-del-caso-goleada","status":"publish","type":"post","link":"https:\/\/www.elamazonico.com\/portal\/audiencia-aquiles-alvarez-abogado-alerta-sobre-posible-traba-con-jueces-para-apelacion-del-caso-goleada\/","title":{"rendered":"Audiencia Aquiles Alvarez: abogado alerta sobre posible traba con jueces para apelaci\u00f3n del \u2018Caso Goleada\u2019"},"content":{"rendered":"<div class=\"paragraph texto\">\n<p class=\"p_0\">La\u00a0<b>audiencia<\/b>\u00a0de\u00a0<b>apelaci\u00f3n<\/b>\u00a0a la prisi\u00f3n preventiva del alcalde de Guayaquil,\u00a0<b>Aquiles Alvarez<\/b>, fue convocada para este jueves 5 de marzo a las 14:00, en medio de nuevas\u00a0<b>alertas<\/b>\u00a0sobre posibles trabas en su instalaci\u00f3n dentro del denominado &#8216;<b><a href=\"https:\/\/www.vistazo.com\/cronologia\/-\/meta\/caso-goleada\">Caso Goleada<\/a><\/b>&#8216;.<\/p>\n<p class=\"p_2\">El burgomaestre permanece detenido desde el pasado 11 de febrero, tras ser vinculado a una presunta trama de\u00a0<b>delincuencia organizada<\/b>.<\/p>\n<\/div>\n<h2 class=\"h2vistazo\">Posible viaje de jueces<\/h2>\n<div class=\"paragraph texto\">\n<p class=\"p_3\">La Sala Especializada Penal para el Juzgamiento de Delitos Relacionados con Corrupci\u00f3n y Crimen Organizado de la Corte Provincial de Justicia de Pichincha\u00a0<b>reprogram\u00f3<\/b>\u00a0la diligencia, luego de que el lunes anterior no pudiera instalarse debido a la\u00a0<b>inasistencia<\/b>\u00a0del fiscal\u00a0<b>Dennis Villavicencio<\/b>.<\/p>\n<p class=\"p_5\">Sin embargo, la defensa del alcalde, encabezada por el abogado\u00a0<b>Ramiro Garc\u00eda<\/b>, advirti\u00f3 sobre un nuevo obst\u00e1culo que podr\u00eda impedir el desarrollo de la audiencia.<\/p>\n<p class=\"p_6\">Seg\u00fan un escrito presentado por Garc\u00eda, dos de los\u00a0<b>jueces<\/b>\u00a0del tribunal habr\u00edan sido delegados para asistir a un evento fuera del pa\u00eds los d\u00edas 5 y 6 de marzo.<\/p>\n<p class=\"p_7\">Se trata de los magistrados Silvana Lorena Velasco Velasco y Byron Leonardo Uzcategui Arregui, cuya ausencia \u2014seg\u00fan la defensa\u2014 pondr\u00eda en riesgo la realizaci\u00f3n de la diligencia clave para revisar la medida cautelar.<\/p>\n<p class=\"p_8\">En el documento, el abogado califica esta situaci\u00f3n como un \u201c<b>burdo intento<\/b>\u201d del\u00a0<b>Consejo de la Judicatura<\/b>\u00a0de evitar que se lleve a cabo la audiencia de apelaci\u00f3n.<\/p>\n<\/div>\n<h2 class=\"h2vistazo\">Piden audiencia telem\u00e1tica<\/h2>\n<div class=\"paragraph texto\">\n<p class=\"p_9\">En ese contexto, el abogado solicit\u00f3 que los jueces se excusen de asistir al evento o, en su defecto, que la diligencia se realice de manera\u00a0<b>telem\u00e1tica<\/b>.<\/p>\n<p class=\"p_11\">La defensa insiste en que est\u00e1 en juego la libertad de los procesados y que debe primar el principio de celeridad, conforme a lo establecido en la Constituci\u00f3n del Ecuador.<\/p>\n<p class=\"p_12\">Mientras tanto, la expectativa se mantiene sobre si la audiencia finalmente podr\u00e1 instalarse en la fecha prevista. <strong>Fuente: Vistazo<\/strong><\/p>\n<\/div>\n","protected":false},"excerpt":{"rendered":"<p>La\u00a0audiencia\u00a0de\u00a0apelaci\u00f3n\u00a0a la prisi\u00f3n preventiva del alcalde de Guayaquil,\u00a0Aquiles Alvarez, fue convocada para este jueves 5 de marzo a las 14:00, en medio de nuevas\u00a0alertas\u00a0sobre posibles trabas en su instalaci\u00f3n dentro del denominado &#8216;Caso Goleada&#8216;. El burgomaestre permanece detenido desde el pasado 11 de febrero, tras ser vinculado a una presunta trama de\u00a0delincuencia organizada. Posible viaje de jueces La Sala Especializada Penal para el Juzgamiento de Delitos Relacionados con Corrupci\u00f3n y Crimen Organizado de la Corte Provincial de Justicia de Pichincha\u00a0reprogram\u00f3\u00a0la diligencia, luego de que el lunes anterior no pudiera instalarse debido a la\u00a0inasistencia\u00a0del fiscal\u00a0Dennis Villavicencio. Sin embargo, la defensa del alcalde, encabezada por el abogado\u00a0Ramiro Garc\u00eda, advirti\u00f3 sobre un nuevo obst\u00e1culo que podr\u00eda impedir el desarrollo de la audiencia. Seg\u00fan un escrito presentado por Garc\u00eda, dos de los\u00a0jueces\u00a0del tribunal habr\u00edan sido delegados para asistir a un evento fuera del pa\u00eds los d\u00edas 5 y 6 de marzo. Se trata de los magistrados Silvana Lorena Velasco Velasco y Byron Leonardo Uzcategui Arregui, cuya ausencia \u2014seg\u00fan la defensa\u2014 pondr\u00eda en riesgo la realizaci\u00f3n de la diligencia clave para revisar la medida cautelar. En el documento, el abogado califica esta situaci\u00f3n como un \u201cburdo intento\u201d del\u00a0Consejo de la Judicatura\u00a0de evitar que se lleve a cabo la audiencia de apelaci\u00f3n. Piden audiencia telem\u00e1tica En ese contexto, el abogado solicit\u00f3 que los jueces se excusen de asistir al evento o, en su defecto, que la diligencia se realice de manera\u00a0telem\u00e1tica. La defensa insiste en que est\u00e1 en juego la libertad de los procesados y que debe primar el principio de celeridad, conforme a lo establecido en la Constituci\u00f3n del Ecuador. Mientras tanto, la expectativa se mantiene sobre si la audiencia finalmente podr\u00e1 instalarse en la fecha prevista. Fuente: Vistazo<\/p>\n","protected":false},"author":1,"featured_media":29738,"comment_status":"closed","ping_status":"closed","sticky":false,"template":"","format":"standard","meta":{"footnotes":""},"categories":[268],"tags":[],"class_list":["post-29737","post","type-post","status-publish","format-standard","has-post-thumbnail","hentry","category-nacionales"],"_links":{"self":[{"href":"https:\/\/www.elamazonico.com\/portal\/wp-json\/wp\/v2\/posts\/29737","targetHints":{"allow":["GET"]}}],"collection":[{"href":"https:\/\/www.elamazonico.com\/portal\/wp-json\/wp\/v2\/posts"}],"about":[{"href":"https:\/\/www.elamazonico.com\/portal\/wp-json\/wp\/v2\/types\/post"}],"author":[{"embeddable":true,"href":"https:\/\/www.elamazonico.com\/portal\/wp-json\/wp\/v2\/users\/1"}],"replies":[{"embeddable":true,"href":"https:\/\/www.elamazonico.com\/portal\/wp-json\/wp\/v2\/comments?post=29737"}],"version-history":[{"count":1,"href":"https:\/\/www.elamazonico.com\/portal\/wp-json\/wp\/v2\/posts\/29737\/revisions"}],"predecessor-version":[{"id":29739,"href":"https:\/\/www.elamazonico.com\/portal\/wp-json\/wp\/v2\/posts\/29737\/revisions\/29739"}],"wp:featuredmedia":[{"embeddable":true,"href":"https:\/\/www.elamazonico.com\/portal\/wp-json\/wp\/v2\/media\/29738"}],"wp:attachment":[{"href":"https:\/\/www.elamazonico.com\/portal\/wp-json\/wp\/v2\/media?parent=29737"}],"wp:term":[{"taxonomy":"category","embeddable":true,"href":"https:\/\/www.elamazonico.com\/portal\/wp-json\/wp\/v2\/categories?post=29737"},{"taxonomy":"post_tag","embeddable":true,"href":"https:\/\/www.elamazonico.com\/portal\/wp-json\/wp\/v2\/tags?post=29737"}],"curies":[{"name":"wp","href":"https:\/\/api.w.org\/{rel}","templated":true}]}}