{"id":29734,"date":"2026-03-04T19:22:57","date_gmt":"2026-03-05T00:22:57","guid":{"rendered":"https:\/\/www.elamazonico.com\/portal\/?p=29734"},"modified":"2026-03-04T19:22:57","modified_gmt":"2026-03-05T00:22:57","slug":"daniel-noboa-rompe-relaciones-con-cuba-declara-persona-non-grata-al-embajador-de-la-isla-en-ecuador","status":"publish","type":"post","link":"https:\/\/www.elamazonico.com\/portal\/daniel-noboa-rompe-relaciones-con-cuba-declara-persona-non-grata-al-embajador-de-la-isla-en-ecuador\/","title":{"rendered":"Daniel Noboa rompe relaciones con Cuba: declara persona \u2018non grata\u2019 al embajador de la isla en Ecuador"},"content":{"rendered":"<div class=\"paragraph texto\">\n<p class=\"p_0\">El gobierno del presidente\u00a0<b><a href=\"https:\/\/www.vistazo.com\/cronologia\/-\/meta\/daniel-noboa\">Daniel Noboa<\/a>\u00a0rompi\u00f3 relaciones diplom\u00e1ticas con\u00a0<a href=\"https:\/\/www.vistazo.com\/politica\/internacional\/2026-02-27-trump-cuba-toma-de-control-amistosa-venezuela-FG10705981\">Cuba<\/a><\/b>. Por un lado, dio por terminadas las funciones de su embajador en la isla,\u00a0<u><b>Jos\u00e9 Mar\u00eda Borja L\u00f3pez<\/b><\/u>. Y, por otro, declar\u00f3<b>\u00a0<\/b><u><b>persona \u2018non grata\u2019<\/b><\/u>\u00a0a Basilio Antonio Guti\u00e9rrez Garc\u00eda, representante cubano en Ecuador y le pidi\u00f3 que\u00a0<u><b>abandone el pa\u00eds en 48 horas.<\/b><\/u><\/p>\n<p class=\"p_1\">El pasado martes tres de marzo, el mandatario emiti\u00f3 el\u00a0<u><b>Decreto Ejecutivo 317<\/b><\/u>\u00a0en el que dispone que se acaben las funciones de Jos\u00e9 Mar\u00eda Borja L\u00f3pez como Embajador Extraordinario y Plenipotenciario de la Rep\u00fablica del Ecuador ante el Gobierno de la Rep\u00fablica de Cuba.<\/p>\n<p class=\"p_3\">As\u00ed mismo, Borja L\u00f3pez culmina sus funciones como Embajador Extraordinario y Plenipotenciario Concurrente de la Rep\u00fablica del Ecuador ante el Gobierno de la\u00a0<u><b>Mancomunidad de Dominica<\/b><\/u>, ante el\u00a0<u><b>Gobierno de Jamaica<\/b><\/u>\u00a0y ante\u00a0<u><b>San Vicente y las Granadinas<\/b><\/u>, con sede en La Habana, Cuba.<\/p>\n<p class=\"p_4\">El funcionario se desempe\u00f1aba como embajador\u00a0<u><b>desde octubre del 2021<\/b><\/u>.<\/p>\n<\/div>\n<div class=\"multimediaMacroWrapper img lateral\">\n<figure class=\"contentMedia art-img\">\n<div><img fetchpriority=\"high\" decoding=\"async\" class=\" lazyloaded\" title=\"Decreto Ejecutivo 317.\" src=\"https:\/\/www.vistazo.com\/placeholder\/svg\/viewbox\/768x767\" sizes=\"100vw\" srcset=\"\/\/www.vistazo.com\/binrepository\/768x767\/0c0\/0d0\/none\/12727\/SGEY\/imagen-captura-de-pantalla-2026-03-04-a-las_2628259_20260304152414.png 768w,\/\/www.vistazo.com\/binrepository\/640x639\/0c0\/0d0\/none\/12727\/SGEX\/imagen-captura-de-pantalla-2026-03-04-a-las_2628259_20260304152414.png 640w,\/\/www.vistazo.com\/binrepository\/512x511\/0c0\/0d0\/none\/12727\/SGEL\/imagen-captura-de-pantalla-2026-03-04-a-las_2628259_20260304152414.png 512w,\/\/www.vistazo.com\/binrepository\/384x384\/0c0\/0d0\/none\/12727\/SGEI\/imagen-captura-de-pantalla-2026-03-04-a-las_2628259_20260304152414.png 384w,\/\/www.vistazo.com\/binrepository\/300x300\/0c0\/0d0\/none\/12727\/SGEI\/imagen-captura-de-pantalla-2026-03-04-a-las_2628259_20260304152414.png 300w\" alt=\"$!Decreto Ejecutivo 317.\" width=\"768\" height=\"767\" data-srcset=\"\/\/www.vistazo.com\/binrepository\/768x767\/0c0\/0d0\/none\/12727\/SGEY\/imagen-captura-de-pantalla-2026-03-04-a-las_2628259_20260304152414.png 768w,\/\/www.vistazo.com\/binrepository\/640x639\/0c0\/0d0\/none\/12727\/SGEX\/imagen-captura-de-pantalla-2026-03-04-a-las_2628259_20260304152414.png 640w,\/\/www.vistazo.com\/binrepository\/512x511\/0c0\/0d0\/none\/12727\/SGEL\/imagen-captura-de-pantalla-2026-03-04-a-las_2628259_20260304152414.png 512w,\/\/www.vistazo.com\/binrepository\/384x384\/0c0\/0d0\/none\/12727\/SGEI\/imagen-captura-de-pantalla-2026-03-04-a-las_2628259_20260304152414.png 384w,\/\/www.vistazo.com\/binrepository\/300x300\/0c0\/0d0\/none\/12727\/SGEI\/imagen-captura-de-pantalla-2026-03-04-a-las_2628259_20260304152414.png 300w\" \/><\/div>\n<div class=\"cutline-byline\"><span class=\"cutline-text\">Decreto Ejecutivo 317.<\/span>\u00a0<span class=\"byline-image\">(Foto: captura)<\/span><\/div>\n<\/figure>\n<\/div>\n<h2 class=\"h2vistazo\">PIDE SALIDA AL EMBAJADOR DE CUBA EN ECUADOR<\/h2>\n<div class=\"paragraph texto\">\n<p class=\"p_6\">Por otro lado, el Ministerio de Relaciones Exteriores y Movilidad Humana emiti\u00f3 una resoluci\u00f3n en la que\u00a0<u><b>declara \u201cpersona non grata\u201d<\/b><\/u>\u00a0al Embajador de Cuba en el Ecuador, el se\u00f1or\u00a0<u><b>Basilio Antonio Guti\u00e9rrez Garc\u00eda<\/b><\/u>\u00a0y a todos los miembros del personal diplom\u00e1tico, consular y administrativo de esa misi\u00f3n.<\/p>\n<p class=\"p_7\">Adem\u00e1s, el Gobierno ecuatoriano\u00a0<u><b>concede el plazo de 48 horas para que el embajador y todo su personal salgan del pa\u00eds<\/b><\/u>.<\/p>\n<p class=\"p_9\">El\u00a0<u><b>plazo empieza a contar desde la notificaci\u00f3n de la resoluci\u00f3n<\/b><\/u>, que fue emitida este mi\u00e9rcoles cuatro de marzo.<\/p>\n<p class=\"p_10\">Por el momento, se desconocen las causas de esta ruptura de relaciones diplom\u00e1ticas.<\/p>\n<\/div>\n","protected":false},"excerpt":{"rendered":"<p>El gobierno del presidente\u00a0Daniel Noboa\u00a0rompi\u00f3 relaciones diplom\u00e1ticas con\u00a0Cuba. Por un lado, dio por terminadas las funciones de su embajador en la isla,\u00a0Jos\u00e9 Mar\u00eda Borja L\u00f3pez. Y, por otro, declar\u00f3\u00a0persona \u2018non grata\u2019\u00a0a Basilio Antonio Guti\u00e9rrez Garc\u00eda, representante cubano en Ecuador y le pidi\u00f3 que\u00a0abandone el pa\u00eds en 48 horas. El pasado martes tres de marzo, el mandatario emiti\u00f3 el\u00a0Decreto Ejecutivo 317\u00a0en el que dispone que se acaben las funciones de Jos\u00e9 Mar\u00eda Borja L\u00f3pez como Embajador Extraordinario y Plenipotenciario de la Rep\u00fablica del Ecuador ante el Gobierno de la Rep\u00fablica de Cuba. As\u00ed mismo, Borja L\u00f3pez culmina sus funciones como Embajador Extraordinario y Plenipotenciario Concurrente de la Rep\u00fablica del Ecuador ante el Gobierno de la\u00a0Mancomunidad de Dominica, ante el\u00a0Gobierno de Jamaica\u00a0y ante\u00a0San Vicente y las Granadinas, con sede en La Habana, Cuba. El funcionario se desempe\u00f1aba como embajador\u00a0desde octubre del 2021. Decreto Ejecutivo 317.\u00a0(Foto: captura) PIDE SALIDA AL EMBAJADOR DE CUBA EN ECUADOR Por otro lado, el Ministerio de Relaciones Exteriores y Movilidad Humana emiti\u00f3 una resoluci\u00f3n en la que\u00a0declara \u201cpersona non grata\u201d\u00a0al Embajador de Cuba en el Ecuador, el se\u00f1or\u00a0Basilio Antonio Guti\u00e9rrez Garc\u00eda\u00a0y a todos los miembros del personal diplom\u00e1tico, consular y administrativo de esa misi\u00f3n. Adem\u00e1s, el Gobierno ecuatoriano\u00a0concede el plazo de 48 horas para que el embajador y todo su personal salgan del pa\u00eds. El\u00a0plazo empieza a contar desde la notificaci\u00f3n de la resoluci\u00f3n, que fue emitida este mi\u00e9rcoles cuatro de marzo. Por el momento, se desconocen las causas de esta ruptura de relaciones diplom\u00e1ticas.<\/p>\n","protected":false},"author":1,"featured_media":29735,"comment_status":"closed","ping_status":"closed","sticky":false,"template":"","format":"standard","meta":{"footnotes":""},"categories":[268],"tags":[],"class_list":["post-29734","post","type-post","status-publish","format-standard","has-post-thumbnail","hentry","category-nacionales"],"_links":{"self":[{"href":"https:\/\/www.elamazonico.com\/portal\/wp-json\/wp\/v2\/posts\/29734","targetHints":{"allow":["GET"]}}],"collection":[{"href":"https:\/\/www.elamazonico.com\/portal\/wp-json\/wp\/v2\/posts"}],"about":[{"href":"https:\/\/www.elamazonico.com\/portal\/wp-json\/wp\/v2\/types\/post"}],"author":[{"embeddable":true,"href":"https:\/\/www.elamazonico.com\/portal\/wp-json\/wp\/v2\/users\/1"}],"replies":[{"embeddable":true,"href":"https:\/\/www.elamazonico.com\/portal\/wp-json\/wp\/v2\/comments?post=29734"}],"version-history":[{"count":1,"href":"https:\/\/www.elamazonico.com\/portal\/wp-json\/wp\/v2\/posts\/29734\/revisions"}],"predecessor-version":[{"id":29736,"href":"https:\/\/www.elamazonico.com\/portal\/wp-json\/wp\/v2\/posts\/29734\/revisions\/29736"}],"wp:featuredmedia":[{"embeddable":true,"href":"https:\/\/www.elamazonico.com\/portal\/wp-json\/wp\/v2\/media\/29735"}],"wp:attachment":[{"href":"https:\/\/www.elamazonico.com\/portal\/wp-json\/wp\/v2\/media?parent=29734"}],"wp:term":[{"taxonomy":"category","embeddable":true,"href":"https:\/\/www.elamazonico.com\/portal\/wp-json\/wp\/v2\/categories?post=29734"},{"taxonomy":"post_tag","embeddable":true,"href":"https:\/\/www.elamazonico.com\/portal\/wp-json\/wp\/v2\/tags?post=29734"}],"curies":[{"name":"wp","href":"https:\/\/api.w.org\/{rel}","templated":true}]}}