{"id":29113,"date":"2026-01-29T04:55:57","date_gmt":"2026-01-29T09:55:57","guid":{"rendered":"https:\/\/www.elamazonico.com\/portal\/?p=29113"},"modified":"2026-01-28T22:52:58","modified_gmt":"2026-01-29T03:52:58","slug":"paquisha-conmemoro-45-anos-de-la-gesta-heroica-y-fue-sede-del-ix-encuentro-binacional-de-veteranos-de-guerra-ecuador-peru","status":"publish","type":"post","link":"https:\/\/www.elamazonico.com\/portal\/paquisha-conmemoro-45-anos-de-la-gesta-heroica-y-fue-sede-del-ix-encuentro-binacional-de-veteranos-de-guerra-ecuador-peru\/","title":{"rendered":"Paquisha conmemor\u00f3 45 a\u00f1os de la Gesta Heroica y fue sede del IX Encuentro Binacional de Veteranos de Guerra Ecuador\u2013Per\u00fa"},"content":{"rendered":"<p>El cant\u00f3n Paquisha fue el escenario del acto solemne por la conmemoraci\u00f3n de los 45 a\u00f1os de la Gesta Heroica de Paquisha (1981) y el 31 aniversario de la Gesta del Alto Cenepa (1995), evento que se desarroll\u00f3 mediante una Ceremonia Civil y el Noveno Encuentro Binacional de Veteranos de Guerra Ecuador\u2013Per\u00fa, como s\u00edmbolo de memoria hist\u00f3rica, reconocimiento y compromiso con la paz.<\/p>\n<p>La ceremonia cont\u00f3 con la presencia de la alcaldesa encargada del cant\u00f3n Paquisha, Mar\u00eda Vel\u00e1squez, autoridades civiles y militares, representantes de la Gobernaci\u00f3n de Zamora Chinchipe, delegados del Batall\u00f3n de Selva N.\u00ba 62 Zamora, miembros de la Fuerza A\u00e9rea Ecuatoriana, delegaciones de veteranos de guerra de Ecuador y del Per\u00fa, instituciones educativas, organizaciones de paz y ciudadan\u00eda en general.<\/p>\n<p>En sus palabras de bienvenida, la alcaldesa encargada Mar\u00eda Vel\u00e1squez, en representaci\u00f3n del Gobierno Aut\u00f3nomo Descentralizado Municipal de Paquisha, destac\u00f3 que la fecha \u201cno es un d\u00eda cualquiera\u201d, sino un momento en el que la historia exige memoria, respeto y gratitud. Subray\u00f3 que Paquisha no solo representa un punto geogr\u00e1fico, sino un s\u00edmbolo de dignidad, soberan\u00eda y amor profundo por la patria, reafirmando el compromiso institucional de preservar la memoria hist\u00f3rica y promover valores de unidad, justicia social y paz duradera.<\/p>\n<p>Por su parte, el capit\u00e1n Luis Eras, delegado del Batall\u00f3n de Selva N.\u00ba 62 Zamora y del teniente coronel H\u00e9ctor Chimborazo Mart\u00ednez, transmiti\u00f3 un mensaje de reconocimiento a los veteranos de las gestas de Paquisha, Mayaico, Machinaza y Alto Cenepa, resaltando el legado de patriotismo, disciplina y sacrificio que constituye un ejemplo para las nuevas generaciones militares y civiles. En su intervenci\u00f3n, enfatiz\u00f3 que la paz alcanzada es fruto del valor y la entrega de quienes defendieron la soberan\u00eda nacional.<\/p>\n<p>Durante el acto, el coronel Guillermo V\u00e9lez, miembro del Comit\u00e9 Mundial de la Paz, realiz\u00f3 una reflexi\u00f3n hist\u00f3rica y humanista sobre el significado de Paquisha como territorio de patriotismo, progreso y reconciliaci\u00f3n binacional. Record\u00f3 su participaci\u00f3n en los acontecimientos de 1981 y resalt\u00f3 que el mayor triunfo de los pueblos no es la guerra, sino la construcci\u00f3n de una paz basada en justicia, democracia y libertad. Asimismo, destac\u00f3 el crecimiento y desarrollo del cant\u00f3n como evidencia del valor de la paz consolidada.<\/p>\n<p>En el marco del encuentro binacional, Jorge Acu\u00f1a, obispo y representante de la delegaci\u00f3n del Per\u00fa, se\u00f1al\u00f3 que este noveno encuentro bilateral forma parte de un proceso sostenido de integraci\u00f3n iniciado en 2018, orientado a promover la amistad, la convivencia y el desarrollo entre Ecuador y Per\u00fa. Record\u00f3 que la Uni\u00f3n Binacional de Veteranos de Guerra Ecuador\u2013Per\u00fa fue nominada en 2019 al Premio Nobel de la Paz y al Premio Princesa de Asturias, como reconocimiento a su labor por la reconciliaci\u00f3n y la paz.<\/p>\n<p>A su vez, Emilio Gonz\u00e1lez, en representaci\u00f3n de los veteranos de guerra, enfatiz\u00f3 el rol de los excombatientes como constructores de paz y guardianes de la memoria hist\u00f3rica, destacando que la historia de los conflictos de 1941, 1981 y 1995 debe ser comprendida desde una mirada \u00e9tica y humana, orientada a evitar la repetici\u00f3n de la violencia. Subray\u00f3 que la verdadera victoria no se mide en territorios, sino en la capacidad de preservar la vida y fortalecer el di\u00e1logo entre los pueblos.<\/p>\n<p>Uno de los momentos m\u00e1s emotivos del evento fue el reconocimiento p\u00fablico al se\u00f1or Job Sarango, h\u00e9roe civil de la provincia de Zamora Chinchipe, destacado por su apoyo y gu\u00eda a las tropas durante la Gesta Heroica de Paquisha, resaltando el papel fundamental de la poblaci\u00f3n civil en la defensa del territorio nacional.<\/p>\n<p>El Noveno Encuentro Binacional de Veteranos de Guerra ratific\u00f3 el compromiso de Ecuador y Per\u00fa con la paz, la integraci\u00f3n y la cooperaci\u00f3n, dejando como mensaje central que recordar la historia no divide a los pueblos, sino que los fortalece, y que la memoria es una herramienta fundamental para construir un futuro de convivencia, desarrollo y esperanza para las nuevas generaciones.<\/p>\n<p>\u00a1Que viva Paquisha! \u00a1Que viva Zamora Chinchipe! \u00a1Que viva el Ecuador y la paz entre los pueblos!<\/p>\n","protected":false},"excerpt":{"rendered":"<p>El cant\u00f3n Paquisha fue el escenario del acto solemne por la conmemoraci\u00f3n de los 45 a\u00f1os de la Gesta Heroica de Paquisha (1981) y el 31 aniversario de la Gesta del Alto Cenepa (1995), evento que se desarroll\u00f3 mediante una Ceremonia Civil y el Noveno Encuentro Binacional de Veteranos de Guerra Ecuador\u2013Per\u00fa, como s\u00edmbolo de memoria hist\u00f3rica, reconocimiento y compromiso con la paz. La ceremonia cont\u00f3 con la presencia de la alcaldesa encargada del cant\u00f3n Paquisha, Mar\u00eda Vel\u00e1squez, autoridades civiles y militares, representantes de la Gobernaci\u00f3n de Zamora Chinchipe, delegados del Batall\u00f3n de Selva N.\u00ba 62 Zamora, miembros de la Fuerza A\u00e9rea Ecuatoriana, delegaciones de veteranos de guerra de Ecuador y del Per\u00fa, instituciones educativas, organizaciones de paz y ciudadan\u00eda en general. En sus palabras de bienvenida, la alcaldesa encargada Mar\u00eda Vel\u00e1squez, en representaci\u00f3n del Gobierno Aut\u00f3nomo Descentralizado Municipal de Paquisha, destac\u00f3 que la fecha \u201cno es un d\u00eda cualquiera\u201d, sino un momento en el que la historia exige memoria, respeto y gratitud. Subray\u00f3 que Paquisha no solo representa un punto geogr\u00e1fico, sino un s\u00edmbolo de dignidad, soberan\u00eda y amor profundo por la patria, reafirmando el compromiso institucional de preservar la memoria hist\u00f3rica y promover valores de unidad, justicia social y paz duradera. Por su parte, el capit\u00e1n Luis Eras, delegado del Batall\u00f3n de Selva N.\u00ba 62 Zamora y del teniente coronel H\u00e9ctor Chimborazo Mart\u00ednez, transmiti\u00f3 un mensaje de reconocimiento a los veteranos de las gestas de Paquisha, Mayaico, Machinaza y Alto Cenepa, resaltando el legado de patriotismo, disciplina y sacrificio que constituye un ejemplo para las nuevas generaciones militares y civiles. En su intervenci\u00f3n, enfatiz\u00f3 que la paz alcanzada es fruto del valor y la entrega de quienes defendieron la soberan\u00eda nacional. Durante el acto, el coronel Guillermo V\u00e9lez, miembro del Comit\u00e9 Mundial de la Paz, realiz\u00f3 una reflexi\u00f3n hist\u00f3rica y humanista sobre el significado de Paquisha como territorio de patriotismo, progreso y reconciliaci\u00f3n binacional. Record\u00f3 su participaci\u00f3n en los acontecimientos de 1981 y resalt\u00f3 que el mayor triunfo de los pueblos no es la guerra, sino la construcci\u00f3n de una paz basada en justicia, democracia y libertad. Asimismo, destac\u00f3 el crecimiento y desarrollo del cant\u00f3n como evidencia del valor de la paz consolidada. En el marco del encuentro binacional, Jorge Acu\u00f1a, obispo y representante de la delegaci\u00f3n del Per\u00fa, se\u00f1al\u00f3 que este noveno encuentro bilateral forma parte de un proceso sostenido de integraci\u00f3n iniciado en 2018, orientado a promover la amistad, la convivencia y el desarrollo entre Ecuador y Per\u00fa. Record\u00f3 que la Uni\u00f3n Binacional de Veteranos de Guerra Ecuador\u2013Per\u00fa fue nominada en 2019 al Premio Nobel de la Paz y al Premio Princesa de Asturias, como reconocimiento a su labor por la reconciliaci\u00f3n y la paz. A su vez, Emilio Gonz\u00e1lez, en representaci\u00f3n de los veteranos de guerra, enfatiz\u00f3 el rol de los excombatientes como constructores de paz y guardianes de la memoria hist\u00f3rica, destacando que la historia de los conflictos de 1941, 1981 y 1995 debe ser comprendida desde una mirada \u00e9tica y humana, orientada a evitar la repetici\u00f3n de la violencia. Subray\u00f3 que la verdadera victoria no se mide en territorios, sino en la capacidad de preservar la vida y fortalecer el di\u00e1logo entre los pueblos. Uno de los momentos m\u00e1s emotivos del evento fue el reconocimiento p\u00fablico al se\u00f1or Job Sarango, h\u00e9roe civil de la provincia de Zamora Chinchipe, destacado por su apoyo y gu\u00eda a las tropas durante la Gesta Heroica de Paquisha, resaltando el papel fundamental de la poblaci\u00f3n civil en la defensa del territorio nacional. El Noveno Encuentro Binacional de Veteranos de Guerra ratific\u00f3 el compromiso de Ecuador y Per\u00fa con la paz, la integraci\u00f3n y la cooperaci\u00f3n, dejando como mensaje central que recordar la historia no divide a los pueblos, sino que los fortalece, y que la memoria es una herramienta fundamental para construir un futuro de convivencia, desarrollo y esperanza para las nuevas generaciones. \u00a1Que viva Paquisha! \u00a1Que viva Zamora Chinchipe! \u00a1Que viva el Ecuador y la paz entre los pueblos!<\/p>\n","protected":false},"author":1,"featured_media":29114,"comment_status":"closed","ping_status":"closed","sticky":false,"template":"","format":"standard","meta":{"footnotes":""},"categories":[268,243],"tags":[],"class_list":["post-29113","post","type-post","status-publish","format-standard","has-post-thumbnail","hentry","category-nacionales","category-noticias-zamora"],"_links":{"self":[{"href":"https:\/\/www.elamazonico.com\/portal\/wp-json\/wp\/v2\/posts\/29113","targetHints":{"allow":["GET"]}}],"collection":[{"href":"https:\/\/www.elamazonico.com\/portal\/wp-json\/wp\/v2\/posts"}],"about":[{"href":"https:\/\/www.elamazonico.com\/portal\/wp-json\/wp\/v2\/types\/post"}],"author":[{"embeddable":true,"href":"https:\/\/www.elamazonico.com\/portal\/wp-json\/wp\/v2\/users\/1"}],"replies":[{"embeddable":true,"href":"https:\/\/www.elamazonico.com\/portal\/wp-json\/wp\/v2\/comments?post=29113"}],"version-history":[{"count":1,"href":"https:\/\/www.elamazonico.com\/portal\/wp-json\/wp\/v2\/posts\/29113\/revisions"}],"predecessor-version":[{"id":29115,"href":"https:\/\/www.elamazonico.com\/portal\/wp-json\/wp\/v2\/posts\/29113\/revisions\/29115"}],"wp:featuredmedia":[{"embeddable":true,"href":"https:\/\/www.elamazonico.com\/portal\/wp-json\/wp\/v2\/media\/29114"}],"wp:attachment":[{"href":"https:\/\/www.elamazonico.com\/portal\/wp-json\/wp\/v2\/media?parent=29113"}],"wp:term":[{"taxonomy":"category","embeddable":true,"href":"https:\/\/www.elamazonico.com\/portal\/wp-json\/wp\/v2\/categories?post=29113"},{"taxonomy":"post_tag","embeddable":true,"href":"https:\/\/www.elamazonico.com\/portal\/wp-json\/wp\/v2\/tags?post=29113"}],"curies":[{"name":"wp","href":"https:\/\/api.w.org\/{rel}","templated":true}]}}