{"id":29108,"date":"2026-01-29T04:55:51","date_gmt":"2026-01-29T09:55:51","guid":{"rendered":"https:\/\/www.elamazonico.com\/portal\/?p=29108"},"modified":"2026-01-28T22:45:48","modified_gmt":"2026-01-29T03:45:48","slug":"mineria-en-disputa-zamora-chinchipe-reivindica-autonomia-gremial-frente-al-centralismo-del-sector-industrial","status":"publish","type":"post","link":"https:\/\/www.elamazonico.com\/portal\/mineria-en-disputa-zamora-chinchipe-reivindica-autonomia-gremial-frente-al-centralismo-del-sector-industrial\/","title":{"rendered":"Miner\u00eda en disputa: Zamora Chinchipe reivindica autonom\u00eda gremial frente al centralismo del sector industrial"},"content":{"rendered":"<p data-start=\"440\" data-end=\"799\">La <strong data-start=\"443\" data-end=\"482\">C\u00e1mara de Miner\u00eda del Ecuador (CME)<\/strong>, organismo gremial con <strong data-start=\"506\" data-end=\"546\">47 a\u00f1os de trayectoria institucional<\/strong>, reafirm\u00f3 p\u00fablicamente su rol como entidad <strong data-start=\"590\" data-end=\"615\">t\u00e9cnica y empresarial<\/strong> encargada de agrupar y representar a las <strong data-start=\"657\" data-end=\"698\">empresas del sector minero industrial<\/strong>, promoviendo una actividad minera responsable, legal y en estricto apego al marco normativo vigente.<\/p>\n<p data-start=\"801\" data-end=\"1313\">En su pronunciamiento oficial, la CME precis\u00f3 que el ciudadano <strong data-start=\"864\" data-end=\"879\">Paul Pineda<\/strong>, de la provincia de Zamora Chinchipe, <strong data-start=\"918\" data-end=\"950\">no integra esta organizaci\u00f3n<\/strong>, por lo cual la instituci\u00f3n <strong data-start=\"979\" data-end=\"1088\">no reconoce ni valida ninguna vocer\u00eda, representaci\u00f3n o declaraci\u00f3n atribuida al sector minero industrial<\/strong> que provenga de personas u organizaciones ajenas a su estructura formal. En ese contexto, la C\u00e1mara Nacional reiter\u00f3 que <strong data-start=\"1210\" data-end=\"1281\">no avala manifestaciones realizadas a nombre de la industria minera<\/strong> por actores externos al gremio.<\/p>\n<p data-start=\"801\" data-end=\"1313\"><img fetchpriority=\"high\" decoding=\"async\" class=\"alignnone size-medium wp-image-29109\" src=\"https:\/\/www.elamazonico.com\/portal\/wp-content\/uploads\/2026\/01\/3c792849-b6fe-4a49-8743-7eb8bf9a41761-300x169.jpg\" alt=\"\" width=\"300\" height=\"169\" srcset=\"https:\/\/www.elamazonico.com\/portal\/wp-content\/uploads\/2026\/01\/3c792849-b6fe-4a49-8743-7eb8bf9a41761-300x169.jpg 300w, https:\/\/www.elamazonico.com\/portal\/wp-content\/uploads\/2026\/01\/3c792849-b6fe-4a49-8743-7eb8bf9a41761-1024x576.jpg 1024w, https:\/\/www.elamazonico.com\/portal\/wp-content\/uploads\/2026\/01\/3c792849-b6fe-4a49-8743-7eb8bf9a41761-768x432.jpg 768w, https:\/\/www.elamazonico.com\/portal\/wp-content\/uploads\/2026\/01\/3c792849-b6fe-4a49-8743-7eb8bf9a41761.jpg 1536w\" sizes=\"(max-width: 300px) 100vw, 300px\" \/><\/p>\n<h3 data-start=\"1320\" data-end=\"1394\"><strong data-start=\"1324\" data-end=\"1394\">Posici\u00f3n institucional de la C\u00e1mara de Miner\u00eda de Zamora Chinchipe<\/strong><\/h3>\n<p data-start=\"1396\" data-end=\"1669\">Frente a este comunicado, la <strong data-start=\"1425\" data-end=\"1474\">C\u00e1mara de Miner\u00eda de Zamora Chinchipe (CAMIZ)<\/strong> emiti\u00f3 una aclaraci\u00f3n p\u00fablica dirigida a la ciudadan\u00eda y al sector minero nacional, en la que ratifica su <strong data-start=\"1581\" data-end=\"1603\">constituci\u00f3n legal<\/strong>, su <strong data-start=\"1608\" data-end=\"1629\">autonom\u00eda gremial<\/strong> y su \u00e1mbito leg\u00edtimo de representaci\u00f3n.<\/p>\n<p data-start=\"1671\" data-end=\"2123\">La CAMIZ explic\u00f3 que su presidente, el <strong data-start=\"1710\" data-end=\"1729\">Sr. Paul Pineda<\/strong>, ejerce su liderazgo <strong data-start=\"1751\" data-end=\"1849\">exclusivamente en representaci\u00f3n de los peque\u00f1os mineros y mineros artesanales de la provincia<\/strong>, sin que exista pretensi\u00f3n alguna de representar a la miner\u00eda industrial o transnacional, competencia propia de la CME. La organizaci\u00f3n enfatiz\u00f3 que su legitimidad se sustenta en la <strong data-start=\"2032\" data-end=\"2057\">base productiva local<\/strong>, vinculada directamente al territorio y a la econom\u00eda provincial.<\/p>\n<h3 data-start=\"2130\" data-end=\"2187\"><strong data-start=\"2134\" data-end=\"2187\">Regularizaci\u00f3n minera y derechos constitucionales<\/strong><\/h3>\n<p data-start=\"2189\" data-end=\"2508\">En su pronunciamiento, la C\u00e1mara provincial advirti\u00f3 sobre la necesidad de centrar el debate p\u00fablico en los <strong data-start=\"2297\" data-end=\"2345\">procesos de regularizaci\u00f3n minera pendientes<\/strong>, se\u00f1alando que la falta de cumplimiento estatal constituye un factor de inseguridad jur\u00eddica para miles de familias que dependen hist\u00f3ricamente de esta actividad.<\/p>\n<p data-start=\"2510\" data-end=\"2878\">La CAMIZ record\u00f3 que la <strong data-start=\"2534\" data-end=\"2594\">Constituci\u00f3n del Ecuador garantiza el derecho al trabajo<\/strong>, as\u00ed como la seguridad jur\u00eddica para quienes, por tradici\u00f3n productiva, han ocupado y trabajado el territorio. En este sentido, reiter\u00f3 su oposici\u00f3n a cualquier iniciativa que implique <strong data-start=\"2780\" data-end=\"2820\">desplazamiento o despojo territorial<\/strong> en favor de intereses econ\u00f3micos externos a la provincia.<\/p>\n<h3 data-start=\"2885\" data-end=\"2932\"><strong data-start=\"2889\" data-end=\"2932\">Autonom\u00eda gremial y \u00e9tica institucional<\/strong><\/h3>\n<p data-start=\"2934\" data-end=\"3246\">Desde una perspectiva jur\u00eddica, la C\u00e1mara de Miner\u00eda de Zamora Chinchipe subray\u00f3 que el <strong data-start=\"3022\" data-end=\"3047\">derecho de asociaci\u00f3n<\/strong>, reconocido por el ordenamiento legal ecuatoriano, garantiza la <strong data-start=\"3112\" data-end=\"3157\">independencia organizativa de los gremios<\/strong>, por lo que <strong data-start=\"3170\" data-end=\"3209\">no existe relaci\u00f3n de subordinaci\u00f3n<\/strong> entre la CAMIZ y la C\u00e1mara Nacional.<\/p>\n<p data-start=\"3248\" data-end=\"3529\">Asimismo, la organizaci\u00f3n hizo un <strong data-start=\"3282\" data-end=\"3318\">llamado a la \u00e9tica institucional<\/strong>, instando a que el debate minero se conduzca con responsabilidad, evitando pr\u00e1cticas de desinformaci\u00f3n o confrontaci\u00f3n pol\u00edtica que afecten la credibilidad del sector y la convivencia social en los territorios.<\/p>\n<h3 data-start=\"3536\" data-end=\"3587\"><strong data-start=\"3540\" data-end=\"3587\">Compromiso con una miner\u00eda justa y soberana<\/strong><\/h3>\n<p data-start=\"3589\" data-end=\"3862\">La <strong data-start=\"3592\" data-end=\"3633\">C\u00e1mara de Miner\u00eda de Zamora Chinchipe<\/strong> reiter\u00f3 su compromiso con una <strong data-start=\"3664\" data-end=\"3717\">miner\u00eda justa, soberana y socialmente responsable<\/strong>, orientada al desarrollo local, al respeto de la historia productiva de la provincia y a la defensa de los derechos de los peque\u00f1os productores.<\/p>\n<p data-start=\"3589\" data-end=\"3862\"><img decoding=\"async\" class=\"alignnone size-medium wp-image-29110\" src=\"https:\/\/www.elamazonico.com\/portal\/wp-content\/uploads\/2026\/01\/c9c56761-9c4c-450c-a776-de4cfd4ca1061-212x300.jpg\" alt=\"\" width=\"212\" height=\"300\" srcset=\"https:\/\/www.elamazonico.com\/portal\/wp-content\/uploads\/2026\/01\/c9c56761-9c4c-450c-a776-de4cfd4ca1061-212x300.jpg 212w, https:\/\/www.elamazonico.com\/portal\/wp-content\/uploads\/2026\/01\/c9c56761-9c4c-450c-a776-de4cfd4ca1061-724x1024.jpg 724w, https:\/\/www.elamazonico.com\/portal\/wp-content\/uploads\/2026\/01\/c9c56761-9c4c-450c-a776-de4cfd4ca1061-768x1086.jpg 768w, https:\/\/www.elamazonico.com\/portal\/wp-content\/uploads\/2026\/01\/c9c56761-9c4c-450c-a776-de4cfd4ca1061-1086x1536.jpg 1086w, https:\/\/www.elamazonico.com\/portal\/wp-content\/uploads\/2026\/01\/c9c56761-9c4c-450c-a776-de4cfd4ca1061.jpg 1131w\" sizes=\"(max-width: 212px) 100vw, 212px\" \/><\/p>\n","protected":false},"excerpt":{"rendered":"<p>La C\u00e1mara de Miner\u00eda del Ecuador (CME), organismo gremial con 47 a\u00f1os de trayectoria institucional, reafirm\u00f3 p\u00fablicamente su rol como entidad t\u00e9cnica y empresarial encargada de agrupar y representar a las empresas del sector minero industrial, promoviendo una actividad minera responsable, legal y en estricto apego al marco normativo vigente. En su pronunciamiento oficial, la CME precis\u00f3 que el ciudadano Paul Pineda, de la provincia de Zamora Chinchipe, no integra esta organizaci\u00f3n, por lo cual la instituci\u00f3n no reconoce ni valida ninguna vocer\u00eda, representaci\u00f3n o declaraci\u00f3n atribuida al sector minero industrial que provenga de personas u organizaciones ajenas a su estructura formal. En ese contexto, la C\u00e1mara Nacional reiter\u00f3 que no avala manifestaciones realizadas a nombre de la industria minera por actores externos al gremio. Posici\u00f3n institucional de la C\u00e1mara de Miner\u00eda de Zamora Chinchipe Frente a este comunicado, la C\u00e1mara de Miner\u00eda de Zamora Chinchipe (CAMIZ) emiti\u00f3 una aclaraci\u00f3n p\u00fablica dirigida a la ciudadan\u00eda y al sector minero nacional, en la que ratifica su constituci\u00f3n legal, su autonom\u00eda gremial y su \u00e1mbito leg\u00edtimo de representaci\u00f3n. La CAMIZ explic\u00f3 que su presidente, el Sr. Paul Pineda, ejerce su liderazgo exclusivamente en representaci\u00f3n de los peque\u00f1os mineros y mineros artesanales de la provincia, sin que exista pretensi\u00f3n alguna de representar a la miner\u00eda industrial o transnacional, competencia propia de la CME. La organizaci\u00f3n enfatiz\u00f3 que su legitimidad se sustenta en la base productiva local, vinculada directamente al territorio y a la econom\u00eda provincial. Regularizaci\u00f3n minera y derechos constitucionales En su pronunciamiento, la C\u00e1mara provincial advirti\u00f3 sobre la necesidad de centrar el debate p\u00fablico en los procesos de regularizaci\u00f3n minera pendientes, se\u00f1alando que la falta de cumplimiento estatal constituye un factor de inseguridad jur\u00eddica para miles de familias que dependen hist\u00f3ricamente de esta actividad. La CAMIZ record\u00f3 que la Constituci\u00f3n del Ecuador garantiza el derecho al trabajo, as\u00ed como la seguridad jur\u00eddica para quienes, por tradici\u00f3n productiva, han ocupado y trabajado el territorio. En este sentido, reiter\u00f3 su oposici\u00f3n a cualquier iniciativa que implique desplazamiento o despojo territorial en favor de intereses econ\u00f3micos externos a la provincia. Autonom\u00eda gremial y \u00e9tica institucional Desde una perspectiva jur\u00eddica, la C\u00e1mara de Miner\u00eda de Zamora Chinchipe subray\u00f3 que el derecho de asociaci\u00f3n, reconocido por el ordenamiento legal ecuatoriano, garantiza la independencia organizativa de los gremios, por lo que no existe relaci\u00f3n de subordinaci\u00f3n entre la CAMIZ y la C\u00e1mara Nacional. Asimismo, la organizaci\u00f3n hizo un llamado a la \u00e9tica institucional, instando a que el debate minero se conduzca con responsabilidad, evitando pr\u00e1cticas de desinformaci\u00f3n o confrontaci\u00f3n pol\u00edtica que afecten la credibilidad del sector y la convivencia social en los territorios. Compromiso con una miner\u00eda justa y soberana La C\u00e1mara de Miner\u00eda de Zamora Chinchipe reiter\u00f3 su compromiso con una miner\u00eda justa, soberana y socialmente responsable, orientada al desarrollo local, al respeto de la historia productiva de la provincia y a la defensa de los derechos de los peque\u00f1os productores.<\/p>\n","protected":false},"author":1,"featured_media":29111,"comment_status":"closed","ping_status":"closed","sticky":false,"template":"","format":"standard","meta":{"footnotes":""},"categories":[268,243],"tags":[],"class_list":["post-29108","post","type-post","status-publish","format-standard","has-post-thumbnail","hentry","category-nacionales","category-noticias-zamora"],"_links":{"self":[{"href":"https:\/\/www.elamazonico.com\/portal\/wp-json\/wp\/v2\/posts\/29108","targetHints":{"allow":["GET"]}}],"collection":[{"href":"https:\/\/www.elamazonico.com\/portal\/wp-json\/wp\/v2\/posts"}],"about":[{"href":"https:\/\/www.elamazonico.com\/portal\/wp-json\/wp\/v2\/types\/post"}],"author":[{"embeddable":true,"href":"https:\/\/www.elamazonico.com\/portal\/wp-json\/wp\/v2\/users\/1"}],"replies":[{"embeddable":true,"href":"https:\/\/www.elamazonico.com\/portal\/wp-json\/wp\/v2\/comments?post=29108"}],"version-history":[{"count":1,"href":"https:\/\/www.elamazonico.com\/portal\/wp-json\/wp\/v2\/posts\/29108\/revisions"}],"predecessor-version":[{"id":29112,"href":"https:\/\/www.elamazonico.com\/portal\/wp-json\/wp\/v2\/posts\/29108\/revisions\/29112"}],"wp:featuredmedia":[{"embeddable":true,"href":"https:\/\/www.elamazonico.com\/portal\/wp-json\/wp\/v2\/media\/29111"}],"wp:attachment":[{"href":"https:\/\/www.elamazonico.com\/portal\/wp-json\/wp\/v2\/media?parent=29108"}],"wp:term":[{"taxonomy":"category","embeddable":true,"href":"https:\/\/www.elamazonico.com\/portal\/wp-json\/wp\/v2\/categories?post=29108"},{"taxonomy":"post_tag","embeddable":true,"href":"https:\/\/www.elamazonico.com\/portal\/wp-json\/wp\/v2\/tags?post=29108"}],"curies":[{"name":"wp","href":"https:\/\/api.w.org\/{rel}","templated":true}]}}