{"id":29098,"date":"2026-01-28T21:24:41","date_gmt":"2026-01-29T02:24:41","guid":{"rendered":"https:\/\/www.elamazonico.com\/portal\/?p=29098"},"modified":"2026-01-28T21:24:41","modified_gmt":"2026-01-29T02:24:41","slug":"tragedia-en-colombia-encuentran-el-avion-desaparecido-en-santander-con-sus-15-pasajeros-fallecidos","status":"publish","type":"post","link":"https:\/\/www.elamazonico.com\/portal\/tragedia-en-colombia-encuentran-el-avion-desaparecido-en-santander-con-sus-15-pasajeros-fallecidos\/","title":{"rendered":"Tragedia en Colombia: Encuentran el avi\u00f3n desaparecido en Santander con sus 15 pasajeros fallecidos"},"content":{"rendered":"<div class=\"paragraph texto\">\n<p class=\"p_0\">El\u00a0<a href=\"https:\/\/www.vistazo.com\/actualidad\/internacional\/2026-01-26-tormenta-invernal-eeuu-avion-privado-personas-a-bordo-estrella-aeropuerto-AC10653232\">avi\u00f3n\u00a0<\/a>de la\u00a0<b>compa\u00f1\u00eda colombiana Satena<\/b>\u00a0que desapareci\u00f3 este mi\u00e9rcoles, 28 de enero de 2026, en el departamento de Norte de Santander (fronterizo con Venezuela) fue hallado accidentado con sus\u00a0<b>15 pasajeros fallecidos<\/b>, confirmaron las autoridades.<\/p>\n<p class=\"p_2\">El secretario de Seguridad Ciudadana de Norte de Santander<b>, George Quintero<\/b>, confirm\u00f3 a Noticias Caracol que la aeronave fue hallada por campesinos de la vereda (aldea) de Curasica, en el municipio de Playa de Bel\u00e9n, que les informaron a las autoridades que no encontraron a ninguna persona viva.<\/p>\n<p class=\"p_3\">La aeronave despeg\u00f3 del aeropuerto Camilo Daza, de C\u00facuta, capital de Norte de Santander, hacia Oca\u00f1a, pero no lleg\u00f3 a la hora prevista al aeropuerto Aguas Claras de esa ciudad, la segunda del departamento.<\/p>\n<div class=\"Center2Display\">\n<div id=\"Center2\" data-google-query-id=\"CKyY5MrYr5IDFc2nywEdawMLBg\">\n<div id=\"google_ads_iframe_\/21839199781\/Vistazo\/Vistazo_Center2_0__container__\">Seg\u00fan Satena, \u00abel vuelo NSE8849, que cubr\u00eda la ruta C\u00facuta-Oca\u00f1a despeg\u00f3 sobre las 11:42 am y ten\u00eda previsto su aterrizaje alrededor de las 12:05 pm, report\u00f3 su \u00faltimo contacto con el control de tr\u00e1fico a\u00e9reo a las 11:54 am\u00bb<\/div>\n<\/div>\n<\/div>\n<\/div>\n<div class=\"multimediaMacroWrapper img lateral\">\n<figure class=\"contentMedia art-img\">\n<div><img fetchpriority=\"high\" decoding=\"async\" class=\" lazyloaded\" title=\"El avi\u00f3n se estrell\u00f3 en el norte del departamento de Santander.\" src=\"https:\/\/www.vistazo.com\/placeholder\/svg\/viewbox\/768x432\" sizes=\"100vw\" srcset=\"\/\/www.vistazo.com\/binrepository\/768x432\/0c0\/0d0\/none\/12727\/TLXY\/g-yfikwxiaitcz_2613272_20260128170745.jpg 768w,\/\/www.vistazo.com\/binrepository\/640x360\/0c0\/0d0\/none\/12727\/TLXT\/g-yfikwxiaitcz_2613272_20260128170745.jpg 640w,\/\/www.vistazo.com\/binrepository\/512x288\/0c0\/0d0\/none\/12727\/TLXQ\/g-yfikwxiaitcz_2613272_20260128170745.jpg 512w,\/\/www.vistazo.com\/binrepository\/384x216\/0c0\/0d0\/none\/12727\/TLXF\/g-yfikwxiaitcz_2613272_20260128170745.jpg 384w,\/\/www.vistazo.com\/binrepository\/300x169\/0c0\/0d0\/none\/12727\/TLXA\/g-yfikwxiaitcz_2613272_20260128170745.jpg 300w\" alt=\"$!El avi\u00f3n se estrell\u00f3 en el norte del departamento de Santander.\" width=\"768\" height=\"432\" data-srcset=\"\/\/www.vistazo.com\/binrepository\/768x432\/0c0\/0d0\/none\/12727\/TLXY\/g-yfikwxiaitcz_2613272_20260128170745.jpg 768w,\/\/www.vistazo.com\/binrepository\/640x360\/0c0\/0d0\/none\/12727\/TLXT\/g-yfikwxiaitcz_2613272_20260128170745.jpg 640w,\/\/www.vistazo.com\/binrepository\/512x288\/0c0\/0d0\/none\/12727\/TLXQ\/g-yfikwxiaitcz_2613272_20260128170745.jpg 512w,\/\/www.vistazo.com\/binrepository\/384x216\/0c0\/0d0\/none\/12727\/TLXF\/g-yfikwxiaitcz_2613272_20260128170745.jpg 384w,\/\/www.vistazo.com\/binrepository\/300x169\/0c0\/0d0\/none\/12727\/TLXA\/g-yfikwxiaitcz_2613272_20260128170745.jpg 300w\" \/><\/div>\n<div class=\"cutline-byline\"><span class=\"cutline-text\">El avi\u00f3n se estrell\u00f3 en el norte del departamento de Santander.<\/span>\u00a0<span class=\"byline-image\">(Redes sociales)<\/span><\/div>\n<\/figure>\n<\/div>\n<h2 class=\"h2vistazo\">Muri\u00f3 un congresista y su equipo<\/h2>\n<div class=\"paragraph texto\">\n<p class=\"p_5\">El congresista colombiano\u00a0<b>Di\u00f3genes Quintero Amaya<\/b>\u00a0hace parte de las 15 personas que iban a bordo del avi\u00f3n de la compa\u00f1\u00eda estatal Satena que este mi\u00e9rcoles desapareci\u00f3 de los radares .<\/p>\n<p class=\"p_6\">\u00abInformamos que seguimos sin contacto con el Representante y nuestra asistente,\u00a0<b>Natalia Acosta Salcedo<\/b>, tras la desaparici\u00f3n del vuelo de Satena C\u00facuta-Oca\u00f1a\u00bb, se lee en un mensaje publicado en la cuenta de Instagram del congresista, gestionada por su equipo.<\/p>\n<p class=\"p_7\">Adem\u00e1s, en la publicaci\u00f3n el equipo indica que ha enviado mensajes por WhatsApp al tel\u00e9fono del representante y aunque \u00abaparecen como recibidos\u00bb, a\u00fan no han obtenido respuesta.<\/p>\n<p class=\"p_9\">Quintero Amaya es representante a la C\u00e1mara por la Circunscripci\u00f3n Transitoria Especial de Paz (Citrep) de la\u00a0<b>regi\u00f3n del Catatumbo<\/b>\u00a0y lleg\u00f3 a ese esca\u00f1o en 2022 con el respaldo de comunidades v\u00edctimas del desplazamiento forzado en esa zona del pa\u00eds.<\/p>\n<p class=\"p_10\">Desde el Congreso a donde aspiraba a repetir curul, esta vez como representante del departamento de Norte de Santander por el Partido de la U, ha enfocado\u00a0<u>su labor legislativa en temas como \u00abla reforma agraria, la defensa de la vida campesina, el desarrollo rural integral y el cumplimiento del Acuerdo de Paz\u00bb.<\/u><\/p>\n<p class=\"p_11\">Junto al congresista tambi\u00e9n viajaba su asistente Natalia Acosta Salcedo y\u00a0<u>Carlos Salcedo, candidato a la curul de paz que actualmente ocupa Quintero.<\/u><\/p>\n<p class=\"p_12\">\u00abDesde el Partido de La U, expresamos nuestra preocupaci\u00f3n ante la desaparici\u00f3n de la avioneta de Satena en Norte de Santander, en la cual viajaba nuestro candidato a la C\u00e1mara Di\u00f3genes Quintero y parte de su equipo de trabajo. Esperamos que la situaci\u00f3n tenga un desenlace positivo y todos los ocupantes de la aeronave regresen sanos y salvos con sus familias\u00bb, se\u00f1al\u00f3 esa colectividad.<\/p>\n<p class=\"p_13\">Adem\u00e1s, medios locales indican que los otros pasajeros son el\u00a0<b>exconcejal de Oca\u00f1a Juan David Pacheco Mej\u00eda y su esposa Mar\u00eda S\u00e1nchez<\/b>, as\u00ed como un comerciante y un neurocirujano de la regi\u00f3n El avi\u00f3n de la compa\u00f1\u00eda colombiana Satena, con trece pasajeros y dos tripulantes a bordo, desapareci\u00f3 este mi\u00e9rcoles cuando volaba entre C\u00facuta y Oca\u00f1a. <strong>Fuente: Vistazo<\/strong><\/p>\n<\/div>\n","protected":false},"excerpt":{"rendered":"<p>El\u00a0avi\u00f3n\u00a0de la\u00a0compa\u00f1\u00eda colombiana Satena\u00a0que desapareci\u00f3 este mi\u00e9rcoles, 28 de enero de 2026, en el departamento de Norte de Santander (fronterizo con Venezuela) fue hallado accidentado con sus\u00a015 pasajeros fallecidos, confirmaron las autoridades. El secretario de Seguridad Ciudadana de Norte de Santander, George Quintero, confirm\u00f3 a Noticias Caracol que la aeronave fue hallada por campesinos de la vereda (aldea) de Curasica, en el municipio de Playa de Bel\u00e9n, que les informaron a las autoridades que no encontraron a ninguna persona viva. La aeronave despeg\u00f3 del aeropuerto Camilo Daza, de C\u00facuta, capital de Norte de Santander, hacia Oca\u00f1a, pero no lleg\u00f3 a la hora prevista al aeropuerto Aguas Claras de esa ciudad, la segunda del departamento. Seg\u00fan Satena, \u00abel vuelo NSE8849, que cubr\u00eda la ruta C\u00facuta-Oca\u00f1a despeg\u00f3 sobre las 11:42 am y ten\u00eda previsto su aterrizaje alrededor de las 12:05 pm, report\u00f3 su \u00faltimo contacto con el control de tr\u00e1fico a\u00e9reo a las 11:54 am\u00bb El avi\u00f3n se estrell\u00f3 en el norte del departamento de Santander.\u00a0(Redes sociales) Muri\u00f3 un congresista y su equipo El congresista colombiano\u00a0Di\u00f3genes Quintero Amaya\u00a0hace parte de las 15 personas que iban a bordo del avi\u00f3n de la compa\u00f1\u00eda estatal Satena que este mi\u00e9rcoles desapareci\u00f3 de los radares . \u00abInformamos que seguimos sin contacto con el Representante y nuestra asistente,\u00a0Natalia Acosta Salcedo, tras la desaparici\u00f3n del vuelo de Satena C\u00facuta-Oca\u00f1a\u00bb, se lee en un mensaje publicado en la cuenta de Instagram del congresista, gestionada por su equipo. Adem\u00e1s, en la publicaci\u00f3n el equipo indica que ha enviado mensajes por WhatsApp al tel\u00e9fono del representante y aunque \u00abaparecen como recibidos\u00bb, a\u00fan no han obtenido respuesta. Quintero Amaya es representante a la C\u00e1mara por la Circunscripci\u00f3n Transitoria Especial de Paz (Citrep) de la\u00a0regi\u00f3n del Catatumbo\u00a0y lleg\u00f3 a ese esca\u00f1o en 2022 con el respaldo de comunidades v\u00edctimas del desplazamiento forzado en esa zona del pa\u00eds. Desde el Congreso a donde aspiraba a repetir curul, esta vez como representante del departamento de Norte de Santander por el Partido de la U, ha enfocado\u00a0su labor legislativa en temas como \u00abla reforma agraria, la defensa de la vida campesina, el desarrollo rural integral y el cumplimiento del Acuerdo de Paz\u00bb. Junto al congresista tambi\u00e9n viajaba su asistente Natalia Acosta Salcedo y\u00a0Carlos Salcedo, candidato a la curul de paz que actualmente ocupa Quintero. \u00abDesde el Partido de La U, expresamos nuestra preocupaci\u00f3n ante la desaparici\u00f3n de la avioneta de Satena en Norte de Santander, en la cual viajaba nuestro candidato a la C\u00e1mara Di\u00f3genes Quintero y parte de su equipo de trabajo. Esperamos que la situaci\u00f3n tenga un desenlace positivo y todos los ocupantes de la aeronave regresen sanos y salvos con sus familias\u00bb, se\u00f1al\u00f3 esa colectividad. Adem\u00e1s, medios locales indican que los otros pasajeros son el\u00a0exconcejal de Oca\u00f1a Juan David Pacheco Mej\u00eda y su esposa Mar\u00eda S\u00e1nchez, as\u00ed como un comerciante y un neurocirujano de la regi\u00f3n El avi\u00f3n de la compa\u00f1\u00eda colombiana Satena, con trece pasajeros y dos tripulantes a bordo, desapareci\u00f3 este mi\u00e9rcoles cuando volaba entre C\u00facuta y Oca\u00f1a. Fuente: Vistazo<\/p>\n","protected":false},"author":1,"featured_media":29099,"comment_status":"closed","ping_status":"closed","sticky":false,"template":"","format":"standard","meta":{"footnotes":""},"categories":[268],"tags":[],"class_list":["post-29098","post","type-post","status-publish","format-standard","has-post-thumbnail","hentry","category-nacionales"],"_links":{"self":[{"href":"https:\/\/www.elamazonico.com\/portal\/wp-json\/wp\/v2\/posts\/29098","targetHints":{"allow":["GET"]}}],"collection":[{"href":"https:\/\/www.elamazonico.com\/portal\/wp-json\/wp\/v2\/posts"}],"about":[{"href":"https:\/\/www.elamazonico.com\/portal\/wp-json\/wp\/v2\/types\/post"}],"author":[{"embeddable":true,"href":"https:\/\/www.elamazonico.com\/portal\/wp-json\/wp\/v2\/users\/1"}],"replies":[{"embeddable":true,"href":"https:\/\/www.elamazonico.com\/portal\/wp-json\/wp\/v2\/comments?post=29098"}],"version-history":[{"count":1,"href":"https:\/\/www.elamazonico.com\/portal\/wp-json\/wp\/v2\/posts\/29098\/revisions"}],"predecessor-version":[{"id":29100,"href":"https:\/\/www.elamazonico.com\/portal\/wp-json\/wp\/v2\/posts\/29098\/revisions\/29100"}],"wp:featuredmedia":[{"embeddable":true,"href":"https:\/\/www.elamazonico.com\/portal\/wp-json\/wp\/v2\/media\/29099"}],"wp:attachment":[{"href":"https:\/\/www.elamazonico.com\/portal\/wp-json\/wp\/v2\/media?parent=29098"}],"wp:term":[{"taxonomy":"category","embeddable":true,"href":"https:\/\/www.elamazonico.com\/portal\/wp-json\/wp\/v2\/categories?post=29098"},{"taxonomy":"post_tag","embeddable":true,"href":"https:\/\/www.elamazonico.com\/portal\/wp-json\/wp\/v2\/tags?post=29098"}],"curies":[{"name":"wp","href":"https:\/\/api.w.org\/{rel}","templated":true}]}}