{"id":29029,"date":"2026-01-27T06:06:48","date_gmt":"2026-01-27T11:06:48","guid":{"rendered":"https:\/\/www.elamazonico.com\/portal\/?p=29029"},"modified":"2026-01-27T06:06:48","modified_gmt":"2026-01-27T11:06:48","slug":"accidente-aereo-en-la-amazonia-deja-tres-fallecidos-en-morona-santiago","status":"publish","type":"post","link":"https:\/\/www.elamazonico.com\/portal\/accidente-aereo-en-la-amazonia-deja-tres-fallecidos-en-morona-santiago\/","title":{"rendered":"Accidente a\u00e9reo en la Amazon\u00eda deja tres fallecidos en Morona Santiago"},"content":{"rendered":"<p class=\"p_0\"><b>Un nuevo accidente a\u00e9reo se registr\u00f3 en la Amazon\u00eda ecuatoriana. Una avioneta se siniestr\u00f3 la tarde de este lunes, en una comunidad de Wishim, ubicada en el cant\u00f3n Taisha, provincia de\u00a0<a href=\"https:\/\/www.vistazo.com\/cronologia\/-\/meta\/morona-santiago\">Morona Santiago<\/a>, dejando como saldo tres personas fallecidas.<\/b><\/p>\n<p class=\"p_2\">De acuerdo con reportes preliminares difundidos por medios locales,\u00a0<b>la aeronave cumpl\u00eda un vuelo de car\u00e1cter misionero<\/b>. Tras concluir una jornada de apoyo comunitario, el equipo ten\u00eda previsto trasladarse hasta la localidad de Wasakentsa.<\/p>\n<p class=\"p_3\">El accidente ocurri\u00f3 en el momento en que\u00a0<b>la avioneta intentaba despegar desde Wishim<\/b>\u00a0con rumbo a ese destino.<\/p>\n<p class=\"p_4\">Las v\u00edctimas fueron identificadas como<b>\u00a0Danny L\u00f3pez<\/b>, piloto de la empresa\u00a0<b>Aero Morona<\/b>; el sacerdote\u00a0<b>Enio Estevez<\/b>; y\u00a0<b>Roberto Wisum<\/b>, joven voluntario perteneciente a la comunidad.<\/p>\n<p class=\"p_5\">Im\u00e1genes difundidas por medios locales muestran la\u00a0<b>magnitud del impacto<\/b>\u00a0en la zona del siniestro.<\/p>\n<p class=\"p_6\">Informaci\u00f3n inicial apunta a que, tras el choque,<b>\u00a0se produjo una explosi\u00f3n que destruy\u00f3 por completo la aeronave.<\/b><\/p>\n<p class=\"p_7\">Pobladores del sector y equipos de apoyo acudieron r\u00e1pidamente al lugar al conocer lo sucedido, pero\u00a0<b>\u00fanicamente pudieron confirmar el fallecimiento de los ocupantes.<\/b><\/p>\n<p class=\"p_9\">El\u00a0<b>Cuerpo de Bomberos de Gualaquiza<\/b>\u00a0expres\u00f3 sus condolencias por la muerte del piloto Danny L\u00f3pez, destacando su trayectoria y experiencia en operaciones a\u00e9reas hacia comunidades remotas de la regi\u00f3n amaz\u00f3nica.<\/p>\n<p class=\"p_10\"><b>Las autoridades contin\u00faan recabando informaci\u00f3n para esclarecer las causas exactas de este nuevo percance a\u00e9reo en el oriente del pa\u00eds. Fuente: Vistazo<\/b><\/p>\n","protected":false},"excerpt":{"rendered":"<p>Un nuevo accidente a\u00e9reo se registr\u00f3 en la Amazon\u00eda ecuatoriana. Una avioneta se siniestr\u00f3 la tarde de este lunes, en una comunidad de Wishim, ubicada en el cant\u00f3n Taisha, provincia de\u00a0Morona Santiago, dejando como saldo tres personas fallecidas. De acuerdo con reportes preliminares difundidos por medios locales,\u00a0la aeronave cumpl\u00eda un vuelo de car\u00e1cter misionero. Tras concluir una jornada de apoyo comunitario, el equipo ten\u00eda previsto trasladarse hasta la localidad de Wasakentsa. El accidente ocurri\u00f3 en el momento en que\u00a0la avioneta intentaba despegar desde Wishim\u00a0con rumbo a ese destino. Las v\u00edctimas fueron identificadas como\u00a0Danny L\u00f3pez, piloto de la empresa\u00a0Aero Morona; el sacerdote\u00a0Enio Estevez; y\u00a0Roberto Wisum, joven voluntario perteneciente a la comunidad. Im\u00e1genes difundidas por medios locales muestran la\u00a0magnitud del impacto\u00a0en la zona del siniestro. Informaci\u00f3n inicial apunta a que, tras el choque,\u00a0se produjo una explosi\u00f3n que destruy\u00f3 por completo la aeronave. Pobladores del sector y equipos de apoyo acudieron r\u00e1pidamente al lugar al conocer lo sucedido, pero\u00a0\u00fanicamente pudieron confirmar el fallecimiento de los ocupantes. El\u00a0Cuerpo de Bomberos de Gualaquiza\u00a0expres\u00f3 sus condolencias por la muerte del piloto Danny L\u00f3pez, destacando su trayectoria y experiencia en operaciones a\u00e9reas hacia comunidades remotas de la regi\u00f3n amaz\u00f3nica. Las autoridades contin\u00faan recabando informaci\u00f3n para esclarecer las causas exactas de este nuevo percance a\u00e9reo en el oriente del pa\u00eds. Fuente: Vistazo<\/p>\n","protected":false},"author":1,"featured_media":29030,"comment_status":"closed","ping_status":"closed","sticky":false,"template":"","format":"standard","meta":{"footnotes":""},"categories":[268],"tags":[],"class_list":["post-29029","post","type-post","status-publish","format-standard","has-post-thumbnail","hentry","category-nacionales"],"_links":{"self":[{"href":"https:\/\/www.elamazonico.com\/portal\/wp-json\/wp\/v2\/posts\/29029","targetHints":{"allow":["GET"]}}],"collection":[{"href":"https:\/\/www.elamazonico.com\/portal\/wp-json\/wp\/v2\/posts"}],"about":[{"href":"https:\/\/www.elamazonico.com\/portal\/wp-json\/wp\/v2\/types\/post"}],"author":[{"embeddable":true,"href":"https:\/\/www.elamazonico.com\/portal\/wp-json\/wp\/v2\/users\/1"}],"replies":[{"embeddable":true,"href":"https:\/\/www.elamazonico.com\/portal\/wp-json\/wp\/v2\/comments?post=29029"}],"version-history":[{"count":1,"href":"https:\/\/www.elamazonico.com\/portal\/wp-json\/wp\/v2\/posts\/29029\/revisions"}],"predecessor-version":[{"id":29031,"href":"https:\/\/www.elamazonico.com\/portal\/wp-json\/wp\/v2\/posts\/29029\/revisions\/29031"}],"wp:featuredmedia":[{"embeddable":true,"href":"https:\/\/www.elamazonico.com\/portal\/wp-json\/wp\/v2\/media\/29030"}],"wp:attachment":[{"href":"https:\/\/www.elamazonico.com\/portal\/wp-json\/wp\/v2\/media?parent=29029"}],"wp:term":[{"taxonomy":"category","embeddable":true,"href":"https:\/\/www.elamazonico.com\/portal\/wp-json\/wp\/v2\/categories?post=29029"},{"taxonomy":"post_tag","embeddable":true,"href":"https:\/\/www.elamazonico.com\/portal\/wp-json\/wp\/v2\/tags?post=29029"}],"curies":[{"name":"wp","href":"https:\/\/api.w.org\/{rel}","templated":true}]}}