{"id":29026,"date":"2026-01-26T19:17:43","date_gmt":"2026-01-27T00:17:43","guid":{"rendered":"https:\/\/www.elamazonico.com\/portal\/?p=29026"},"modified":"2026-01-26T19:17:43","modified_gmt":"2026-01-27T00:17:43","slug":"ecuador-aumenta-de-usd-3-a-usd-30-la-tarifa-de-transporte-de-crudo-colombiano-por-el-sote","status":"publish","type":"post","link":"https:\/\/www.elamazonico.com\/portal\/ecuador-aumenta-de-usd-3-a-usd-30-la-tarifa-de-transporte-de-crudo-colombiano-por-el-sote\/","title":{"rendered":"Ecuador aumenta de USD 3 a USD 30 la tarifa de transporte de crudo colombiano por el SOTE"},"content":{"rendered":"<div class=\"paragraph texto\">\n<p class=\"p_0\"><b>Ecuador subi\u00f3 de tres a treinta d\u00f3lares la tarifa de transporte del crudo colombiano por el Sistema de Oleoducto Transecuatoriano (Sote), uno de sus dos grandes oleoductos, en medio de la inusitada guerra comercial en la que est\u00e1n inmersos ambos pa\u00edses, seg\u00fan confirm\u00f3 este lunes la ministra de Ambiente y Energ\u00eda,\u00a0<a href=\"https:\/\/www.vistazo.com\/cronologia\/-\/meta\/ines-manzano\">In\u00e9s Manzano<\/a>.<\/b><\/p>\n<p class=\"p_2\">La nueva tarifa entr\u00f3 en vigencia el viernes, en \u00abreciprocidad\u00bb a la decisi\u00f3n de Colombia de<b>\u00a0suspender la venta de energ\u00eda<\/b>, despu\u00e9s de que el presidente ecuatoriano,<b>\u00a0Daniel Noboa<\/b>, anunciara la\u00a0<b>imposici\u00f3n de un arancel del 30% a las importaciones colombianas<\/b>\u00a0por una supuesta falta de apoyo de Bogot\u00e1 en la lucha contra el narcotr\u00e1fico.<\/p>\n<p class=\"p_3\">Manzano hab\u00eda dicho inicialmente que la tarifa que se modificar\u00eda era la correspondiente al transporte de crudo colombiano por el\u00a0<b>Oleoducto de Crudos Pesados (OCP)<\/b>, el otro m\u00e1s grande del pa\u00eds.<\/p>\n<div class=\"Center2Display\"><\/div>\n<p class=\"p_4\">Sin embargo, este lunes indic\u00f3 en una entrevista radial que<b>\u00a0la medida se aplicar\u00e1 al crudo que pasa por el Sote<\/b>, que pertenece a Ecopetrol, la principal empresa de petr\u00f3leo del pa\u00eds vecino.<\/p>\n<p class=\"p_5\">Por el OCP, en cambio, pasa crudo de\u00a0<b>empresas privadas colombianas.<\/b><\/p>\n<p class=\"p_6\">La ministra indic\u00f3 que Ecuador le est\u00e1 dando<b>\u00a0\u00abun servicio important\u00edsimo\u00bb a Ecopetrol\u00a0<\/b>al transportar el petr\u00f3leo por el Sote, manejado por la empresa p\u00fablica Petroecuador, para que pueda llegar desde el sur de Colombia hasta la costa del Pac\u00edfico para ser exportado.<\/p>\n<p class=\"p_7\">La guerra comercial entre ambos pa\u00edses la inici\u00f3 Noboa el pasado mi\u00e9rcoles, cuando anunci\u00f3 que<b>\u00a0Ecuador impondr\u00eda desde el 1 de febrero una \u00abtasa de seguridad\u00bb del 30% a los productos colombianos<\/b>, ante la supuesta \u00abfalta de reciprocidad y acciones firmes\u00bb por parte del vecino pa\u00eds en el combate al tr\u00e1fico de drogas.<\/p>\n<p class=\"p_8\">El mandatario indic\u00f3 que la medida se mantendr\u00eda<b>\u00a0\u00abhasta que exista un compromiso real\u00bb\u00a0<\/b>por parte de Colombia \u00abpara enfrentar juntos el narcotr\u00e1fico y la miner\u00eda ilegal en la frontera\u00bb.<\/p>\n<p class=\"p_9\">En respuesta, el Gobierno colombiano se\u00f1al\u00f3 que aplicar\u00eda un\u00a0<b>gravamen del 30%<\/b>\u00a0a la importaci\u00f3n de veinte productos que lleguen desde Ecuador y tambi\u00e9n\u00a0<b>suspendi\u00f3 la venta de energ\u00eda.<\/b><\/p>\n<p class=\"p_10\">El viernes, la ministra de Relaciones Exteriores y Movilidad Humana de Ecuador, Gabriela Sommerfeld, indic\u00f3 que hab\u00edan recibido una propuesta de Colombia para reunirse el 25 de febrero y\u00a0<b>tratar la imposici\u00f3n de aranceles<\/b>, pero que desde el Gobierno ecuatoriano plantearon que la cita se realice esta semana, aunque a\u00fan no se ha anunciado p\u00fablicamente cu\u00e1ndo se dar\u00e1.<\/p>\n<p class=\"p_12\">En 2024,\u00a0<b>el comercio no petrolero con Colombia dej\u00f3 un saldo desfavorable para Ecuador de 919 millones de d\u00f3lares<\/b>, en donde las importaciones tuvieron mayor preponderancia que las exportaciones, al alcanzar los 1.756 millones, de acuerdo a datos de la Federaci\u00f3n Ecuatoriana de Exportadores. De enero a noviembre de 2025 el saldo fue de 852 millones. <strong>Fuente: Vistazo<\/strong><\/p>\n<\/div>\n<div class=\"html_text\"><\/div>\n","protected":false},"excerpt":{"rendered":"<p>Ecuador subi\u00f3 de tres a treinta d\u00f3lares la tarifa de transporte del crudo colombiano por el Sistema de Oleoducto Transecuatoriano (Sote), uno de sus dos grandes oleoductos, en medio de la inusitada guerra comercial en la que est\u00e1n inmersos ambos pa\u00edses, seg\u00fan confirm\u00f3 este lunes la ministra de Ambiente y Energ\u00eda,\u00a0In\u00e9s Manzano. La nueva tarifa entr\u00f3 en vigencia el viernes, en \u00abreciprocidad\u00bb a la decisi\u00f3n de Colombia de\u00a0suspender la venta de energ\u00eda, despu\u00e9s de que el presidente ecuatoriano,\u00a0Daniel Noboa, anunciara la\u00a0imposici\u00f3n de un arancel del 30% a las importaciones colombianas\u00a0por una supuesta falta de apoyo de Bogot\u00e1 en la lucha contra el narcotr\u00e1fico. Manzano hab\u00eda dicho inicialmente que la tarifa que se modificar\u00eda era la correspondiente al transporte de crudo colombiano por el\u00a0Oleoducto de Crudos Pesados (OCP), el otro m\u00e1s grande del pa\u00eds. Sin embargo, este lunes indic\u00f3 en una entrevista radial que\u00a0la medida se aplicar\u00e1 al crudo que pasa por el Sote, que pertenece a Ecopetrol, la principal empresa de petr\u00f3leo del pa\u00eds vecino. Por el OCP, en cambio, pasa crudo de\u00a0empresas privadas colombianas. La ministra indic\u00f3 que Ecuador le est\u00e1 dando\u00a0\u00abun servicio important\u00edsimo\u00bb a Ecopetrol\u00a0al transportar el petr\u00f3leo por el Sote, manejado por la empresa p\u00fablica Petroecuador, para que pueda llegar desde el sur de Colombia hasta la costa del Pac\u00edfico para ser exportado. La guerra comercial entre ambos pa\u00edses la inici\u00f3 Noboa el pasado mi\u00e9rcoles, cuando anunci\u00f3 que\u00a0Ecuador impondr\u00eda desde el 1 de febrero una \u00abtasa de seguridad\u00bb del 30% a los productos colombianos, ante la supuesta \u00abfalta de reciprocidad y acciones firmes\u00bb por parte del vecino pa\u00eds en el combate al tr\u00e1fico de drogas. El mandatario indic\u00f3 que la medida se mantendr\u00eda\u00a0\u00abhasta que exista un compromiso real\u00bb\u00a0por parte de Colombia \u00abpara enfrentar juntos el narcotr\u00e1fico y la miner\u00eda ilegal en la frontera\u00bb. En respuesta, el Gobierno colombiano se\u00f1al\u00f3 que aplicar\u00eda un\u00a0gravamen del 30%\u00a0a la importaci\u00f3n de veinte productos que lleguen desde Ecuador y tambi\u00e9n\u00a0suspendi\u00f3 la venta de energ\u00eda. El viernes, la ministra de Relaciones Exteriores y Movilidad Humana de Ecuador, Gabriela Sommerfeld, indic\u00f3 que hab\u00edan recibido una propuesta de Colombia para reunirse el 25 de febrero y\u00a0tratar la imposici\u00f3n de aranceles, pero que desde el Gobierno ecuatoriano plantearon que la cita se realice esta semana, aunque a\u00fan no se ha anunciado p\u00fablicamente cu\u00e1ndo se dar\u00e1. En 2024,\u00a0el comercio no petrolero con Colombia dej\u00f3 un saldo desfavorable para Ecuador de 919 millones de d\u00f3lares, en donde las importaciones tuvieron mayor preponderancia que las exportaciones, al alcanzar los 1.756 millones, de acuerdo a datos de la Federaci\u00f3n Ecuatoriana de Exportadores. De enero a noviembre de 2025 el saldo fue de 852 millones. Fuente: Vistazo<\/p>\n","protected":false},"author":1,"featured_media":29027,"comment_status":"closed","ping_status":"closed","sticky":false,"template":"","format":"standard","meta":{"footnotes":""},"categories":[268],"tags":[],"class_list":["post-29026","post","type-post","status-publish","format-standard","has-post-thumbnail","hentry","category-nacionales"],"_links":{"self":[{"href":"https:\/\/www.elamazonico.com\/portal\/wp-json\/wp\/v2\/posts\/29026","targetHints":{"allow":["GET"]}}],"collection":[{"href":"https:\/\/www.elamazonico.com\/portal\/wp-json\/wp\/v2\/posts"}],"about":[{"href":"https:\/\/www.elamazonico.com\/portal\/wp-json\/wp\/v2\/types\/post"}],"author":[{"embeddable":true,"href":"https:\/\/www.elamazonico.com\/portal\/wp-json\/wp\/v2\/users\/1"}],"replies":[{"embeddable":true,"href":"https:\/\/www.elamazonico.com\/portal\/wp-json\/wp\/v2\/comments?post=29026"}],"version-history":[{"count":1,"href":"https:\/\/www.elamazonico.com\/portal\/wp-json\/wp\/v2\/posts\/29026\/revisions"}],"predecessor-version":[{"id":29028,"href":"https:\/\/www.elamazonico.com\/portal\/wp-json\/wp\/v2\/posts\/29026\/revisions\/29028"}],"wp:featuredmedia":[{"embeddable":true,"href":"https:\/\/www.elamazonico.com\/portal\/wp-json\/wp\/v2\/media\/29027"}],"wp:attachment":[{"href":"https:\/\/www.elamazonico.com\/portal\/wp-json\/wp\/v2\/media?parent=29026"}],"wp:term":[{"taxonomy":"category","embeddable":true,"href":"https:\/\/www.elamazonico.com\/portal\/wp-json\/wp\/v2\/categories?post=29026"},{"taxonomy":"post_tag","embeddable":true,"href":"https:\/\/www.elamazonico.com\/portal\/wp-json\/wp\/v2\/tags?post=29026"}],"curies":[{"name":"wp","href":"https:\/\/api.w.org\/{rel}","templated":true}]}}