{"id":29023,"date":"2026-01-26T19:11:32","date_gmt":"2026-01-27T00:11:32","guid":{"rendered":"https:\/\/www.elamazonico.com\/portal\/?p=29023"},"modified":"2026-01-26T19:11:32","modified_gmt":"2026-01-27T00:11:32","slug":"experto-internacional-analiza-la-relacion-entre-justicia-ordinaria-y-justicia-indigena","status":"publish","type":"post","link":"https:\/\/www.elamazonico.com\/portal\/experto-internacional-analiza-la-relacion-entre-justicia-ordinaria-y-justicia-indigena\/","title":{"rendered":"Experto internacional analiza la relaci\u00f3n entre Justicia Ordinaria y Justicia Ind\u00edgena"},"content":{"rendered":"<p>En el marco del programa Tertulia Jur\u00eddica, se desarroll\u00f3 un conversatorio acad\u00e9mico con la participaci\u00f3n del doctor Bruno Teixeira Lins, experto internacional en Derechos Humanos, quien abord\u00f3 el tema \u201cJusticia Ordinaria y Justicia Ind\u00edgena: un an\u00e1lisis comparado desde los est\u00e1ndares internacionales de derechos humanos\u201d.<\/p>\n<p>El doctor Teixeira Lins, de nacionalidad brasile\u00f1a, es abogado y profesor universitario. Cuenta con un m\u00e1ster en Derechos Humanos, cursa su segunda maestr\u00eda en Antropolog\u00eda Social y desarrolla su doctorado en Derecho en la Universidad Tiradentes de Brasil. Actualmente realiza una estancia de investigaci\u00f3n vinculada a un instituto acad\u00e9mico de car\u00e1cter nacional, adem\u00e1s de desempe\u00f1arse como profesor invitado en universidades de Brasil y en la Universidad Cat\u00f3lica de Quito.<\/p>\n<p>Durante el di\u00e1logo, el invitado explic\u00f3 que la diferencia entre la justicia ordinaria y la justicia ind\u00edgena debe analizarse desde el pluralismo jur\u00eddico, entendido como un hecho social permanente. Se\u00f1al\u00f3 que ambos sistemas cumplen la misma funci\u00f3n esencial, organizar la vida social y resolver conflictos\u2014, pero se estructuran a partir de perspectivas, normas, autoridades y procedimientos distintos, por lo que no pueden ser evaluados bajo un criterio de superioridad, sino desde un enfoque intercultural y comparado.<\/p>\n<p>En relaci\u00f3n con los l\u00edmites de la justicia ind\u00edgena, Teixeira Lins indic\u00f3 que, en el caso ecuatoriano, estos se encuentran establecidos principalmente por la Constituci\u00f3n de la Rep\u00fablica y por los tratados internacionales de derechos humanos, y no por la justicia ordinaria.<\/p>\n<p>Destac\u00f3 que Ecuador, a diferencia de otros pa\u00edses de la regi\u00f3n, reconoce no solo la jurisdicci\u00f3n ind\u00edgena, sino tambi\u00e9n a las comunidades, pueblos y nacionalidades como fuentes del derecho, lo que constituye un avance significativo dentro del constitucionalismo plurinacional.<\/p>\n<p>Asimismo, explic\u00f3 que las decisiones de la justicia ind\u00edgena pueden ser impugnadas \u00fanicamente a trav\u00e9s de una acci\u00f3n extraordinaria de protecci\u00f3n ante la Corte Constitucional, la cual no act\u00faa como instancia de apelaci\u00f3n, sino que verifica el respeto a los derechos constitucionales, la territorialidad, el car\u00e1cter interno del conflicto y la compatibilidad con los derechos humanos. En casos excepcionales de privaci\u00f3n de libertad, procede el h\u00e1beas corpus, limitado a analizar la legalidad, legitimidad y no arbitrariedad de la medida.<\/p>\n<p>En el debate sobre la interculturalidad jur\u00eddica, el experto sostuvo que persisten tensiones entre el reconocimiento constitucional del derecho ind\u00edgena y su aplicaci\u00f3n pr\u00e1ctica, debido a la tendencia del sistema jur\u00eddico a jerarquizar y simplificar la complejidad social, lo que en ocasiones deriva en limitaciones jurisprudenciales. No obstante, resalt\u00f3 la importancia de decisiones judiciales que incorporan peritajes antropol\u00f3gicos, al permitir una comprensi\u00f3n m\u00e1s adecuada de los sistemas normativos ind\u00edgenas desde su propio contexto cultural.<\/p>\n<p>Finalmente, el doctor Teixeira Lins fue enf\u00e1tico al se\u00f1alar que la justicia ind\u00edgena no puede ser eliminada como hecho social, aun cuando no sea reconocida formalmente por el Estado, ya que responde a una necesidad inherente de organizaci\u00f3n y resoluci\u00f3n de conflictos dentro de las comunidades.<\/p>\n","protected":false},"excerpt":{"rendered":"<p>En el marco del programa Tertulia Jur\u00eddica, se desarroll\u00f3 un conversatorio acad\u00e9mico con la participaci\u00f3n del doctor Bruno Teixeira Lins, experto internacional en Derechos Humanos, quien abord\u00f3 el tema \u201cJusticia Ordinaria y Justicia Ind\u00edgena: un an\u00e1lisis comparado desde los est\u00e1ndares internacionales de derechos humanos\u201d. El doctor Teixeira Lins, de nacionalidad brasile\u00f1a, es abogado y profesor universitario. Cuenta con un m\u00e1ster en Derechos Humanos, cursa su segunda maestr\u00eda en Antropolog\u00eda Social y desarrolla su doctorado en Derecho en la Universidad Tiradentes de Brasil. Actualmente realiza una estancia de investigaci\u00f3n vinculada a un instituto acad\u00e9mico de car\u00e1cter nacional, adem\u00e1s de desempe\u00f1arse como profesor invitado en universidades de Brasil y en la Universidad Cat\u00f3lica de Quito. Durante el di\u00e1logo, el invitado explic\u00f3 que la diferencia entre la justicia ordinaria y la justicia ind\u00edgena debe analizarse desde el pluralismo jur\u00eddico, entendido como un hecho social permanente. Se\u00f1al\u00f3 que ambos sistemas cumplen la misma funci\u00f3n esencial, organizar la vida social y resolver conflictos\u2014, pero se estructuran a partir de perspectivas, normas, autoridades y procedimientos distintos, por lo que no pueden ser evaluados bajo un criterio de superioridad, sino desde un enfoque intercultural y comparado. En relaci\u00f3n con los l\u00edmites de la justicia ind\u00edgena, Teixeira Lins indic\u00f3 que, en el caso ecuatoriano, estos se encuentran establecidos principalmente por la Constituci\u00f3n de la Rep\u00fablica y por los tratados internacionales de derechos humanos, y no por la justicia ordinaria. Destac\u00f3 que Ecuador, a diferencia de otros pa\u00edses de la regi\u00f3n, reconoce no solo la jurisdicci\u00f3n ind\u00edgena, sino tambi\u00e9n a las comunidades, pueblos y nacionalidades como fuentes del derecho, lo que constituye un avance significativo dentro del constitucionalismo plurinacional. Asimismo, explic\u00f3 que las decisiones de la justicia ind\u00edgena pueden ser impugnadas \u00fanicamente a trav\u00e9s de una acci\u00f3n extraordinaria de protecci\u00f3n ante la Corte Constitucional, la cual no act\u00faa como instancia de apelaci\u00f3n, sino que verifica el respeto a los derechos constitucionales, la territorialidad, el car\u00e1cter interno del conflicto y la compatibilidad con los derechos humanos. En casos excepcionales de privaci\u00f3n de libertad, procede el h\u00e1beas corpus, limitado a analizar la legalidad, legitimidad y no arbitrariedad de la medida. En el debate sobre la interculturalidad jur\u00eddica, el experto sostuvo que persisten tensiones entre el reconocimiento constitucional del derecho ind\u00edgena y su aplicaci\u00f3n pr\u00e1ctica, debido a la tendencia del sistema jur\u00eddico a jerarquizar y simplificar la complejidad social, lo que en ocasiones deriva en limitaciones jurisprudenciales. No obstante, resalt\u00f3 la importancia de decisiones judiciales que incorporan peritajes antropol\u00f3gicos, al permitir una comprensi\u00f3n m\u00e1s adecuada de los sistemas normativos ind\u00edgenas desde su propio contexto cultural. Finalmente, el doctor Teixeira Lins fue enf\u00e1tico al se\u00f1alar que la justicia ind\u00edgena no puede ser eliminada como hecho social, aun cuando no sea reconocida formalmente por el Estado, ya que responde a una necesidad inherente de organizaci\u00f3n y resoluci\u00f3n de conflictos dentro de las comunidades.<\/p>\n","protected":false},"author":1,"featured_media":29024,"comment_status":"closed","ping_status":"closed","sticky":false,"template":"","format":"standard","meta":{"footnotes":""},"categories":[268,7],"tags":[],"class_list":["post-29023","post","type-post","status-publish","format-standard","has-post-thumbnail","hentry","category-nacionales","category-opinion"],"_links":{"self":[{"href":"https:\/\/www.elamazonico.com\/portal\/wp-json\/wp\/v2\/posts\/29023","targetHints":{"allow":["GET"]}}],"collection":[{"href":"https:\/\/www.elamazonico.com\/portal\/wp-json\/wp\/v2\/posts"}],"about":[{"href":"https:\/\/www.elamazonico.com\/portal\/wp-json\/wp\/v2\/types\/post"}],"author":[{"embeddable":true,"href":"https:\/\/www.elamazonico.com\/portal\/wp-json\/wp\/v2\/users\/1"}],"replies":[{"embeddable":true,"href":"https:\/\/www.elamazonico.com\/portal\/wp-json\/wp\/v2\/comments?post=29023"}],"version-history":[{"count":1,"href":"https:\/\/www.elamazonico.com\/portal\/wp-json\/wp\/v2\/posts\/29023\/revisions"}],"predecessor-version":[{"id":29025,"href":"https:\/\/www.elamazonico.com\/portal\/wp-json\/wp\/v2\/posts\/29023\/revisions\/29025"}],"wp:featuredmedia":[{"embeddable":true,"href":"https:\/\/www.elamazonico.com\/portal\/wp-json\/wp\/v2\/media\/29024"}],"wp:attachment":[{"href":"https:\/\/www.elamazonico.com\/portal\/wp-json\/wp\/v2\/media?parent=29023"}],"wp:term":[{"taxonomy":"category","embeddable":true,"href":"https:\/\/www.elamazonico.com\/portal\/wp-json\/wp\/v2\/categories?post=29023"},{"taxonomy":"post_tag","embeddable":true,"href":"https:\/\/www.elamazonico.com\/portal\/wp-json\/wp\/v2\/tags?post=29023"}],"curies":[{"name":"wp","href":"https:\/\/api.w.org\/{rel}","templated":true}]}}