{"id":29017,"date":"2026-01-26T14:58:31","date_gmt":"2026-01-26T19:58:31","guid":{"rendered":"https:\/\/www.elamazonico.com\/portal\/?p=29017"},"modified":"2026-01-26T14:58:31","modified_gmt":"2026-01-26T19:58:31","slug":"pasar-el-problema-al-vecino-no-es-la-solucion-advierte-daniel-noboa-antes-de-dialogar-con-colombia","status":"publish","type":"post","link":"https:\/\/www.elamazonico.com\/portal\/pasar-el-problema-al-vecino-no-es-la-solucion-advierte-daniel-noboa-antes-de-dialogar-con-colombia\/","title":{"rendered":"\u2018Pasar el problema al vecino no es la soluci\u00f3n\u2019, advierte Daniel Noboa antes de dialogar con Colombia"},"content":{"rendered":"<div class=\"paragraph texto\">\n<p class=\"p_0\">En medio de la escalada de tensiones entre<b>\u00a0Ecuador y Colombia<\/b>, el presidente de la Rep\u00fablica,\u00a0<b><a href=\"https:\/\/www.vistazo.com\/cronologia\/-\/meta\/daniel-noboa\" target=\"_blank\" rel=\"noopener noreferrer\">Daniel Noboa<\/a><\/b>, reiter\u00f3 el llamado a la\u00a0<b>cooperaci\u00f3n\u00a0<\/b>en la lucha contra los delitos transnacionales, durante la inauguraci\u00f3n de la\u00a0<u>Conferencia Internacional sobre Drogas Sint\u00e9ticas Ecuador 2026,<\/u>\u00a0este lunes 26 de enero en Quito.<\/p>\n<p class=\"p_2\">Durante su intervenci\u00f3n, el Jefe de Estado destac\u00f3 la necesidad de una respuesta coordinada entre los\u00a0<b>pa\u00edses<\/b>\u00a0y entre las instituciones del Estado para proteger a la ciudadan\u00eda y enfrentar al crimen organizado. \u201cNo tenemos tiempo que perder (&#8230;). Nuestro objetivo es destruir los cimientos de esas redes criminales que operan sin escr\u00fapulos y sin fronteras\u201d, puntualiz\u00f3.<\/p>\n<\/div>\n<div class=\"html_text\"><iframe title=\"YouTube video player\" src=\"https:\/\/www.youtube.com\/embed\/i1UES8R9K7M?si=lkVQ3ucYfAdtUXy-\" width=\"560\" height=\"315\" frameborder=\"0\" allowfullscreen=\"allowfullscreen\" data-mce-fragment=\"1\"><\/iframe><\/div>\n<h2 class=\"h2vistazo\">Noboa env\u00eda mensaje a Colombia<\/h2>\n<div class=\"paragraph texto\">\n<p class=\"p_3\">Noboa se\u00f1al\u00f3 que para enfrentar la lucha contra las drogas se requiere\u00a0<u>inteligencia compartida, intercambio de informaci\u00f3n y un control estricto de sustancias sujetas a fiscalizaci\u00f3n.<\/u><\/p>\n<p class=\"p_4\">Sin embargo, dijo que mientras Ecuador refuerza sus acciones contra el crimen transnacional en la frontera,\u00a0<b>otros pa\u00edses no muestran la misma firmeza y reciprocidad,\u00a0<\/b>\u00ablo que termina afectando a nuestro pa\u00eds\u00bb.<\/p>\n<p class=\"p_5\">\u201c<u>Pasar el problema al vecino no es una soluci\u00f3n; es simplemente trasladar la destrucci\u00f3n de familias a otra naci\u00f3n vecina, a otra naci\u00f3n hermana<\/u>\u201d, afirm\u00f3 Noboa.<\/p>\n<p class=\"p_7\">El presidente subray\u00f3 que solo mediante el trabajo conjunto se podr\u00e1 derrotar a un\u00a0<b>enemigo<\/b>\u00a0que utiliza la violencia para \u00abenvenenar nuestro futuro\u00bb.<\/p>\n<\/div>\n<h2 class=\"h2vistazo\">Todo empez\u00f3 por el anuncio de aranceles del 30%<\/h2>\n<div class=\"paragraph texto\">\n<p class=\"p_8\">Aunque no mencion\u00f3 de forma expl\u00edcita a\u00a0<b>Colombia<\/b>, Noboa dej\u00f3 claro su mensaje hacia el pa\u00eds vecino al se\u00f1alar que Ecuador est\u00e1 dispuesto a\u00a0<b>abrir el di\u00e1logo<\/b>, pero advirti\u00f3 que este debe traducirse en\u00a0<b>acciones concretas<\/b>.<\/p>\n<p class=\"p_9\">\u201cPodemos abrir el di\u00e1logo, pero si no hay la voluntad real de la contraparte de apoyar y hacer algo significativo para cooperar, para mejorar la situaci\u00f3n, ya entonces vemos que es absurdo continuar por un camino cuando no se ve ning\u00fan resultado\u201d, expres\u00f3 el presidente Noboa.<\/p>\n<p class=\"p_10\">Las declaraciones se producen en un contexto de\u00a0<b>tensi\u00f3n bilateral<\/b>, luego de que el Gobierno de\u00a0<b>Daniel Noboa<\/b>\u00a0impusiera un\u00a0<b>arancel del 30 %<\/b>\u00a0a los productos colombianos que ingresan a Ecuador. En respuesta, la administraci\u00f3n del presidente\u00a0<b>Gustavo Petro<\/b>\u00a0anunci\u00f3 una\u00a0<b>tasa adicional a art\u00edculos ecuatorianos<\/b>\u00a0y la\u00a0<b>suspensi\u00f3n de la venta de energ\u00eda<\/b> al pa\u00eds.<\/p>\n<p class=\"p_12\">El conflicto se origin\u00f3 tras un mensaje publicado por Noboa en la red social\u00a0<b>X<\/b>, en el que anunci\u00f3 la aplicaci\u00f3n de una denominada\u00a0<b>\u2018tasa de seguridad\u2019<\/b>, a partir de febrero, a productos colombianos. Seg\u00fan el mandatario, la medida responde a la\u00a0<b>falta de reciprocidad y de acciones firmes<\/b>\u00a0de Colombia en la lucha contra el\u00a0<b>narcotr\u00e1fico<\/b>\u00a0y la\u00a0<b>miner\u00eda ilegal<\/b>. <strong>Fuente: Vistazo<\/strong><\/p>\n<\/div>\n","protected":false},"excerpt":{"rendered":"<p>En medio de la escalada de tensiones entre\u00a0Ecuador y Colombia, el presidente de la Rep\u00fablica,\u00a0Daniel Noboa, reiter\u00f3 el llamado a la\u00a0cooperaci\u00f3n\u00a0en la lucha contra los delitos transnacionales, durante la inauguraci\u00f3n de la\u00a0Conferencia Internacional sobre Drogas Sint\u00e9ticas Ecuador 2026,\u00a0este lunes 26 de enero en Quito. Durante su intervenci\u00f3n, el Jefe de Estado destac\u00f3 la necesidad de una respuesta coordinada entre los\u00a0pa\u00edses\u00a0y entre las instituciones del Estado para proteger a la ciudadan\u00eda y enfrentar al crimen organizado. \u201cNo tenemos tiempo que perder (&#8230;). Nuestro objetivo es destruir los cimientos de esas redes criminales que operan sin escr\u00fapulos y sin fronteras\u201d, puntualiz\u00f3. Noboa env\u00eda mensaje a Colombia Noboa se\u00f1al\u00f3 que para enfrentar la lucha contra las drogas se requiere\u00a0inteligencia compartida, intercambio de informaci\u00f3n y un control estricto de sustancias sujetas a fiscalizaci\u00f3n. Sin embargo, dijo que mientras Ecuador refuerza sus acciones contra el crimen transnacional en la frontera,\u00a0otros pa\u00edses no muestran la misma firmeza y reciprocidad,\u00a0\u00ablo que termina afectando a nuestro pa\u00eds\u00bb. \u201cPasar el problema al vecino no es una soluci\u00f3n; es simplemente trasladar la destrucci\u00f3n de familias a otra naci\u00f3n vecina, a otra naci\u00f3n hermana\u201d, afirm\u00f3 Noboa. El presidente subray\u00f3 que solo mediante el trabajo conjunto se podr\u00e1 derrotar a un\u00a0enemigo\u00a0que utiliza la violencia para \u00abenvenenar nuestro futuro\u00bb. Todo empez\u00f3 por el anuncio de aranceles del 30% Aunque no mencion\u00f3 de forma expl\u00edcita a\u00a0Colombia, Noboa dej\u00f3 claro su mensaje hacia el pa\u00eds vecino al se\u00f1alar que Ecuador est\u00e1 dispuesto a\u00a0abrir el di\u00e1logo, pero advirti\u00f3 que este debe traducirse en\u00a0acciones concretas. \u201cPodemos abrir el di\u00e1logo, pero si no hay la voluntad real de la contraparte de apoyar y hacer algo significativo para cooperar, para mejorar la situaci\u00f3n, ya entonces vemos que es absurdo continuar por un camino cuando no se ve ning\u00fan resultado\u201d, expres\u00f3 el presidente Noboa. Las declaraciones se producen en un contexto de\u00a0tensi\u00f3n bilateral, luego de que el Gobierno de\u00a0Daniel Noboa\u00a0impusiera un\u00a0arancel del 30 %\u00a0a los productos colombianos que ingresan a Ecuador. En respuesta, la administraci\u00f3n del presidente\u00a0Gustavo Petro\u00a0anunci\u00f3 una\u00a0tasa adicional a art\u00edculos ecuatorianos\u00a0y la\u00a0suspensi\u00f3n de la venta de energ\u00eda al pa\u00eds. El conflicto se origin\u00f3 tras un mensaje publicado por Noboa en la red social\u00a0X, en el que anunci\u00f3 la aplicaci\u00f3n de una denominada\u00a0\u2018tasa de seguridad\u2019, a partir de febrero, a productos colombianos. Seg\u00fan el mandatario, la medida responde a la\u00a0falta de reciprocidad y de acciones firmes\u00a0de Colombia en la lucha contra el\u00a0narcotr\u00e1fico\u00a0y la\u00a0miner\u00eda ilegal. Fuente: Vistazo<\/p>\n","protected":false},"author":1,"featured_media":29018,"comment_status":"closed","ping_status":"closed","sticky":false,"template":"","format":"standard","meta":{"footnotes":""},"categories":[268],"tags":[],"class_list":["post-29017","post","type-post","status-publish","format-standard","has-post-thumbnail","hentry","category-nacionales"],"_links":{"self":[{"href":"https:\/\/www.elamazonico.com\/portal\/wp-json\/wp\/v2\/posts\/29017","targetHints":{"allow":["GET"]}}],"collection":[{"href":"https:\/\/www.elamazonico.com\/portal\/wp-json\/wp\/v2\/posts"}],"about":[{"href":"https:\/\/www.elamazonico.com\/portal\/wp-json\/wp\/v2\/types\/post"}],"author":[{"embeddable":true,"href":"https:\/\/www.elamazonico.com\/portal\/wp-json\/wp\/v2\/users\/1"}],"replies":[{"embeddable":true,"href":"https:\/\/www.elamazonico.com\/portal\/wp-json\/wp\/v2\/comments?post=29017"}],"version-history":[{"count":1,"href":"https:\/\/www.elamazonico.com\/portal\/wp-json\/wp\/v2\/posts\/29017\/revisions"}],"predecessor-version":[{"id":29019,"href":"https:\/\/www.elamazonico.com\/portal\/wp-json\/wp\/v2\/posts\/29017\/revisions\/29019"}],"wp:featuredmedia":[{"embeddable":true,"href":"https:\/\/www.elamazonico.com\/portal\/wp-json\/wp\/v2\/media\/29018"}],"wp:attachment":[{"href":"https:\/\/www.elamazonico.com\/portal\/wp-json\/wp\/v2\/media?parent=29017"}],"wp:term":[{"taxonomy":"category","embeddable":true,"href":"https:\/\/www.elamazonico.com\/portal\/wp-json\/wp\/v2\/categories?post=29017"},{"taxonomy":"post_tag","embeddable":true,"href":"https:\/\/www.elamazonico.com\/portal\/wp-json\/wp\/v2\/tags?post=29017"}],"curies":[{"name":"wp","href":"https:\/\/api.w.org\/{rel}","templated":true}]}}