{"id":29014,"date":"2026-01-26T12:18:49","date_gmt":"2026-01-26T17:18:49","guid":{"rendered":"https:\/\/www.elamazonico.com\/portal\/?p=29014"},"modified":"2026-01-26T12:18:49","modified_gmt":"2026-01-26T17:18:49","slug":"monica-palacios-presenta-noticia-criminis-en-contra-de-mishel-mancheno-por-presunto-nexo-con-mario-godoy","status":"publish","type":"post","link":"https:\/\/www.elamazonico.com\/portal\/monica-palacios-presenta-noticia-criminis-en-contra-de-mishel-mancheno-por-presunto-nexo-con-mario-godoy\/","title":{"rendered":"M\u00f3nica Palacios presenta noticia criminis en contra de Mishel Mancheno por presunto nexo con Mario Godoy"},"content":{"rendered":"<div class=\"paragraph texto\">\n<p class=\"p_0\">La legisladora de la Revoluci\u00f3n Ciudadana (RC),\u00a0<u><b>M\u00f3nica Palacios<\/b><\/u>, present\u00f3 una noticia criminis en contra de la primera vicepresidenta de la Asamblea Nacional,\u00a0<b><a href=\"https:\/\/www.vistazo.com\/politica\/nacional\/2026-01-21-mishel-mancheno-querella-monica-palacios-calumnias-nexos-judicatura-MD10647830\">Mishel Mancheno<\/a><\/b>, por el\u00a0<u><b>presunto delito de tr\u00e1fico de influencias y asociaci\u00f3n il\u00edcita.<\/b><\/u><\/p>\n<p class=\"p_1\">La asamble\u00edsta corre\u00edsta arrib\u00f3 la ma\u00f1ana de este lunes 26 de enero a la sede principal de la Fiscal\u00eda en Quito para dejar la acusaci\u00f3n relacionada con\u00a0<u><b>supuestos nexos entre Mancheno (ADN)<\/b><\/u>\u00a0y el presidente del Consejo de la Judicatura,\u00a0<u><b>Mario Godoy<\/b><\/u>.<\/p>\n<p class=\"p_3\">Seg\u00fan Palacios, el esposo de Mancheno ser\u00eda presidente de\u00a0<u><b>Noboa Trading<\/b><\/u>, \u201cempresa investigada por presunto delito de tr\u00e1fico de drogas\u201d. Sin embargo, dicho caso se habr\u00eda frenado con la llegada de Godoy a la Judicatura.<\/p>\n<div class=\"Center2Display\">\n<div id=\"Center2\" data-google-query-id=\"CLuGifPaqZIDFQHelAkdD5QOjg\">\n<div id=\"google_ads_iframe_\/21839199781\/Vistazo\/Vistazo_Center2_0__container__\">\u201cTambi\u00e9n hay el caso Altares donde el primo hermano de la se\u00f1ora Mishel Mancheno est\u00e1 involucrado en un presunto delito de tr\u00e1fico de influencias y por parte de la Fiscal\u00eda no se ha hecho nada\u201d, asegur\u00f3 la legisladora de la RC.<\/div>\n<\/div>\n<\/div>\n<\/div>\n<div class=\"paragraph texto\">\n<p class=\"p_4\">Por otro lado, dijo que el mejor amigo de la parlamentaria oficialista \u201ces el director del Consejo de la Judicatura en Chimborazo\u201d.<\/p>\n<p class=\"p_5\">Sobre todas estas acusaciones,\u00a0<u><b>Palacios asegur\u00f3 tener evidencias y recalc\u00f3 que es v\u00edctima de persecuci\u00f3n pol\u00edtica<\/b><\/u>\u00a0tras ser sancionada por tres ocasiones en la Asamblea.<\/p>\n<p class=\"p_6\">\u201cLo voy a seguir haciendo, no me callar\u00e1n, y\u00a0<u><b>no me importa la querella que me presenten<\/b><\/u>\u201d, acot\u00f3.<\/p>\n<\/div>\n<div class=\"multimediaMacroWrapper img lateral\">\n<figure class=\"contentMedia art-img\">\n<div><img fetchpriority=\"high\" decoding=\"async\" class=\" lazyloaded\" title=\"Asamble\u00edsta M\u00f3nica Palacios present\u00f3 una noticia criminis.\" src=\"https:\/\/www.vistazo.com\/placeholder\/svg\/viewbox\/768x598\" sizes=\"100vw\" srcset=\"\/\/www.vistazo.com\/binrepository\/768x598\/0c0\/0d0\/none\/12727\/GWVM\/20260126205480-monica-palacios-notici_2611727_20260126120757.jpg 768w,\/\/www.vistazo.com\/binrepository\/640x498\/0c0\/0d0\/none\/12727\/GWVG\/20260126205480-monica-palacios-notici_2611727_20260126120757.jpg 640w,\/\/www.vistazo.com\/binrepository\/512x399\/0c0\/0d0\/none\/12727\/GWVE\/20260126205480-monica-palacios-notici_2611727_20260126120757.jpg 512w,\/\/www.vistazo.com\/binrepository\/384x299\/0c0\/0d0\/none\/12727\/GWVM\/20260126205480-monica-palacios-notici_2611727_20260126120757.jpg 384w,\/\/www.vistazo.com\/binrepository\/300x234\/0c0\/0d0\/none\/12727\/GWVH\/20260126205480-monica-palacios-notici_2611727_20260126120757.jpg 300w\" alt=\"$!Asamble\u00edsta M\u00f3nica Palacios present\u00f3 una noticia criminis.\" width=\"768\" height=\"598\" data-srcset=\"\/\/www.vistazo.com\/binrepository\/768x598\/0c0\/0d0\/none\/12727\/GWVM\/20260126205480-monica-palacios-notici_2611727_20260126120757.jpg 768w,\/\/www.vistazo.com\/binrepository\/640x498\/0c0\/0d0\/none\/12727\/GWVG\/20260126205480-monica-palacios-notici_2611727_20260126120757.jpg 640w,\/\/www.vistazo.com\/binrepository\/512x399\/0c0\/0d0\/none\/12727\/GWVE\/20260126205480-monica-palacios-notici_2611727_20260126120757.jpg 512w,\/\/www.vistazo.com\/binrepository\/384x299\/0c0\/0d0\/none\/12727\/GWVM\/20260126205480-monica-palacios-notici_2611727_20260126120757.jpg 384w,\/\/www.vistazo.com\/binrepository\/300x234\/0c0\/0d0\/none\/12727\/GWVH\/20260126205480-monica-palacios-notici_2611727_20260126120757.jpg 300w\" \/><\/div>\n<div class=\"cutline-byline\"><span class=\"cutline-text\">Asamble\u00edsta M\u00f3nica Palacios present\u00f3 una noticia criminis.<\/span><\/div>\n<\/figure>\n<\/div>\n<h2 class=\"h2vistazo\">QUERELLA CONTRA PALACIOS<\/h2>\n<div class=\"paragraph texto\">\n<p class=\"p_8\">La semana pasada, en cambio,\u00a0<u><b>Mishel Mancheno interpuso una querella en la Corte Nacional de Justicia contra M\u00f3nica Palacios<\/b><\/u>\u00a0por incurrir en presuntas calumnias.<\/p>\n<\/div>\n<div class=\"Citavistazo\">\u201cEl pa\u00eds merece responsabilidad y seriedad, y eso exige pruebas, no ruido\u201d, manifest\u00f3 la asamble\u00edsta de ADN.<\/div>\n<div class=\"paragraph texto\">\n<p class=\"p_9\">A\u00f1adi\u00f3 que \u201cquien acusa debe probar lo que dice. Solo las pruebas verdaderas liberan de responsabilidad penal, no las fotos ni el espect\u00e1culo.<u>\u00a0Aqu\u00ed es donde se demuestra la verdad<\/u>\u201d.<\/p>\n<p class=\"p_10\">Para que el proceso avance, el juez a cargo deber\u00e1 solicitar a la Asamblea Nacional el\u00a0<u><b>levantamiento de la inmunidad parlamentaria<\/b><\/u>\u00a0de la que gozan los asamble\u00edstas y, de ser concedido, continuar con el tr\u00e1mite judicial correspondiente.<\/p>\n<p class=\"p_12\">No es la primera vez que M\u00f3nica Palacios enfrenta una acci\u00f3n similar. En 2024, el presidente de la Rep\u00fablica,\u00a0<u><b>Daniel Noboa<\/b><\/u>, interpuso una querella en su contra por el\u00a0<u><b>presunto delito de calumnia<\/b><\/u>, luego de que la legisladora realizara declaraciones p\u00fablicas en las que afirm\u00f3: \u201cPorque yo s\u00ed lo digo en su cara. A m\u00ed no me da verg\u00fcenza. Yo s\u00ed tengo los pantalones para decirles que son unos ladrones\u201d.<\/p>\n<p class=\"p_13\">Estas expresiones motivaron al mandatario a iniciar una causa penal; sin embargo, la anterior Asamblea Nacional\u00a0<u><b>neg\u00f3 el levantamiento de la inmunidad parlamentaria<\/b><\/u>, lo que impidi\u00f3 que el proceso avanzara. <strong>Fuente: Vistazo<\/strong><\/p>\n<\/div>\n","protected":false},"excerpt":{"rendered":"<p>La legisladora de la Revoluci\u00f3n Ciudadana (RC),\u00a0M\u00f3nica Palacios, present\u00f3 una noticia criminis en contra de la primera vicepresidenta de la Asamblea Nacional,\u00a0Mishel Mancheno, por el\u00a0presunto delito de tr\u00e1fico de influencias y asociaci\u00f3n il\u00edcita. La asamble\u00edsta corre\u00edsta arrib\u00f3 la ma\u00f1ana de este lunes 26 de enero a la sede principal de la Fiscal\u00eda en Quito para dejar la acusaci\u00f3n relacionada con\u00a0supuestos nexos entre Mancheno (ADN)\u00a0y el presidente del Consejo de la Judicatura,\u00a0Mario Godoy. Seg\u00fan Palacios, el esposo de Mancheno ser\u00eda presidente de\u00a0Noboa Trading, \u201cempresa investigada por presunto delito de tr\u00e1fico de drogas\u201d. Sin embargo, dicho caso se habr\u00eda frenado con la llegada de Godoy a la Judicatura. \u201cTambi\u00e9n hay el caso Altares donde el primo hermano de la se\u00f1ora Mishel Mancheno est\u00e1 involucrado en un presunto delito de tr\u00e1fico de influencias y por parte de la Fiscal\u00eda no se ha hecho nada\u201d, asegur\u00f3 la legisladora de la RC. Por otro lado, dijo que el mejor amigo de la parlamentaria oficialista \u201ces el director del Consejo de la Judicatura en Chimborazo\u201d. Sobre todas estas acusaciones,\u00a0Palacios asegur\u00f3 tener evidencias y recalc\u00f3 que es v\u00edctima de persecuci\u00f3n pol\u00edtica\u00a0tras ser sancionada por tres ocasiones en la Asamblea. \u201cLo voy a seguir haciendo, no me callar\u00e1n, y\u00a0no me importa la querella que me presenten\u201d, acot\u00f3. Asamble\u00edsta M\u00f3nica Palacios present\u00f3 una noticia criminis. QUERELLA CONTRA PALACIOS La semana pasada, en cambio,\u00a0Mishel Mancheno interpuso una querella en la Corte Nacional de Justicia contra M\u00f3nica Palacios\u00a0por incurrir en presuntas calumnias. \u201cEl pa\u00eds merece responsabilidad y seriedad, y eso exige pruebas, no ruido\u201d, manifest\u00f3 la asamble\u00edsta de ADN. A\u00f1adi\u00f3 que \u201cquien acusa debe probar lo que dice. Solo las pruebas verdaderas liberan de responsabilidad penal, no las fotos ni el espect\u00e1culo.\u00a0Aqu\u00ed es donde se demuestra la verdad\u201d. Para que el proceso avance, el juez a cargo deber\u00e1 solicitar a la Asamblea Nacional el\u00a0levantamiento de la inmunidad parlamentaria\u00a0de la que gozan los asamble\u00edstas y, de ser concedido, continuar con el tr\u00e1mite judicial correspondiente. No es la primera vez que M\u00f3nica Palacios enfrenta una acci\u00f3n similar. En 2024, el presidente de la Rep\u00fablica,\u00a0Daniel Noboa, interpuso una querella en su contra por el\u00a0presunto delito de calumnia, luego de que la legisladora realizara declaraciones p\u00fablicas en las que afirm\u00f3: \u201cPorque yo s\u00ed lo digo en su cara. A m\u00ed no me da verg\u00fcenza. Yo s\u00ed tengo los pantalones para decirles que son unos ladrones\u201d. Estas expresiones motivaron al mandatario a iniciar una causa penal; sin embargo, la anterior Asamblea Nacional\u00a0neg\u00f3 el levantamiento de la inmunidad parlamentaria, lo que impidi\u00f3 que el proceso avanzara. Fuente: Vistazo<\/p>\n","protected":false},"author":1,"featured_media":29015,"comment_status":"closed","ping_status":"closed","sticky":false,"template":"","format":"standard","meta":{"footnotes":""},"categories":[268],"tags":[],"class_list":["post-29014","post","type-post","status-publish","format-standard","has-post-thumbnail","hentry","category-nacionales"],"_links":{"self":[{"href":"https:\/\/www.elamazonico.com\/portal\/wp-json\/wp\/v2\/posts\/29014","targetHints":{"allow":["GET"]}}],"collection":[{"href":"https:\/\/www.elamazonico.com\/portal\/wp-json\/wp\/v2\/posts"}],"about":[{"href":"https:\/\/www.elamazonico.com\/portal\/wp-json\/wp\/v2\/types\/post"}],"author":[{"embeddable":true,"href":"https:\/\/www.elamazonico.com\/portal\/wp-json\/wp\/v2\/users\/1"}],"replies":[{"embeddable":true,"href":"https:\/\/www.elamazonico.com\/portal\/wp-json\/wp\/v2\/comments?post=29014"}],"version-history":[{"count":1,"href":"https:\/\/www.elamazonico.com\/portal\/wp-json\/wp\/v2\/posts\/29014\/revisions"}],"predecessor-version":[{"id":29016,"href":"https:\/\/www.elamazonico.com\/portal\/wp-json\/wp\/v2\/posts\/29014\/revisions\/29016"}],"wp:featuredmedia":[{"embeddable":true,"href":"https:\/\/www.elamazonico.com\/portal\/wp-json\/wp\/v2\/media\/29015"}],"wp:attachment":[{"href":"https:\/\/www.elamazonico.com\/portal\/wp-json\/wp\/v2\/media?parent=29014"}],"wp:term":[{"taxonomy":"category","embeddable":true,"href":"https:\/\/www.elamazonico.com\/portal\/wp-json\/wp\/v2\/categories?post=29014"},{"taxonomy":"post_tag","embeddable":true,"href":"https:\/\/www.elamazonico.com\/portal\/wp-json\/wp\/v2\/tags?post=29014"}],"curies":[{"name":"wp","href":"https:\/\/api.w.org\/{rel}","templated":true}]}}