{"id":29011,"date":"2026-01-26T12:10:03","date_gmt":"2026-01-26T17:10:03","guid":{"rendered":"https:\/\/www.elamazonico.com\/portal\/?p=29011"},"modified":"2026-01-26T12:10:03","modified_gmt":"2026-01-26T17:10:03","slug":"daniel-noboa-anuncia-nuevo-plan-de-seguridad-contra-el-crimen-organizado-tras-regresar-a-ecuador","status":"publish","type":"post","link":"https:\/\/www.elamazonico.com\/portal\/daniel-noboa-anuncia-nuevo-plan-de-seguridad-contra-el-crimen-organizado-tras-regresar-a-ecuador\/","title":{"rendered":"Daniel Noboa anuncia nuevo plan de seguridad contra el crimen organizado tras regresar a Ecuador"},"content":{"rendered":"<div class=\"paragraph texto\">\n<p class=\"p_2\">En el marco de la denominada guerra contra el narcotr\u00e1fico y el terrorismo, Noboa explic\u00f3 que se trata de una\u00a0<b>estrategia integral<\/b>\u00a0que busca golpear directamente a las estructuras criminales que durante a\u00f1os sembraron violencia e inseguridad en\u00a0<b>barrios, carreteras, fronteras\u00a0<\/b>y<b>\u00a0c\u00e1rceles<\/b>.<\/p>\n<\/div>\n<h2 class=\"h2vistazo\">Inversi\u00f3n de USD 180 millones en seguridad<\/h2>\n<div class=\"paragraph texto\">\n<p class=\"p_3\">El ministro de Defensa,\u00a0<b>Gian Carlo Loffredo<\/b>, inform\u00f3 que el Gobierno ha ejecutado una\u00a0<b>inversi\u00f3n de 180 millones de d\u00f3lares<\/b>\u00a0para poner en marcha\u00a0<b>11 proyectos estrat\u00e9gicos<\/b>. Entre ellos destacan la\u00a0<b>compra de siete helic\u00f3pteros bimotor<\/b>, la adquisici\u00f3n de un\u00a0<b>buque log\u00edstico multiprop\u00f3sito<\/b>, as\u00ed como la implementaci\u00f3n de\u00a0<b>radares 3D, esc\u00e1neres y drones<\/b>\u00a0para fortalecer el\u00a0<b>control de fronteras<\/b>.<\/p>\n<div class=\"Center2Display\">\n<div id=\"Center2\" data-google-query-id=\"CO-aiPDYqZIDFaIMHAAdCpoLxg\">\n<div id=\"google_ads_iframe_\/21839199781\/Vistazo\/Vistazo_Center2_0__container__\">Seg\u00fan Loffredo, estas acciones permitir\u00e1n <b>modernizar los sistemas t\u00e1cticos de inteligencia<\/b>, prevenir ataques, identificar riesgos y proteger\u00a0<b>infraestructura estrat\u00e9gica<\/b>.<\/div>\n<\/div>\n<\/div>\n<\/div>\n<h2 class=\"h2vistazo\">Tecnolog\u00eda e identificaci\u00f3n de armas y personas<\/h2>\n<div class=\"paragraph texto\">\n<p class=\"p_5\">Por su parte, el ministro del Interior,\u00a0<b>Jhon Reimberg<\/b>, destac\u00f3 que el nuevo plan de seguridad incorpora\u00a0<b>tecnolog\u00eda de \u00faltima generaci\u00f3n<\/b>, como los sistemas\u00a0<b>IBIS y AFIS<\/b>, que permiten identificar\u00a0<b>armas, municiones e identidades.<\/b><\/p>\n<p class=\"p_6\">Reimberg a\u00f1adi\u00f3 que este a\u00f1o Ecuador dar\u00e1 un salto tecnol\u00f3gico en el<b>\u00a0control migratorio<\/b>, al contar con\u00a0<u>informaci\u00f3n anticipada de los pasajeros antes de su ingreso al pa\u00eds<\/u>, lo que permitir\u00e1 detectar posibles amenazas y prevenir delitos transnacionales.<\/p>\n<p class=\"p_7\">Asimismo, se\u00f1al\u00f3 que el Gobierno est\u00e1 atacando la\u00a0<b>econom\u00eda de los grupos de delincuencia organizada<\/b>, debilitando su capacidad de financiamiento. En el \u00e1mbito penitenciario, asegur\u00f3 que con la\u00a0<b>c\u00e1rcel de El Encuentro<\/b>\u00a0y la construcci\u00f3n de una\u00a0<b>nueva prisi\u00f3n con capacidad para 15.000 privados de libertad<\/b>, en un plazo de 15 a 18 meses,\u00a0<u>el sistema carcelario ecuatoriano se proyecta como uno de los m\u00e1s modernos de la regi\u00f3n.<\/u><\/p>\n<\/div>\n<h2 class=\"h2vistazo\">UAFE: \u2018Al crimen organizado hay que quitarle el dinero\u2019<\/h2>\n<div class=\"paragraph texto\">\n<p class=\"p_8\">El director de la\u00a0<b>UAFE<\/b>,\u00a0<b>Jos\u00e9 Julio Neira<\/b>, manifest\u00f3 que el crimen organizado no se derrota si no se le quita el dinero. Por ello, afirm\u00f3 que la prioridad del Gobierno es la\u00a0<b>lucha contra el lavado de activos<\/b>.<\/p>\n<p class=\"p_9\">Neira explic\u00f3 que la entidad sigue la\u00a0<b>ruta del dinero ilegal<\/b>\u00a0para evitar que contin\u00fae financiando la violencia, la compra de armas y la\u00a0<b>corrupci\u00f3n pol\u00edtica<\/b>.<\/p>\n<p class=\"p_10\">A\u00f1adi\u00f3 que ya se ha logrado\u00a0<b>identificar financiamiento il\u00edcito<\/b>\u00a0vinculado a pol\u00edticos y a\u00a0<b>administraciones p\u00fablicas descentralizadas<\/b>, as\u00ed como a\u00a0<b>partidos pol\u00edticos<\/b>.<\/p>\n<p class=\"p_12\">Por \u00faltimo, el presidente\u00a0<b>Noboa<\/b>\u00a0asegur\u00f3 que la inseguridad en el pa\u00eds est\u00e1 ligada a una delincuencia que se desprende de la\u00a0<b>corrupci\u00f3n pol\u00edtica<\/b>, enquistada durante a\u00f1os y que utiliz\u00f3 a los\u00a0<b>grupos de delincuencia organizada (GDO)<\/b>\u00a0como sus brazos t\u00e1cticos.<\/p>\n<p class=\"p_13\">\u201cLa respuesta ser\u00e1 integral desde la UAFE, la inteligencia, la Polic\u00eda Nacional y las Fuerzas Armadas. Nos enfocaremos tanto en el despliegue de la fuerza como en el combate a sus<b>\u00a0patrocinadores pol\u00edticos<\/b>\u201d, afirm\u00f3 el mandatario.<\/p>\n<p class=\"p_14\">Noboa concluy\u00f3 se\u00f1alando que enfrentar al crimen organizado exige\u00a0<b>recursos, planificaci\u00f3n y decisi\u00f3n pol\u00edtica<\/b>. \u201cHoy somos m\u00e1s fuertes, estamos mejor preparados y actuamos sin tregua y sin retroceder\u201d, sentenci\u00f3. <strong>Fuente: Vistazo<\/strong><\/p>\n<\/div>\n","protected":false},"excerpt":{"rendered":"<p>En el marco de la denominada guerra contra el narcotr\u00e1fico y el terrorismo, Noboa explic\u00f3 que se trata de una\u00a0estrategia integral\u00a0que busca golpear directamente a las estructuras criminales que durante a\u00f1os sembraron violencia e inseguridad en\u00a0barrios, carreteras, fronteras\u00a0y\u00a0c\u00e1rceles. Inversi\u00f3n de USD 180 millones en seguridad El ministro de Defensa,\u00a0Gian Carlo Loffredo, inform\u00f3 que el Gobierno ha ejecutado una\u00a0inversi\u00f3n de 180 millones de d\u00f3lares\u00a0para poner en marcha\u00a011 proyectos estrat\u00e9gicos. Entre ellos destacan la\u00a0compra de siete helic\u00f3pteros bimotor, la adquisici\u00f3n de un\u00a0buque log\u00edstico multiprop\u00f3sito, as\u00ed como la implementaci\u00f3n de\u00a0radares 3D, esc\u00e1neres y drones\u00a0para fortalecer el\u00a0control de fronteras. Seg\u00fan Loffredo, estas acciones permitir\u00e1n modernizar los sistemas t\u00e1cticos de inteligencia, prevenir ataques, identificar riesgos y proteger\u00a0infraestructura estrat\u00e9gica. Tecnolog\u00eda e identificaci\u00f3n de armas y personas Por su parte, el ministro del Interior,\u00a0Jhon Reimberg, destac\u00f3 que el nuevo plan de seguridad incorpora\u00a0tecnolog\u00eda de \u00faltima generaci\u00f3n, como los sistemas\u00a0IBIS y AFIS, que permiten identificar\u00a0armas, municiones e identidades. Reimberg a\u00f1adi\u00f3 que este a\u00f1o Ecuador dar\u00e1 un salto tecnol\u00f3gico en el\u00a0control migratorio, al contar con\u00a0informaci\u00f3n anticipada de los pasajeros antes de su ingreso al pa\u00eds, lo que permitir\u00e1 detectar posibles amenazas y prevenir delitos transnacionales. Asimismo, se\u00f1al\u00f3 que el Gobierno est\u00e1 atacando la\u00a0econom\u00eda de los grupos de delincuencia organizada, debilitando su capacidad de financiamiento. En el \u00e1mbito penitenciario, asegur\u00f3 que con la\u00a0c\u00e1rcel de El Encuentro\u00a0y la construcci\u00f3n de una\u00a0nueva prisi\u00f3n con capacidad para 15.000 privados de libertad, en un plazo de 15 a 18 meses,\u00a0el sistema carcelario ecuatoriano se proyecta como uno de los m\u00e1s modernos de la regi\u00f3n. UAFE: \u2018Al crimen organizado hay que quitarle el dinero\u2019 El director de la\u00a0UAFE,\u00a0Jos\u00e9 Julio Neira, manifest\u00f3 que el crimen organizado no se derrota si no se le quita el dinero. Por ello, afirm\u00f3 que la prioridad del Gobierno es la\u00a0lucha contra el lavado de activos. Neira explic\u00f3 que la entidad sigue la\u00a0ruta del dinero ilegal\u00a0para evitar que contin\u00fae financiando la violencia, la compra de armas y la\u00a0corrupci\u00f3n pol\u00edtica. A\u00f1adi\u00f3 que ya se ha logrado\u00a0identificar financiamiento il\u00edcito\u00a0vinculado a pol\u00edticos y a\u00a0administraciones p\u00fablicas descentralizadas, as\u00ed como a\u00a0partidos pol\u00edticos. Por \u00faltimo, el presidente\u00a0Noboa\u00a0asegur\u00f3 que la inseguridad en el pa\u00eds est\u00e1 ligada a una delincuencia que se desprende de la\u00a0corrupci\u00f3n pol\u00edtica, enquistada durante a\u00f1os y que utiliz\u00f3 a los\u00a0grupos de delincuencia organizada (GDO)\u00a0como sus brazos t\u00e1cticos. \u201cLa respuesta ser\u00e1 integral desde la UAFE, la inteligencia, la Polic\u00eda Nacional y las Fuerzas Armadas. Nos enfocaremos tanto en el despliegue de la fuerza como en el combate a sus\u00a0patrocinadores pol\u00edticos\u201d, afirm\u00f3 el mandatario. Noboa concluy\u00f3 se\u00f1alando que enfrentar al crimen organizado exige\u00a0recursos, planificaci\u00f3n y decisi\u00f3n pol\u00edtica. \u201cHoy somos m\u00e1s fuertes, estamos mejor preparados y actuamos sin tregua y sin retroceder\u201d, sentenci\u00f3. Fuente: Vistazo<\/p>\n","protected":false},"author":1,"featured_media":29012,"comment_status":"closed","ping_status":"closed","sticky":false,"template":"","format":"standard","meta":{"footnotes":""},"categories":[268],"tags":[],"class_list":["post-29011","post","type-post","status-publish","format-standard","has-post-thumbnail","hentry","category-nacionales"],"_links":{"self":[{"href":"https:\/\/www.elamazonico.com\/portal\/wp-json\/wp\/v2\/posts\/29011","targetHints":{"allow":["GET"]}}],"collection":[{"href":"https:\/\/www.elamazonico.com\/portal\/wp-json\/wp\/v2\/posts"}],"about":[{"href":"https:\/\/www.elamazonico.com\/portal\/wp-json\/wp\/v2\/types\/post"}],"author":[{"embeddable":true,"href":"https:\/\/www.elamazonico.com\/portal\/wp-json\/wp\/v2\/users\/1"}],"replies":[{"embeddable":true,"href":"https:\/\/www.elamazonico.com\/portal\/wp-json\/wp\/v2\/comments?post=29011"}],"version-history":[{"count":1,"href":"https:\/\/www.elamazonico.com\/portal\/wp-json\/wp\/v2\/posts\/29011\/revisions"}],"predecessor-version":[{"id":29013,"href":"https:\/\/www.elamazonico.com\/portal\/wp-json\/wp\/v2\/posts\/29011\/revisions\/29013"}],"wp:featuredmedia":[{"embeddable":true,"href":"https:\/\/www.elamazonico.com\/portal\/wp-json\/wp\/v2\/media\/29012"}],"wp:attachment":[{"href":"https:\/\/www.elamazonico.com\/portal\/wp-json\/wp\/v2\/media?parent=29011"}],"wp:term":[{"taxonomy":"category","embeddable":true,"href":"https:\/\/www.elamazonico.com\/portal\/wp-json\/wp\/v2\/categories?post=29011"},{"taxonomy":"post_tag","embeddable":true,"href":"https:\/\/www.elamazonico.com\/portal\/wp-json\/wp\/v2\/tags?post=29011"}],"curies":[{"name":"wp","href":"https:\/\/api.w.org\/{rel}","templated":true}]}}