{"id":29005,"date":"2026-01-26T11:58:26","date_gmt":"2026-01-26T16:58:26","guid":{"rendered":"https:\/\/www.elamazonico.com\/portal\/?p=29005"},"modified":"2026-01-26T11:58:26","modified_gmt":"2026-01-26T16:58:26","slug":"esto-se-sabe-de-la-operacion-conjunta-entre-ecuador-y-ee-uu-contra-el-crimen-transnacional","status":"publish","type":"post","link":"https:\/\/www.elamazonico.com\/portal\/esto-se-sabe-de-la-operacion-conjunta-entre-ecuador-y-ee-uu-contra-el-crimen-transnacional\/","title":{"rendered":"Esto se sabe de la operaci\u00f3n conjunta entre Ecuador y EE. UU. contra el crimen transnacional"},"content":{"rendered":"<div class=\"paragraph texto\">\n<p class=\"p_0\">La visita a Quito del\u00a0<b>Subsecretario Adjunto de Defensa Nacional de Estados Unidos<\/b>,\u00a0<b>Joseph M. Humire<\/b>, dej\u00f3 definidas varias l\u00edneas de acci\u00f3n para una\u00a0<b>operaci\u00f3n conjunta<\/b>\u00a0entre Ecuador y EE. UU. contra el\u00a0<b><a href=\"https:\/\/www.vistazo.com\/cronologia\/-\/meta\/narcotrafico\" target=\"_blank\" rel=\"noopener noreferrer\">crimen transnacional<\/a><\/b>, el\u00a0<b>narcotr\u00e1fico<\/b>, la\u00a0<b>miner\u00eda ilegal<\/b>\u00a0y las organizaciones criminales.<\/p>\n<p class=\"p_1\">El alto funcionario estadounidense se reuni\u00f3 el domingo 25 de enero con la canciller <b><a href=\"https:\/\/www.vistazo.com\/cronologia\/-\/meta\/Gabriela-Sommerfeld\" target=\"_blank\" rel=\"noopener noreferrer\">Gabriela Sommerfeld<\/a><\/b>, el ministro del Interior\u00a0<b><a href=\"https:\/\/www.vistazo.com\/cronologia\/-\/meta\/john-reimberg\" target=\"_blank\" rel=\"noopener noreferrer\">John Reimberg<\/a><\/b>\u00a0y el ministro de Defensa\u00a0<b><a href=\"https:\/\/www.vistazo.com\/cronologia\/-\/meta\/gian-carlo-loffredo\" target=\"_blank\" rel=\"noopener noreferrer\">Gian Carlo Loffredo<\/a><\/b>, en encuentros centrados en fortalecer la\u00a0<b>cooperaci\u00f3n en seguridad<\/b>\u00a0y coordinar acciones operativas.<\/p>\n<\/div>\n<div class=\"multimediaMacroWrapper img lateral\">\n<figure class=\"contentMedia art-img\">\n<div><img fetchpriority=\"high\" decoding=\"async\" class=\" lazyloaded\" title=\"Gian Carlo Loffredo en rueda de prensa.\" src=\"https:\/\/www.vistazo.com\/placeholder\/svg\/viewbox\/768x402\" sizes=\"100vw\" srcset=\"\/\/www.vistazo.com\/binrepository\/768x402\/0c0\/0d0\/none\/12727\/FOBT\/2026-01-25-gian-carlo-loffredo_2611527_20260125200246.jpg 768w,\/\/www.vistazo.com\/binrepository\/640x335\/0c0\/0d0\/none\/12727\/FOBC\/2026-01-25-gian-carlo-loffredo_2611527_20260125200246.jpg 640w,\/\/www.vistazo.com\/binrepository\/512x268\/0c0\/0d0\/none\/12727\/FOBO\/2026-01-25-gian-carlo-loffredo_2611527_20260125200246.jpg 512w,\/\/www.vistazo.com\/binrepository\/384x201\/0c0\/0d0\/none\/12727\/FOBQ\/2026-01-25-gian-carlo-loffredo_2611527_20260125200246.jpg 384w,\/\/www.vistazo.com\/binrepository\/300x157\/0c0\/0d0\/none\/12727\/FOBU\/2026-01-25-gian-carlo-loffredo_2611527_20260125200246.jpg 300w\" alt=\"$!Gian Carlo Loffredo en rueda de prensa.\" width=\"768\" height=\"402\" data-srcset=\"\/\/www.vistazo.com\/binrepository\/768x402\/0c0\/0d0\/none\/12727\/FOBT\/2026-01-25-gian-carlo-loffredo_2611527_20260125200246.jpg 768w,\/\/www.vistazo.com\/binrepository\/640x335\/0c0\/0d0\/none\/12727\/FOBC\/2026-01-25-gian-carlo-loffredo_2611527_20260125200246.jpg 640w,\/\/www.vistazo.com\/binrepository\/512x268\/0c0\/0d0\/none\/12727\/FOBO\/2026-01-25-gian-carlo-loffredo_2611527_20260125200246.jpg 512w,\/\/www.vistazo.com\/binrepository\/384x201\/0c0\/0d0\/none\/12727\/FOBQ\/2026-01-25-gian-carlo-loffredo_2611527_20260125200246.jpg 384w,\/\/www.vistazo.com\/binrepository\/300x157\/0c0\/0d0\/none\/12727\/FOBU\/2026-01-25-gian-carlo-loffredo_2611527_20260125200246.jpg 300w\" \/><\/div>\n<div class=\"cutline-byline\"><span class=\"cutline-text\">Gian Carlo Loffredo en rueda de prensa.\u00a0<\/span><span class=\"byline-image\">(Foto: Captura Video\/API)<\/span><\/div>\n<\/figure>\n<\/div>\n<div class=\"paragraph texto\">\n<p class=\"p_3\">Seg\u00fan Loffredo, la presencia de Humire \u201ces una muestra de c\u00f3mo Estados Unidos valora la cooperaci\u00f3n con Ecuador\u201d y permiti\u00f3 mantener una reuni\u00f3n \u201cmuy fruct\u00edfera\u201d para definir c\u00f3mo avanzar en el trabajo conjunto contra las amenazas transnacionales.<\/p>\n<div class=\"Center2Display\">\n<div id=\"Center2\" data-google-query-id=\"COm-wqfWqZIDFf3FZQMdrn4njw\">\n<div id=\"google_ads_iframe_\/21839199781\/Vistazo\/Vistazo_Center2_0__container__\"><strong>Puertos, frontera norte y rutas del Pac\u00edfico bajo la mira<\/strong><\/div>\n<\/div>\n<\/div>\n<\/div>\n<div class=\"paragraph texto\">\n<p class=\"p_4\">Uno de los ejes centrales de la operaci\u00f3n ser\u00e1 impedir que organizaciones ilegales utilicen\u00a0<b>puertos ecuatorianos<\/b>\u00a0y\u00a0<b>rutas mar\u00edtimas<\/b>\u00a0para el tr\u00e1fico de drogas.<\/p>\n<\/div>\n<div class=\"Citavistazo\">\u201cEl objetivo es atacar la econom\u00eda criminal, principalmente el narcotr\u00e1fico\u201d, se\u00f1al\u00f3 el ministro Reimberg, quien afirm\u00f3 que se vienen operaciones importantes en conjunto con Estados Unidos.<\/div>\n<div class=\"paragraph texto\">\n<p class=\"p_5\">El comandante de las Fuerzas Armadas,\u00a0<b>Henry Delgado<\/b>, explic\u00f3 que los esfuerzos estar\u00e1n orientados a:<\/p>\n<\/div>\n<ul>\n<li class=\"bulletvistazo\">Reforzar la seguridad en la frontera norte<\/li>\n<li class=\"bulletvistazo\">Identificar centros de acopio del narcotr\u00e1fico<\/li>\n<li class=\"bulletvistazo\">Definir con precisi\u00f3n las rutas por el Pac\u00edfico<\/li>\n<li class=\"bulletvistazo\">Detectar campamentos de grupos armados ilegales<\/li>\n<li class=\"bulletvistazo\">Ubicar posibles plantaciones il\u00edcitas<\/li>\n<\/ul>\n<div class=\"multimediaMacroWrapper img lateral\">\n<figure class=\"contentMedia art-img\">\n<div><img decoding=\"async\" class=\" lazyloaded\" title=\"El comandante de las Fuerzas Armadas, Henry Delgado.\" src=\"https:\/\/www.vistazo.com\/placeholder\/svg\/viewbox\/768x402\" sizes=\"100vw\" srcset=\"\/\/www.vistazo.com\/binrepository\/768x402\/0c0\/0d0\/none\/12727\/LXOH\/2026-01-25-henry-delgado_2611531_20260125200509.jpg 768w,\/\/www.vistazo.com\/binrepository\/640x335\/0c0\/0d0\/none\/12727\/LXOP\/2026-01-25-henry-delgado_2611531_20260125200509.jpg 640w,\/\/www.vistazo.com\/binrepository\/512x268\/0c0\/0d0\/none\/12727\/LXOM\/2026-01-25-henry-delgado_2611531_20260125200509.jpg 512w,\/\/www.vistazo.com\/binrepository\/384x201\/0c0\/0d0\/none\/12727\/LXOK\/2026-01-25-henry-delgado_2611531_20260125200509.jpg 384w,\/\/www.vistazo.com\/binrepository\/300x157\/0c0\/0d0\/none\/12727\/LXOW\/2026-01-25-henry-delgado_2611531_20260125200509.jpg 300w\" alt=\"$!El comandante de las Fuerzas Armadas, Henry Delgado.\" width=\"768\" height=\"402\" data-srcset=\"\/\/www.vistazo.com\/binrepository\/768x402\/0c0\/0d0\/none\/12727\/LXOH\/2026-01-25-henry-delgado_2611531_20260125200509.jpg 768w,\/\/www.vistazo.com\/binrepository\/640x335\/0c0\/0d0\/none\/12727\/LXOP\/2026-01-25-henry-delgado_2611531_20260125200509.jpg 640w,\/\/www.vistazo.com\/binrepository\/512x268\/0c0\/0d0\/none\/12727\/LXOM\/2026-01-25-henry-delgado_2611531_20260125200509.jpg 512w,\/\/www.vistazo.com\/binrepository\/384x201\/0c0\/0d0\/none\/12727\/LXOK\/2026-01-25-henry-delgado_2611531_20260125200509.jpg 384w,\/\/www.vistazo.com\/binrepository\/300x157\/0c0\/0d0\/none\/12727\/LXOW\/2026-01-25-henry-delgado_2611531_20260125200509.jpg 300w\" \/><\/div>\n<div class=\"cutline-byline\"><span class=\"cutline-text\">El comandante de las Fuerzas Armadas, Henry Delgado.<\/span>\u00a0<span class=\"byline-image\">(Foto: Captura Video\/API)<\/span><\/div>\n<\/figure>\n<\/div>\n<div class=\"paragraph texto\">\n<p class=\"p_6\">Delgado indic\u00f3 que la cooperaci\u00f3n incluir\u00e1\u00a0<b>tecnolog\u00eda<\/b>\u00a0para mejorar las capacidades estrat\u00e9gicas y operativas de las Fuerzas Armadas, lo que facilitar\u00e1 la planificaci\u00f3n y ejecuci\u00f3n de operaciones militares.<\/p>\n<\/div>\n<h2 class=\"h2vistazo\">Golpes a la miner\u00eda ilegal y a la econom\u00eda criminal<\/h2>\n<div class=\"paragraph texto\">\n<p class=\"p_8\">Otro frente clave ser\u00e1 el combate a la\u00a0<b>miner\u00eda ilegal<\/b>, con herramientas tecnol\u00f3gicas para identificar ubicaciones, equipamiento y campamentos utilizados por grupos irregulares.<\/p>\n<\/div>\n<div class=\"paragraph texto\">\n<p class=\"p_9\">Reimberg sostuvo que la cooperaci\u00f3n con Estados Unidos permitir\u00e1\u00a0<b>\u201catacar directamente a los grupos criminales\u201d\u00a0<\/b>y no solo proteger las fronteras.<\/p>\n<\/div>\n<div class=\"Citavistazo\">\u201cAquellos que intentan usar puertos ecuatorianos para salir con botes r\u00e1pidos van a ser atacados\u201d, enfatiz\u00f3 el ministro.<\/div>\n<div class=\"paragraph texto\">\n<p class=\"p_10\">El funcionario agreg\u00f3 que existe un\u00a0<b>plan de trabajo<\/b>\u00a0que ser\u00e1 anunciado posteriormente y que las visitas de autoridades estadounidenses env\u00edan \u201cun mensaje claro\u201d de que la cooperaci\u00f3n actual es m\u00e1s fuerte que en a\u00f1os anteriores.<\/p>\n<\/div>\n<div class=\"multimediaMacroWrapper img lateral\">\n<figure class=\"contentMedia art-img\">\n<div><img decoding=\"async\" class=\" lazyloaded\" title=\"Joseph M. Humire, secretario Ajunto de Defensa de los EEUU, junto a John Reimberg.\" src=\"https:\/\/www.vistazo.com\/placeholder\/svg\/viewbox\/768x634\" sizes=\"100vw\" srcset=\"\/\/www.vistazo.com\/binrepository\/768x634\/0c0\/0d0\/none\/12727\/FTUE\/20260125205437-joseph-humire-de-eeuu-r_2611534_20260125200633.jpg 768w,\/\/www.vistazo.com\/binrepository\/640x528\/0c0\/0d0\/none\/12727\/FTUB\/20260125205437-joseph-humire-de-eeuu-r_2611534_20260125200633.jpg 640w,\/\/www.vistazo.com\/binrepository\/512x423\/0c0\/0d0\/none\/12727\/FTUP\/20260125205437-joseph-humire-de-eeuu-r_2611534_20260125200633.jpg 512w,\/\/www.vistazo.com\/binrepository\/384x317\/0c0\/0d0\/none\/12727\/FTUG\/20260125205437-joseph-humire-de-eeuu-r_2611534_20260125200633.jpg 384w,\/\/www.vistazo.com\/binrepository\/300x248\/0c0\/0d0\/none\/12727\/FTUB\/20260125205437-joseph-humire-de-eeuu-r_2611534_20260125200633.jpg 300w\" alt=\"$!Joseph M. Humire, secretario Ajunto de Defensa de los EEUU, junto a John Reimberg.\" width=\"768\" height=\"634\" data-srcset=\"\/\/www.vistazo.com\/binrepository\/768x634\/0c0\/0d0\/none\/12727\/FTUE\/20260125205437-joseph-humire-de-eeuu-r_2611534_20260125200633.jpg 768w,\/\/www.vistazo.com\/binrepository\/640x528\/0c0\/0d0\/none\/12727\/FTUB\/20260125205437-joseph-humire-de-eeuu-r_2611534_20260125200633.jpg 640w,\/\/www.vistazo.com\/binrepository\/512x423\/0c0\/0d0\/none\/12727\/FTUP\/20260125205437-joseph-humire-de-eeuu-r_2611534_20260125200633.jpg 512w,\/\/www.vistazo.com\/binrepository\/384x317\/0c0\/0d0\/none\/12727\/FTUG\/20260125205437-joseph-humire-de-eeuu-r_2611534_20260125200633.jpg 384w,\/\/www.vistazo.com\/binrepository\/300x248\/0c0\/0d0\/none\/12727\/FTUB\/20260125205437-joseph-humire-de-eeuu-r_2611534_20260125200633.jpg 300w\" \/><\/div>\n<div class=\"cutline-byline\"><span class=\"cutline-text\">Joseph M. Humire, secretario Ajunto de Defensa de los EEUU, junto a John Reimberg.<\/span>\u00a0<span class=\"byline-image\">(Foto: ROLANDO ENRIQUEZ\/API)<\/span><\/div>\n<\/figure>\n<\/div>\n<h2 class=\"h2vistazo\">Cooperaci\u00f3n Ecuador &#8211; EE.UU.: Un mensaje pol\u00edtico y operativo<\/h2>\n<div class=\"paragraph texto\">\n<p class=\"p_11\">Para Loffredo, la reuni\u00f3n refuerza una alianza hist\u00f3rica entre ambos pa\u00edses frente a un problema que \u201cno conoce fronteras\u201d.<\/p>\n<\/div>\n<div class=\"Citavistazo\">\u201cCuando tienes un crimen transnacional, lo l\u00f3gico es que los pa\u00edses se unan. Y qui\u00e9n no quiere tener un aliado como Estados Unidos\u201d, afirm\u00f3.<\/div>\n<div class=\"paragraph texto\">\n<p class=\"p_12\">Las autoridades ecuatorianas coincidieron en que el objetivo es dar\u00a0<b>golpes sostenidos<\/b>\u00a0a la\u00a0<b>econom\u00eda criminal<\/b>\u00a0durante 2025 y debilitar a las estructuras dedicadas al narcotr\u00e1fico, la miner\u00eda ilegal y otras actividades il\u00edcitas.<\/p>\n<\/div>\n<div class=\"multimediaMacroWrapper img lateral\">\n<figure class=\"contentMedia art-img\">\n<div><img loading=\"lazy\" decoding=\"async\" class=\" lazyloaded\" title=\"Joseph M. Humire junto a autoridades ecuatorianas.\" src=\"https:\/\/www.vistazo.com\/placeholder\/svg\/viewbox\/768x402\" sizes=\"100vw\" srcset=\"\/\/www.vistazo.com\/binrepository\/768x402\/0c0\/0d0\/none\/12727\/LSOH\/2026-25-01-joseph-humire_2611537_20260125200802.jpg 768w,\/\/www.vistazo.com\/binrepository\/640x335\/0c0\/0d0\/none\/12727\/LSOP\/2026-25-01-joseph-humire_2611537_20260125200802.jpg 640w,\/\/www.vistazo.com\/binrepository\/512x268\/0c0\/0d0\/none\/12727\/LSOM\/2026-25-01-joseph-humire_2611537_20260125200802.jpg 512w,\/\/www.vistazo.com\/binrepository\/384x201\/0c0\/0d0\/none\/12727\/LSOK\/2026-25-01-joseph-humire_2611537_20260125200802.jpg 384w,\/\/www.vistazo.com\/binrepository\/300x157\/0c0\/0d0\/none\/12727\/LSOW\/2026-25-01-joseph-humire_2611537_20260125200802.jpg 300w\" alt=\"$!Joseph M. Humire junto a autoridades ecuatorianas.\" width=\"768\" height=\"402\" data-srcset=\"\/\/www.vistazo.com\/binrepository\/768x402\/0c0\/0d0\/none\/12727\/LSOH\/2026-25-01-joseph-humire_2611537_20260125200802.jpg 768w,\/\/www.vistazo.com\/binrepository\/640x335\/0c0\/0d0\/none\/12727\/LSOP\/2026-25-01-joseph-humire_2611537_20260125200802.jpg 640w,\/\/www.vistazo.com\/binrepository\/512x268\/0c0\/0d0\/none\/12727\/LSOM\/2026-25-01-joseph-humire_2611537_20260125200802.jpg 512w,\/\/www.vistazo.com\/binrepository\/384x201\/0c0\/0d0\/none\/12727\/LSOK\/2026-25-01-joseph-humire_2611537_20260125200802.jpg 384w,\/\/www.vistazo.com\/binrepository\/300x157\/0c0\/0d0\/none\/12727\/LSOW\/2026-25-01-joseph-humire_2611537_20260125200802.jpg 300w\" \/><\/div>\n<div class=\"cutline-byline\"><span class=\"cutline-text\">Joseph M. Humire junto a autoridades ecuatorianas.\u00a0<\/span><span class=\"byline-image\">(Foto: API)<\/span><\/div>\n<\/figure>\n<\/div>\n<div class=\"paragraph texto\">\n<p class=\"p_13\">Las autoridades ecuatorianas lograron incautar\u00a0<b>214,53 toneladas de sustancias il\u00edcitas en 2025<\/b>, una cifra menor al m\u00e1ximo hist\u00f3rico de\u00a0<b>294,61 toneladas<\/b>\u00a0alcanzado en 2024.<\/p>\n<p class=\"p_15\">Pese a ello, la organizaci\u00f3n ACLED confirm\u00f3 que<b>\u00a0Ecuador cerr\u00f3 el 2025 liderando la tasa de homicidios en toda Am\u00e9rica Latina\u00a0<\/b>por tercer a\u00f1o consecutivo.<\/p>\n<p class=\"p_16\">La situaci\u00f3n alcanz\u00f3 niveles cr\u00edticos seg\u00fan los registros de la Polic\u00eda Nacional, que report\u00f3 un total de\u00a0<b>8.847 asesinatos<\/b>\u00a0hasta el 19 de diciembre. Estos datos llevaron al pa\u00eds a romper sus propios r\u00e9cords de criminalidad, consolidando al<b> 2025 como el a\u00f1o m\u00e1s violento en su historia reciente. Fuente: Vistazo<\/b><\/p>\n<\/div>\n","protected":false},"excerpt":{"rendered":"<p>La visita a Quito del\u00a0Subsecretario Adjunto de Defensa Nacional de Estados Unidos,\u00a0Joseph M. Humire, dej\u00f3 definidas varias l\u00edneas de acci\u00f3n para una\u00a0operaci\u00f3n conjunta\u00a0entre Ecuador y EE. UU. contra el\u00a0crimen transnacional, el\u00a0narcotr\u00e1fico, la\u00a0miner\u00eda ilegal\u00a0y las organizaciones criminales. El alto funcionario estadounidense se reuni\u00f3 el domingo 25 de enero con la canciller Gabriela Sommerfeld, el ministro del Interior\u00a0John Reimberg\u00a0y el ministro de Defensa\u00a0Gian Carlo Loffredo, en encuentros centrados en fortalecer la\u00a0cooperaci\u00f3n en seguridad\u00a0y coordinar acciones operativas. Gian Carlo Loffredo en rueda de prensa.\u00a0(Foto: Captura Video\/API) Seg\u00fan Loffredo, la presencia de Humire \u201ces una muestra de c\u00f3mo Estados Unidos valora la cooperaci\u00f3n con Ecuador\u201d y permiti\u00f3 mantener una reuni\u00f3n \u201cmuy fruct\u00edfera\u201d para definir c\u00f3mo avanzar en el trabajo conjunto contra las amenazas transnacionales. Puertos, frontera norte y rutas del Pac\u00edfico bajo la mira Uno de los ejes centrales de la operaci\u00f3n ser\u00e1 impedir que organizaciones ilegales utilicen\u00a0puertos ecuatorianos\u00a0y\u00a0rutas mar\u00edtimas\u00a0para el tr\u00e1fico de drogas. \u201cEl objetivo es atacar la econom\u00eda criminal, principalmente el narcotr\u00e1fico\u201d, se\u00f1al\u00f3 el ministro Reimberg, quien afirm\u00f3 que se vienen operaciones importantes en conjunto con Estados Unidos. El comandante de las Fuerzas Armadas,\u00a0Henry Delgado, explic\u00f3 que los esfuerzos estar\u00e1n orientados a: Reforzar la seguridad en la frontera norte Identificar centros de acopio del narcotr\u00e1fico Definir con precisi\u00f3n las rutas por el Pac\u00edfico Detectar campamentos de grupos armados ilegales Ubicar posibles plantaciones il\u00edcitas El comandante de las Fuerzas Armadas, Henry Delgado.\u00a0(Foto: Captura Video\/API) Delgado indic\u00f3 que la cooperaci\u00f3n incluir\u00e1\u00a0tecnolog\u00eda\u00a0para mejorar las capacidades estrat\u00e9gicas y operativas de las Fuerzas Armadas, lo que facilitar\u00e1 la planificaci\u00f3n y ejecuci\u00f3n de operaciones militares. Golpes a la miner\u00eda ilegal y a la econom\u00eda criminal Otro frente clave ser\u00e1 el combate a la\u00a0miner\u00eda ilegal, con herramientas tecnol\u00f3gicas para identificar ubicaciones, equipamiento y campamentos utilizados por grupos irregulares. Reimberg sostuvo que la cooperaci\u00f3n con Estados Unidos permitir\u00e1\u00a0\u201catacar directamente a los grupos criminales\u201d\u00a0y no solo proteger las fronteras. \u201cAquellos que intentan usar puertos ecuatorianos para salir con botes r\u00e1pidos van a ser atacados\u201d, enfatiz\u00f3 el ministro. El funcionario agreg\u00f3 que existe un\u00a0plan de trabajo\u00a0que ser\u00e1 anunciado posteriormente y que las visitas de autoridades estadounidenses env\u00edan \u201cun mensaje claro\u201d de que la cooperaci\u00f3n actual es m\u00e1s fuerte que en a\u00f1os anteriores. Joseph M. Humire, secretario Ajunto de Defensa de los EEUU, junto a John Reimberg.\u00a0(Foto: ROLANDO ENRIQUEZ\/API) Cooperaci\u00f3n Ecuador &#8211; EE.UU.: Un mensaje pol\u00edtico y operativo Para Loffredo, la reuni\u00f3n refuerza una alianza hist\u00f3rica entre ambos pa\u00edses frente a un problema que \u201cno conoce fronteras\u201d. \u201cCuando tienes un crimen transnacional, lo l\u00f3gico es que los pa\u00edses se unan. Y qui\u00e9n no quiere tener un aliado como Estados Unidos\u201d, afirm\u00f3. Las autoridades ecuatorianas coincidieron en que el objetivo es dar\u00a0golpes sostenidos\u00a0a la\u00a0econom\u00eda criminal\u00a0durante 2025 y debilitar a las estructuras dedicadas al narcotr\u00e1fico, la miner\u00eda ilegal y otras actividades il\u00edcitas. Joseph M. Humire junto a autoridades ecuatorianas.\u00a0(Foto: API) Las autoridades ecuatorianas lograron incautar\u00a0214,53 toneladas de sustancias il\u00edcitas en 2025, una cifra menor al m\u00e1ximo hist\u00f3rico de\u00a0294,61 toneladas\u00a0alcanzado en 2024. Pese a ello, la organizaci\u00f3n ACLED confirm\u00f3 que\u00a0Ecuador cerr\u00f3 el 2025 liderando la tasa de homicidios en toda Am\u00e9rica Latina\u00a0por tercer a\u00f1o consecutivo. La situaci\u00f3n alcanz\u00f3 niveles cr\u00edticos seg\u00fan los registros de la Polic\u00eda Nacional, que report\u00f3 un total de\u00a08.847 asesinatos\u00a0hasta el 19 de diciembre. Estos datos llevaron al pa\u00eds a romper sus propios r\u00e9cords de criminalidad, consolidando al 2025 como el a\u00f1o m\u00e1s violento en su historia reciente. Fuente: Vistazo<\/p>\n","protected":false},"author":1,"featured_media":29009,"comment_status":"closed","ping_status":"closed","sticky":false,"template":"","format":"standard","meta":{"footnotes":""},"categories":[268],"tags":[],"class_list":["post-29005","post","type-post","status-publish","format-standard","has-post-thumbnail","hentry","category-nacionales"],"_links":{"self":[{"href":"https:\/\/www.elamazonico.com\/portal\/wp-json\/wp\/v2\/posts\/29005","targetHints":{"allow":["GET"]}}],"collection":[{"href":"https:\/\/www.elamazonico.com\/portal\/wp-json\/wp\/v2\/posts"}],"about":[{"href":"https:\/\/www.elamazonico.com\/portal\/wp-json\/wp\/v2\/types\/post"}],"author":[{"embeddable":true,"href":"https:\/\/www.elamazonico.com\/portal\/wp-json\/wp\/v2\/users\/1"}],"replies":[{"embeddable":true,"href":"https:\/\/www.elamazonico.com\/portal\/wp-json\/wp\/v2\/comments?post=29005"}],"version-history":[{"count":1,"href":"https:\/\/www.elamazonico.com\/portal\/wp-json\/wp\/v2\/posts\/29005\/revisions"}],"predecessor-version":[{"id":29010,"href":"https:\/\/www.elamazonico.com\/portal\/wp-json\/wp\/v2\/posts\/29005\/revisions\/29010"}],"wp:featuredmedia":[{"embeddable":true,"href":"https:\/\/www.elamazonico.com\/portal\/wp-json\/wp\/v2\/media\/29009"}],"wp:attachment":[{"href":"https:\/\/www.elamazonico.com\/portal\/wp-json\/wp\/v2\/media?parent=29005"}],"wp:term":[{"taxonomy":"category","embeddable":true,"href":"https:\/\/www.elamazonico.com\/portal\/wp-json\/wp\/v2\/categories?post=29005"},{"taxonomy":"post_tag","embeddable":true,"href":"https:\/\/www.elamazonico.com\/portal\/wp-json\/wp\/v2\/tags?post=29005"}],"curies":[{"name":"wp","href":"https:\/\/api.w.org\/{rel}","templated":true}]}}