{"id":28997,"date":"2026-01-25T16:59:42","date_gmt":"2026-01-25T21:59:42","guid":{"rendered":"https:\/\/www.elamazonico.com\/portal\/?p=28997"},"modified":"2026-01-25T16:59:42","modified_gmt":"2026-01-25T21:59:42","slug":"daniel-noboa-inaugurara-conferencia-internacional-sobre-drogas-sinteticas-en-ecuador","status":"publish","type":"post","link":"https:\/\/www.elamazonico.com\/portal\/daniel-noboa-inaugurara-conferencia-internacional-sobre-drogas-sinteticas-en-ecuador\/","title":{"rendered":"Daniel Noboa inaugurar\u00e1 conferencia internacional sobre drogas sint\u00e9ticas en Ecuador"},"content":{"rendered":"<div class=\"paragraph texto\">\n<p class=\"p_0\">El presidente\u00a0<a href=\"https:\/\/www.vistazo.com\/cronologia\/-\/meta\/daniel-noboa\" target=\"_blank\" rel=\"noopener noreferrer\"><b>Daniel Noboa<\/b>\u00a0<\/a>inaugurar\u00e1 este lunes 26 de enero de 2026 la\u00a0<b>Conferencia Internacional sobre drogas sint\u00e9ticas en Ecuador<\/b>, que se realizar\u00e1 en la ciudad de\u00a0<b>Quito<\/b>\u00a0y contar\u00e1 con la participaci\u00f3n de autoridades nacionales e invitados internacionales.<\/p>\n<\/div>\n<div class=\"paragraph texto\">\n<p class=\"p_2\">Seg\u00fan la invitaci\u00f3n oficial difundida por la Presidencia, el acto est\u00e1 previsto para las\u00a0<b>10:30<\/b>\u00a0en el\u00a0<b>Hotel Sheraton<\/b>, en Quito. El evento se desarrollar\u00e1 en medio de la agenda de seguridad del Gobierno frente al avance de las<a href=\"https:\/\/www.vistazo.com\/cronologia\/-\/meta\/narcotrafico\" target=\"_blank\" rel=\"noopener noreferrer\">\u00a0<b>drogas sint\u00e9ticas<\/b><\/a>\u00a0y el\u00a0<b><a href=\"https:\/\/www.vistazo.com\/periodistas\/-\/meta\/crimen-organizado\" target=\"_blank\" rel=\"noopener noreferrer\">crimen organizado.<\/a><\/b><\/p>\n<p class=\"p_3\">Luego de este encuentro,\u00a0<b>est\u00e1 previsto que Noboa viaje a Panam\u00e1.<\/b><\/p>\n<div class=\"Center2Display\">\n<div id=\"Center2\" data-google-query-id=\"COD2leXXp5IDFZzClAkdddwNnw\">\n<div id=\"google_ads_iframe_\/21839199781\/Vistazo\/Vistazo_Center2_0__container__\"><strong>Noboa retoma actividades en Ecuador<\/strong><\/div>\n<\/div>\n<\/div>\n<\/div>\n<div class=\"paragraph texto\">\n<p class=\"p_4\">La inauguraci\u00f3n de la conferencia se dar\u00e1 luego de que\u00a0<b>Daniel Noboa<\/b>\u00a0cumpliera con una<b><a href=\"https:\/\/www.vistazo.com\/cronologia\/-\/meta\/daniel-noboa\" target=\"_blank\" rel=\"noopener noreferrer\">\u00a0agenda internacional.<\/a><\/b><\/p>\n<\/div>\n<div class=\"multimediaMacroWrapper img lateral\">\n<figure class=\"contentMedia art-img\">\n<div><img fetchpriority=\"high\" decoding=\"async\" class=\" lazyloaded\" title=\"Noboa lider\u00f3 la sesi\u00f3n de Gabinete Ministerial el 16 de enero.\" src=\"https:\/\/www.vistazo.com\/placeholder\/svg\/viewbox\/768x530\" sizes=\"100vw\" srcset=\"\/\/www.vistazo.com\/binrepository\/768x530\/0c0\/0d0\/none\/12727\/TRLH\/55045476887-aaf96025f9-c_2611444_20260125164420.jpg 768w,\/\/www.vistazo.com\/binrepository\/640x442\/0c0\/0d0\/none\/12727\/TRLW\/55045476887-aaf96025f9-c_2611444_20260125164420.jpg 640w,\/\/www.vistazo.com\/binrepository\/512x353\/0c0\/0d0\/none\/12727\/TRLT\/55045476887-aaf96025f9-c_2611444_20260125164420.jpg 512w,\/\/www.vistazo.com\/binrepository\/384x265\/0c0\/0d0\/none\/12727\/TRLI\/55045476887-aaf96025f9-c_2611444_20260125164420.jpg 384w,\/\/www.vistazo.com\/binrepository\/300x207\/0c0\/0d0\/none\/12727\/TRLQ\/55045476887-aaf96025f9-c_2611444_20260125164420.jpg 300w\" alt=\"$!Noboa lider\u00f3 la sesi\u00f3n de Gabinete Ministerial el 16 de enero.\" width=\"768\" height=\"530\" data-srcset=\"\/\/www.vistazo.com\/binrepository\/768x530\/0c0\/0d0\/none\/12727\/TRLH\/55045476887-aaf96025f9-c_2611444_20260125164420.jpg 768w,\/\/www.vistazo.com\/binrepository\/640x442\/0c0\/0d0\/none\/12727\/TRLW\/55045476887-aaf96025f9-c_2611444_20260125164420.jpg 640w,\/\/www.vistazo.com\/binrepository\/512x353\/0c0\/0d0\/none\/12727\/TRLT\/55045476887-aaf96025f9-c_2611444_20260125164420.jpg 512w,\/\/www.vistazo.com\/binrepository\/384x265\/0c0\/0d0\/none\/12727\/TRLI\/55045476887-aaf96025f9-c_2611444_20260125164420.jpg 384w,\/\/www.vistazo.com\/binrepository\/300x207\/0c0\/0d0\/none\/12727\/TRLQ\/55045476887-aaf96025f9-c_2611444_20260125164420.jpg 300w\" \/><\/div>\n<div class=\"cutline-byline\"><span class=\"cutline-text\">Noboa lider\u00f3 la sesi\u00f3n de Gabinete Ministerial el 16 de enero.\u00a0<\/span><span class=\"byline-image\">(Foto: Flickr Presidencia)<\/span><\/div>\n<\/figure>\n<\/div>\n<div class=\"paragraph texto\">\n<p class=\"p_5\">Luego de culminar su periodo de descanso y<b><a href=\"https:\/\/www.vistazo.com\/politica\/nacional\/2026-01-16-daniel-noboa-regresa-presidente-retoma-funciones-liderar-bloque-seguridad-HD10642173\" target=\"_blank\" rel=\"noopener noreferrer\">\u00a0liderar directamente las acciones del Bloque de Seguridad el 16 de enero<\/a><\/b>,\u00a0<b>Daniel Noboa<\/b>\u00a0retom\u00f3 su mandato con varios encuentros diplom\u00e1ticos.<\/p>\n<\/div>\n<div class=\"paragraph texto\">\n<p class=\"p_6\">Su gira arranc\u00f3 en\u00a0<b>Davos<\/b>, del\u00a0<b>19 al 22 de enero<\/b>, en el marco del\u00a0<b>Foro Econ\u00f3mico Mundial<\/b>, donde particip\u00f3 en encuentros con l\u00edderes y jefes de Estado.<\/p>\n<\/div>\n<div class=\"paragraph texto\">\n<p class=\"p_7\">Posteriormente, viaj\u00f3 a\u00a0<b>B\u00e9lgica<\/b>\u00a0del 22 al 25 de enero para sostener reuniones con autoridades de la\u00a0<b>Uni\u00f3n Europea<\/b>, tercer socio comercial del Ecuador y cooperante en materia de seguridad.<\/p>\n<\/div>\n<div class=\"multimediaMacroWrapper img lateral\">\n<figure class=\"contentMedia art-img\">\n<div><img decoding=\"async\" class=\" lazyloaded\" title=\"Daniel Noboa junto a Bart de Wever, Primer Ministro de B\u00e9lgica.\" src=\"https:\/\/www.vistazo.com\/placeholder\/svg\/viewbox\/768x536\" sizes=\"100vw\" srcset=\"\/\/www.vistazo.com\/binrepository\/768x536\/0c0\/0d0\/none\/12727\/TAON\/2026-25-01-noboa-belgica_2611441_20260125164311.jpg 768w,\/\/www.vistazo.com\/binrepository\/640x447\/0c0\/0d0\/none\/12727\/TAOR\/2026-25-01-noboa-belgica_2611441_20260125164311.jpg 640w,\/\/www.vistazo.com\/binrepository\/512x357\/0c0\/0d0\/none\/12727\/TAOP\/2026-25-01-noboa-belgica_2611441_20260125164311.jpg 512w,\/\/www.vistazo.com\/binrepository\/384x268\/0c0\/0d0\/none\/12727\/TAOT\/2026-25-01-noboa-belgica_2611441_20260125164311.jpg 384w,\/\/www.vistazo.com\/binrepository\/300x209\/0c0\/0d0\/none\/12727\/TAOO\/2026-25-01-noboa-belgica_2611441_20260125164311.jpg 300w\" alt=\"$!Daniel Noboa junto a Bart de Wever, Primer Ministro de B\u00e9lgica.\" width=\"768\" height=\"536\" data-srcset=\"\/\/www.vistazo.com\/binrepository\/768x536\/0c0\/0d0\/none\/12727\/TAON\/2026-25-01-noboa-belgica_2611441_20260125164311.jpg 768w,\/\/www.vistazo.com\/binrepository\/640x447\/0c0\/0d0\/none\/12727\/TAOR\/2026-25-01-noboa-belgica_2611441_20260125164311.jpg 640w,\/\/www.vistazo.com\/binrepository\/512x357\/0c0\/0d0\/none\/12727\/TAOP\/2026-25-01-noboa-belgica_2611441_20260125164311.jpg 512w,\/\/www.vistazo.com\/binrepository\/384x268\/0c0\/0d0\/none\/12727\/TAOT\/2026-25-01-noboa-belgica_2611441_20260125164311.jpg 384w,\/\/www.vistazo.com\/binrepository\/300x209\/0c0\/0d0\/none\/12727\/TAOO\/2026-25-01-noboa-belgica_2611441_20260125164311.jpg 300w\" \/><\/div>\n<div class=\"cutline-byline\"><span class=\"cutline-text\">Daniel Noboa junto a Bart de Wever, Primer Ministro de B\u00e9lgica.\u00a0<\/span><span class=\"byline-image\">(Foto: Flickr Presidencia)<\/span><\/div>\n<\/figure>\n<\/div>\n<div class=\"paragraph texto\">\n<p class=\"p_9\">Est\u00e1 previsto que el presidente llegue a Ecuador en la madrugada del\u00a0<b>25 de enero<\/b>\u00a0y permanezca poco m\u00e1s de 48 horas en el pa\u00eds antes de viajar a\u00a0<b>Panam\u00e1<\/b>, donde participar\u00e1 en el\u00a0<b>Foro Econ\u00f3mico Internacional de Am\u00e9rica Latina y el Caribe 2026<\/b>, que se desarrollar\u00e1 los d\u00edas\u00a0<b>28 y 29 de enero<\/b>.<\/p>\n<\/div>\n<div class=\"paragraph texto\">\n<p class=\"p_10\">Seg\u00fan su oficina de comunicaci\u00f3n, estos desplazamientos forman parte de la\u00a0<b>agenda internacional<\/b>\u00a0del mandatario, orientada a generar espacios de di\u00e1logo econ\u00f3mico y pol\u00edtico.<\/p>\n<\/div>\n<h2 class=\"h2vistazo\">Drogas y violencia en Ecuador<\/h2>\n<div class=\"paragraph texto\">\n<p class=\"p_12\">La inauguraci\u00f3n de la Conferencia Internacional sobre\u00a0<b>drogas sint\u00e9ticas<\/b>\u00a0se da en un contexto marcado por el aumento del\u00a0<b>narcotr\u00e1fico<\/b>\u00a0y una\u00a0<b>escalada de violencia<\/b>\u00a0sin precedentes en Ecuador.<\/p>\n<\/div>\n<div class=\"paragraph texto\">\n<p class=\"p_13\">El\u00a0<b>Subsecretario Adjunto de Defensa Nacional de Estados Unidos<\/b>,\u00a0<b>Joseph M. Humire<\/b>, cumpli\u00f3 el 25 de enero una agenda oficial en Ecuador como parte de un acercamiento estrat\u00e9gico entre ambos pa\u00edses para fortalecer la\u00a0<b>cooperaci\u00f3n en seguridad<\/b>\u00a0y enfrentar amenazas transnacionales.<\/p>\n<\/div>\n<div class=\"multimediaMacroWrapper img lateral\">\n<figure class=\"contentMedia art-img\">\n<div><img decoding=\"async\" class=\" lazyloaded\" title=\"Joseph M. Humire en su visita oficial a Ecuador.\" src=\"https:\/\/www.vistazo.com\/placeholder\/svg\/viewbox\/768x512\" sizes=\"100vw\" srcset=\"\/\/www.vistazo.com\/binrepository\/768x512\/0c0\/0d0\/none\/12727\/BWTD\/20260125205442-joseph-humire-de-eeuu-r_2611447_20260125165142.jpg 768w,\/\/www.vistazo.com\/binrepository\/640x427\/0c0\/0d0\/none\/12727\/BWTP\/20260125205442-joseph-humire-de-eeuu-r_2611447_20260125165142.jpg 640w,\/\/www.vistazo.com\/binrepository\/512x341\/0c0\/0d0\/none\/12727\/BWTM\/20260125205442-joseph-humire-de-eeuu-r_2611447_20260125165142.jpg 512w,\/\/www.vistazo.com\/binrepository\/384x256\/0c0\/0d0\/none\/12727\/BWTC\/20260125205442-joseph-humire-de-eeuu-r_2611447_20260125165142.jpg 384w,\/\/www.vistazo.com\/binrepository\/300x200\/0c0\/0d0\/none\/12727\/BWTN\/20260125205442-joseph-humire-de-eeuu-r_2611447_20260125165142.jpg 300w\" alt=\"$!Joseph M. Humire en su visita oficial a Ecuador.\" width=\"768\" height=\"512\" data-srcset=\"\/\/www.vistazo.com\/binrepository\/768x512\/0c0\/0d0\/none\/12727\/BWTD\/20260125205442-joseph-humire-de-eeuu-r_2611447_20260125165142.jpg 768w,\/\/www.vistazo.com\/binrepository\/640x427\/0c0\/0d0\/none\/12727\/BWTP\/20260125205442-joseph-humire-de-eeuu-r_2611447_20260125165142.jpg 640w,\/\/www.vistazo.com\/binrepository\/512x341\/0c0\/0d0\/none\/12727\/BWTM\/20260125205442-joseph-humire-de-eeuu-r_2611447_20260125165142.jpg 512w,\/\/www.vistazo.com\/binrepository\/384x256\/0c0\/0d0\/none\/12727\/BWTC\/20260125205442-joseph-humire-de-eeuu-r_2611447_20260125165142.jpg 384w,\/\/www.vistazo.com\/binrepository\/300x200\/0c0\/0d0\/none\/12727\/BWTN\/20260125205442-joseph-humire-de-eeuu-r_2611447_20260125165142.jpg 300w\" \/><\/div>\n<div class=\"cutline-byline\"><span class=\"cutline-text\">Joseph M. Humire en su visita oficial a Ecuador.\u00a0<\/span><span class=\"byline-image\">(Foto: ROLANDO ENRIQUEZ\/API)<\/span><\/div>\n<\/figure>\n<\/div>\n<div class=\"paragraph texto\">\n<p class=\"p_14\">De acuerdo con datos oficiales, el Gobierno asegur\u00f3 que en\u00a0<b>2025<\/b>\u00a0se decomisaron\u00a0<b>214,53 toneladas de droga<\/b>, una cifra menor a la de\u00a0<b>2024<\/b>, cuando se report\u00f3 un r\u00e9cord de\u00a0<b>294,61 toneladas<\/b>\u00a0incautadas.<\/p>\n<p class=\"p_15\">El Ejecutivo indic\u00f3 adem\u00e1s que, a finales de 2025, se ejecutaron\u00a0<b>336.056 operaciones militares<\/b>\u00a0para el control de la seguridad interna y la lucha contra el\u00a0<b>crimen organizado<\/b><\/p>\n<\/div>\n<div class=\"paragraph texto\">\n<p class=\"p_17\">Pese a estas acciones, Ecuador registra una\u00a0<b>escalada de violencia<\/b>\u00a0sin precedentes. La organizaci\u00f3n\u00a0<b>Datos de Ubicaci\u00f3n y Eventos de Conflictos Armados (ACLED)<\/b>\u00a0se\u00f1al\u00f3 en un reciente informe que el pa\u00eds andino registrar\u00e1 en\u00a0<b>2025<\/b>\u00a0la\u00a0<b>tasa de homicidios m\u00e1s alta de Am\u00e9rica Latina<\/b>\u00a0por tercer a\u00f1o consecutivo, \u201crompiendo as\u00ed su propio r\u00e9cord\u201d.<\/p>\n<p class=\"p_18\">Ecuador cerr\u00f3 2025 con un nuevo m\u00e1ximo hist\u00f3rico de asesinatos, al contabilizar hasta el\u00a0<b>19 de diciembre 8.847 homicidios<\/b>, seg\u00fan cifras difundidas por la Polic\u00eda Nacional. <strong>Fuente: Vistazo<\/strong><\/p>\n<\/div>\n","protected":false},"excerpt":{"rendered":"<p>El presidente\u00a0Daniel Noboa\u00a0inaugurar\u00e1 este lunes 26 de enero de 2026 la\u00a0Conferencia Internacional sobre drogas sint\u00e9ticas en Ecuador, que se realizar\u00e1 en la ciudad de\u00a0Quito\u00a0y contar\u00e1 con la participaci\u00f3n de autoridades nacionales e invitados internacionales. Seg\u00fan la invitaci\u00f3n oficial difundida por la Presidencia, el acto est\u00e1 previsto para las\u00a010:30\u00a0en el\u00a0Hotel Sheraton, en Quito. El evento se desarrollar\u00e1 en medio de la agenda de seguridad del Gobierno frente al avance de las\u00a0drogas sint\u00e9ticas\u00a0y el\u00a0crimen organizado. Luego de este encuentro,\u00a0est\u00e1 previsto que Noboa viaje a Panam\u00e1. Noboa retoma actividades en Ecuador La inauguraci\u00f3n de la conferencia se dar\u00e1 luego de que\u00a0Daniel Noboa\u00a0cumpliera con una\u00a0agenda internacional. Noboa lider\u00f3 la sesi\u00f3n de Gabinete Ministerial el 16 de enero.\u00a0(Foto: Flickr Presidencia) Luego de culminar su periodo de descanso y\u00a0liderar directamente las acciones del Bloque de Seguridad el 16 de enero,\u00a0Daniel Noboa\u00a0retom\u00f3 su mandato con varios encuentros diplom\u00e1ticos. Su gira arranc\u00f3 en\u00a0Davos, del\u00a019 al 22 de enero, en el marco del\u00a0Foro Econ\u00f3mico Mundial, donde particip\u00f3 en encuentros con l\u00edderes y jefes de Estado. Posteriormente, viaj\u00f3 a\u00a0B\u00e9lgica\u00a0del 22 al 25 de enero para sostener reuniones con autoridades de la\u00a0Uni\u00f3n Europea, tercer socio comercial del Ecuador y cooperante en materia de seguridad. Daniel Noboa junto a Bart de Wever, Primer Ministro de B\u00e9lgica.\u00a0(Foto: Flickr Presidencia) Est\u00e1 previsto que el presidente llegue a Ecuador en la madrugada del\u00a025 de enero\u00a0y permanezca poco m\u00e1s de 48 horas en el pa\u00eds antes de viajar a\u00a0Panam\u00e1, donde participar\u00e1 en el\u00a0Foro Econ\u00f3mico Internacional de Am\u00e9rica Latina y el Caribe 2026, que se desarrollar\u00e1 los d\u00edas\u00a028 y 29 de enero. Seg\u00fan su oficina de comunicaci\u00f3n, estos desplazamientos forman parte de la\u00a0agenda internacional\u00a0del mandatario, orientada a generar espacios de di\u00e1logo econ\u00f3mico y pol\u00edtico. Drogas y violencia en Ecuador La inauguraci\u00f3n de la Conferencia Internacional sobre\u00a0drogas sint\u00e9ticas\u00a0se da en un contexto marcado por el aumento del\u00a0narcotr\u00e1fico\u00a0y una\u00a0escalada de violencia\u00a0sin precedentes en Ecuador. El\u00a0Subsecretario Adjunto de Defensa Nacional de Estados Unidos,\u00a0Joseph M. Humire, cumpli\u00f3 el 25 de enero una agenda oficial en Ecuador como parte de un acercamiento estrat\u00e9gico entre ambos pa\u00edses para fortalecer la\u00a0cooperaci\u00f3n en seguridad\u00a0y enfrentar amenazas transnacionales. Joseph M. Humire en su visita oficial a Ecuador.\u00a0(Foto: ROLANDO ENRIQUEZ\/API) De acuerdo con datos oficiales, el Gobierno asegur\u00f3 que en\u00a02025\u00a0se decomisaron\u00a0214,53 toneladas de droga, una cifra menor a la de\u00a02024, cuando se report\u00f3 un r\u00e9cord de\u00a0294,61 toneladas\u00a0incautadas. El Ejecutivo indic\u00f3 adem\u00e1s que, a finales de 2025, se ejecutaron\u00a0336.056 operaciones militares\u00a0para el control de la seguridad interna y la lucha contra el\u00a0crimen organizado Pese a estas acciones, Ecuador registra una\u00a0escalada de violencia\u00a0sin precedentes. La organizaci\u00f3n\u00a0Datos de Ubicaci\u00f3n y Eventos de Conflictos Armados (ACLED)\u00a0se\u00f1al\u00f3 en un reciente informe que el pa\u00eds andino registrar\u00e1 en\u00a02025\u00a0la\u00a0tasa de homicidios m\u00e1s alta de Am\u00e9rica Latina\u00a0por tercer a\u00f1o consecutivo, \u201crompiendo as\u00ed su propio r\u00e9cord\u201d. Ecuador cerr\u00f3 2025 con un nuevo m\u00e1ximo hist\u00f3rico de asesinatos, al contabilizar hasta el\u00a019 de diciembre 8.847 homicidios, seg\u00fan cifras difundidas por la Polic\u00eda Nacional. Fuente: Vistazo<\/p>\n","protected":false},"author":1,"featured_media":28998,"comment_status":"closed","ping_status":"closed","sticky":false,"template":"","format":"standard","meta":{"footnotes":""},"categories":[268],"tags":[],"class_list":["post-28997","post","type-post","status-publish","format-standard","has-post-thumbnail","hentry","category-nacionales"],"_links":{"self":[{"href":"https:\/\/www.elamazonico.com\/portal\/wp-json\/wp\/v2\/posts\/28997","targetHints":{"allow":["GET"]}}],"collection":[{"href":"https:\/\/www.elamazonico.com\/portal\/wp-json\/wp\/v2\/posts"}],"about":[{"href":"https:\/\/www.elamazonico.com\/portal\/wp-json\/wp\/v2\/types\/post"}],"author":[{"embeddable":true,"href":"https:\/\/www.elamazonico.com\/portal\/wp-json\/wp\/v2\/users\/1"}],"replies":[{"embeddable":true,"href":"https:\/\/www.elamazonico.com\/portal\/wp-json\/wp\/v2\/comments?post=28997"}],"version-history":[{"count":1,"href":"https:\/\/www.elamazonico.com\/portal\/wp-json\/wp\/v2\/posts\/28997\/revisions"}],"predecessor-version":[{"id":28999,"href":"https:\/\/www.elamazonico.com\/portal\/wp-json\/wp\/v2\/posts\/28997\/revisions\/28999"}],"wp:featuredmedia":[{"embeddable":true,"href":"https:\/\/www.elamazonico.com\/portal\/wp-json\/wp\/v2\/media\/28998"}],"wp:attachment":[{"href":"https:\/\/www.elamazonico.com\/portal\/wp-json\/wp\/v2\/media?parent=28997"}],"wp:term":[{"taxonomy":"category","embeddable":true,"href":"https:\/\/www.elamazonico.com\/portal\/wp-json\/wp\/v2\/categories?post=28997"},{"taxonomy":"post_tag","embeddable":true,"href":"https:\/\/www.elamazonico.com\/portal\/wp-json\/wp\/v2\/tags?post=28997"}],"curies":[{"name":"wp","href":"https:\/\/api.w.org\/{rel}","templated":true}]}}