{"id":28988,"date":"2026-01-25T13:10:08","date_gmt":"2026-01-25T18:10:08","guid":{"rendered":"https:\/\/www.elamazonico.com\/portal\/?p=28988"},"modified":"2026-01-25T13:10:08","modified_gmt":"2026-01-25T18:10:08","slug":"estoy-harto-de-vivir-asi-el-clamor-de-adictos-en-las-calles-de-guayaquil-donde-el-consumo-crece","status":"publish","type":"post","link":"https:\/\/www.elamazonico.com\/portal\/estoy-harto-de-vivir-asi-el-clamor-de-adictos-en-las-calles-de-guayaquil-donde-el-consumo-crece\/","title":{"rendered":"\u201cEstoy harto de vivir as\u00ed\u201d, el clamor de adictos en las calles de Guayaquil, donde el consumo crece"},"content":{"rendered":"<p>La presencia cada vez m\u00e1s frecuente de j\u00f3venes, varones y mujeres, buscando en el suelo materiales para preparar una \u2018pipa\u2019 que les sirva para aspirar un polvo blanco conocido como \u2018H\u2019 muestra la problem\u00e1tica del consumo de drogas que crece expuesta en las calles de Guayaquil.<\/p>\n<p>Manolo camina desorientado. Da cinco pasos y regresa a recoger una caja de f\u00f3sforos, pero luego la arroja porque est\u00e1 h\u00fameda. No le sirve para guardar las dosis de \u2018H\u2019 que le cuestan USD 2, mediod\u00eda de \u2018trabajo\u2019, recorriendo, buscando algo que compren los recicladores.<\/p>\n<p>No recuerda la edad que tiene. \u201cCreo que 25\u201d, dice sin dejar de caminar dentro de un parque en el suburbio de Guayaquil. Manolo cuenta que tiene \u2018muchos a\u00f1os\u2019 en la calle, que duerme bajo un pl\u00e1stico sobre cuatro palos en el parque lineal de la calle 29, en el suroeste de la ciudad. \u201cNo estoy solo, somos m\u00e1s\u201d, advierte.<\/p>\n<p>La gente le regala comida y se viste con la ropa que a veces encuentra entre los desechos. \u201cNo molesto a nadie\u201d, dice con fastidio, con resentimiento. No siempre fue as\u00ed, pero Manolo prefiere guardar sus recuerdos. Con la mirada fija en el suelo, dice en voz baja: \u201cEstoy harto de vivir as\u00ed\u201d.<\/p>\n<p><img decoding=\"async\" src=\"https:\/\/imagenes.primicias.ec\/files\/content_image_simple_414_238\/uploads\/2026\/01\/23\/69739b0fcce73.jpeg\" alt=\"thumb\" \/><br \/>\nEn el Guasmo sur, en las Malvinas, en el Cristo del Consuelo, en el barrio del Salado, en la calle Padre Solano, en la Alborada octava etapa, en La Prosperina, en Socio Vivienda y as\u00ed en la mayor\u00eda de las zonas de Guayaquil aumenta la poblaci\u00f3n de adictos en situaci\u00f3n de calle.<\/p>\n<p>Sin embargo, no hay cifras actualizadas que dimensionen esta problem\u00e1tica en Guayaquil. Las m\u00e1s cercanas datan de 2022 y se\u00f1alan que las provincias m\u00e1s afectadas son Guayas, Pichincha y Azuay, donde el Ministerio de Salud super\u00f3 el mill\u00f3n de atenciones.<\/p>\n<p>Por las denuncias reportadas al ECU-911 en 2023 se estima que los distritos de Guayaquil que presentaron la mayor cantidad de llamadas (42%) por consumidores de licor o drogas en los espacios p\u00fablicos fueron 9 de Octubre, Portete, Modelo, Sur, Florida y Esteros.<\/p>\n<p>Tampoco hay estad\u00edsticas que dimensionen el impacto creciente del consumo de drogas en las mujeres. En grupos conformados antes solo por hombres, hoy se ve a una o dos mujeres, algunas menores de edad, sentadas en las veredas, preparando dosis de drogas como \u2018Plo, Plo\u2019.<\/p>\n<blockquote><p>\u201cHa aumentado porque las familias ya no creen en ellas, es un c\u00edrculo vicioso de da\u00f1os, de enfermedades, de muerte, muchas mueren en el intento por salir, con sobredosis accidental. Si una mamita me escucha, haga lo que pueda por salvar a su hija, as\u00ed como la llev\u00f3 obligada a vacunar, haga lo posible\u201d.\u00a0<strong>Julieta Sag\u00f1ay, siquiatra experta en adicciones.<\/strong><\/p><\/blockquote>\n<p>En su consultorio, durante 2025,\u00a0Julieta Sag\u00f1ay, siquiatra experta en adicciones,\u00a0atendi\u00f3 a 253 embarazadas con problemas de adicciones, \u201cla mitad de ellas en situaci\u00f3n de calle\u201d, y que proven\u00edan de sectores como la calle Padre Solano, de parques del centro y de la llamada Bah\u00eda de la Droga, en la calle D\u00e9cima y Diez de Agosto.<\/p>\n<p>\u201cEl tratamiento debe durar m\u00ednimo un a\u00f1o, adem\u00e1s de la parte sicol\u00f3gica en la familia, porque hay muchas que consumen droga. Un m\u00e9dico de emergencia puede iniciar la atenci\u00f3n y luego hacer una interconsulta a sicolog\u00eda, siquiatr\u00eda, porque ellos ya tienen da\u00f1o neurol\u00f3gico\u201d, dice.<\/p>\n<p><img decoding=\"async\" src=\"https:\/\/imagenes.primicias.ec\/files\/content_image_simple_414_238\/uploads\/2026\/01\/23\/6973d8ba8c89f.jpeg\" alt=\"thumb\" \/><br \/>\nEn el pa\u00eds, la infraestructura sanitaria no est\u00e1 preparada para tratar las adicciones, critica Sag\u00f1ay, y los centros de atenci\u00f3n p\u00fablicos no ofrecen las facilidades a los pacientes. \u201cObst\u00e1culo tras obst\u00e1culo hizo que los chicos se cronificaran y cayeran en situaci\u00f3n de calle\u201d, cuestiona.<\/p>\n<p>En esas condiciones, una reca\u00edda fue el detonante -lamenta Sag\u00f1ay- para que muchos se volvieran recicladores, delincuentes, sicarios de los Grupos de Delincuencia Organizada (GDO) que los reclutan y les pagan con sustancias, o que se prostituyan por droga.<\/p>\n<p><strong>Aumento del 145% de atenciones<\/strong><br \/>\nEn Guayaquil, \u201cuno de los desaf\u00edos m\u00e1s apremiantes es el tratamiento integral a personas con consumo problem\u00e1tico de alcohol y otras drogas, especialmente hombres en situaci\u00f3n de calle o vulnerabilidad\u201d, se\u00f1ala un informe de la Direcci\u00f3n de Salud e Higiene de la municipalidad.<\/p>\n<blockquote><p>\u201cLa falta de infraestructura especializada y de espacios adecuados para su atenci\u00f3n ha generado vac\u00edos en el sistema de salud p\u00fablica y en mecanismos de reinserci\u00f3n social\u201d.\u00a0<strong>Informe Direcci\u00f3n de Salud Municipal<\/strong><\/p><\/blockquote>\n<p>En 2025, el municipio dio 51.272 atenciones en sus cuatro centros m\u00e9dicos:<\/p>\n<p>Hospital Bicentenario: 29.804 atenciones (Calles Pedro Pablo G\u00f3mez y Seis de Marzo)<br \/>\nCetad (Centro Especializado en el Tratamiento a Personas con Consumo Problem\u00e1tico de Alcohol y Otras Drogas) Mujeres: 14.440 atenciones (Bloque 9 de Basti\u00f3n Popular)<br \/>\nHospital Posorja: 4.044 atenciones (cabecera parroquial, calle Juan Col\u00e1n y 9 de Octubre)<br \/>\nHospital Zumar: 2.984 atenciones (Av. Isidro Ayora, junto a 7ma etapa de Mucho Lote)<br \/>\nLa cifra de 2025 super\u00f3 en el 145% la cantidad de atenciones (20.961) dadas en 2024, una tendencia que se prev\u00e9 se mantenga en el 2026. En enero de este a\u00f1o, hasta el d\u00eda 20, se han dado 2.800 consultas en el programa municipal \u2018Guayaquil sin adicciones\u2019.<\/p>\n<p>\u201cCon este programa hemos podido tener 32 pacientes insertados en diversas compa\u00f1\u00edas y 55 pacientes han logrado volver a estudiar\u201d, destaca Juan Carlos Gonz\u00e1lez, director de Salud e Higiene municipal, al lamentar que no haya cifras para tener un panorama de la situaci\u00f3n.<\/p>\n<p>Sobre su escritorio, Gonz\u00e1lez muestra una caja con un centenar de pruebas m\u00e9dicas para detectar la presencia de fentanilo, una droga 100 veces m\u00e1s potente que la morfina y que se utiliza para combatir el dolor en pacientes con enfermedades cr\u00f3nicas. \u00c9l cree que el fentanilo -50 veces m\u00e1s fuerte que la hero\u00edna- se consume en las calles.<\/p>\n<blockquote><p>\u201cEl ministerio de Salud dice que no hay casos, yo creo que s\u00ed hay por la forma como se comportan ciertas personas. Si en farmacias clandestinas afuera de los hospitales encontraron fentanilo en ampollas, puede ser que tambi\u00e9n est\u00e9 en las calles, y est\u00e9n usando, pero no est\u00e1 comprobado\u201d.\u00a0<strong>Juan Carlos Gonz\u00e1lez, director de Salud municipal<\/strong><\/p><\/blockquote>\n<p>El municipio, anuncia el funcionario, har\u00e1 en mayo una campa\u00f1a denominada \u2018Guayaquil sin adicciones: Hablemos claro\u2019, para dar charlas a estudiantes y personal docente de 50 colegios particulares y populares, en la que espera llegar a 25.000 menores de edad.<\/p>\n<p>La prevenci\u00f3n surge como una alternativa ante la falta de centros completos donde el paciente pueda desintoxicarse, tratarse (m\u00e9dica, sicol\u00f3gica y socialmente) y reinsertarse a la sociedad. M\u00e1s a\u00fan cuando los ingresos dependen de la voluntad de los pacientes.<\/p>\n<p>\u201cLa DASE (Direcci\u00f3n de Acci\u00f3n Social) hace recorridos nocturnos por si hay alguno que quiera entrar al programa, pero no se puede obligar al paciente. Los Cetad no son como las cl\u00ednicas clandestinas donde al paciente lo encierran y no sale. Aqu\u00ed si el tratamiento es de 20 d\u00edas y al tercero el paciente quiere irse, se puede ir\u201d, explica Gonz\u00e1lez.<\/p>\n<p><img decoding=\"async\" src=\"https:\/\/imagenes.primicias.ec\/files\/content_image_simple_414_238\/uploads\/2026\/01\/23\/6973a5a910383.png\" alt=\"thumb\" \/><br \/>\n<strong>Nuevo Cetad para hombres<\/strong><br \/>\nEn septiembre de 2021, en la alcald\u00eda de Cinthya Viteri, se inaugur\u00f3 el primer Cetad o centro gratuito de desintoxicaci\u00f3n de drogas para mujeres, que se construy\u00f3 en el noroeste de Guayaquil, en Basti\u00f3n Popular, con capacidad para 30 internas, con tratamiento y terapias.<\/p>\n<p>Entre las \u00e1reas que tendr\u00e1 el primer Cetad de hombres de Guayaquil constan la de desintoxicaci\u00f3n supervisada, atenci\u00f3n sicol\u00f3gica, rehabilitaci\u00f3n y prevenci\u00f3n de ca\u00eddas, vida comunitaria y desarrollo psicosocial (progresiva reinserci\u00f3n) y seguimiento pos-tratamiento.<\/p>\n<p><img decoding=\"async\" src=\"https:\/\/imagenes.primicias.ec\/files\/content_vertical_image_400_460\/uploads\/2026\/01\/23\/6973a6a3305a6.png\" alt=\"thumb\" \/><br \/>\nGonz\u00e1lez dijo que la creaci\u00f3n del Cetad se produce \u201cjustamente por la necesidad que hay en la ciudad y por el aumento de casos. C\u00f3mo puede haber un Cetad de mujeres y no de hombres, la capacidad que va a tener este nuevo Cetad es de 20 pacientes\u201d. <strong>Fuente: Primicias<\/strong><\/p>\n","protected":false},"excerpt":{"rendered":"<p>La presencia cada vez m\u00e1s frecuente de j\u00f3venes, varones y mujeres, buscando en el suelo materiales para preparar una \u2018pipa\u2019 que les sirva para aspirar un polvo blanco conocido como \u2018H\u2019 muestra la problem\u00e1tica del consumo de drogas que crece expuesta en las calles de Guayaquil. Manolo camina desorientado. Da cinco pasos y regresa a recoger una caja de f\u00f3sforos, pero luego la arroja porque est\u00e1 h\u00fameda. No le sirve para guardar las dosis de \u2018H\u2019 que le cuestan USD 2, mediod\u00eda de \u2018trabajo\u2019, recorriendo, buscando algo que compren los recicladores. No recuerda la edad que tiene. \u201cCreo que 25\u201d, dice sin dejar de caminar dentro de un parque en el suburbio de Guayaquil. Manolo cuenta que tiene \u2018muchos a\u00f1os\u2019 en la calle, que duerme bajo un pl\u00e1stico sobre cuatro palos en el parque lineal de la calle 29, en el suroeste de la ciudad. \u201cNo estoy solo, somos m\u00e1s\u201d, advierte. La gente le regala comida y se viste con la ropa que a veces encuentra entre los desechos. \u201cNo molesto a nadie\u201d, dice con fastidio, con resentimiento. No siempre fue as\u00ed, pero Manolo prefiere guardar sus recuerdos. Con la mirada fija en el suelo, dice en voz baja: \u201cEstoy harto de vivir as\u00ed\u201d. En el Guasmo sur, en las Malvinas, en el Cristo del Consuelo, en el barrio del Salado, en la calle Padre Solano, en la Alborada octava etapa, en La Prosperina, en Socio Vivienda y as\u00ed en la mayor\u00eda de las zonas de Guayaquil aumenta la poblaci\u00f3n de adictos en situaci\u00f3n de calle. Sin embargo, no hay cifras actualizadas que dimensionen esta problem\u00e1tica en Guayaquil. Las m\u00e1s cercanas datan de 2022 y se\u00f1alan que las provincias m\u00e1s afectadas son Guayas, Pichincha y Azuay, donde el Ministerio de Salud super\u00f3 el mill\u00f3n de atenciones. Por las denuncias reportadas al ECU-911 en 2023 se estima que los distritos de Guayaquil que presentaron la mayor cantidad de llamadas (42%) por consumidores de licor o drogas en los espacios p\u00fablicos fueron 9 de Octubre, Portete, Modelo, Sur, Florida y Esteros. Tampoco hay estad\u00edsticas que dimensionen el impacto creciente del consumo de drogas en las mujeres. En grupos conformados antes solo por hombres, hoy se ve a una o dos mujeres, algunas menores de edad, sentadas en las veredas, preparando dosis de drogas como \u2018Plo, Plo\u2019. \u201cHa aumentado porque las familias ya no creen en ellas, es un c\u00edrculo vicioso de da\u00f1os, de enfermedades, de muerte, muchas mueren en el intento por salir, con sobredosis accidental. Si una mamita me escucha, haga lo que pueda por salvar a su hija, as\u00ed como la llev\u00f3 obligada a vacunar, haga lo posible\u201d.\u00a0Julieta Sag\u00f1ay, siquiatra experta en adicciones. En su consultorio, durante 2025,\u00a0Julieta Sag\u00f1ay, siquiatra experta en adicciones,\u00a0atendi\u00f3 a 253 embarazadas con problemas de adicciones, \u201cla mitad de ellas en situaci\u00f3n de calle\u201d, y que proven\u00edan de sectores como la calle Padre Solano, de parques del centro y de la llamada Bah\u00eda de la Droga, en la calle D\u00e9cima y Diez de Agosto. \u201cEl tratamiento debe durar m\u00ednimo un a\u00f1o, adem\u00e1s de la parte sicol\u00f3gica en la familia, porque hay muchas que consumen droga. Un m\u00e9dico de emergencia puede iniciar la atenci\u00f3n y luego hacer una interconsulta a sicolog\u00eda, siquiatr\u00eda, porque ellos ya tienen da\u00f1o neurol\u00f3gico\u201d, dice. En el pa\u00eds, la infraestructura sanitaria no est\u00e1 preparada para tratar las adicciones, critica Sag\u00f1ay, y los centros de atenci\u00f3n p\u00fablicos no ofrecen las facilidades a los pacientes. \u201cObst\u00e1culo tras obst\u00e1culo hizo que los chicos se cronificaran y cayeran en situaci\u00f3n de calle\u201d, cuestiona. En esas condiciones, una reca\u00edda fue el detonante -lamenta Sag\u00f1ay- para que muchos se volvieran recicladores, delincuentes, sicarios de los Grupos de Delincuencia Organizada (GDO) que los reclutan y les pagan con sustancias, o que se prostituyan por droga. Aumento del 145% de atenciones En Guayaquil, \u201cuno de los desaf\u00edos m\u00e1s apremiantes es el tratamiento integral a personas con consumo problem\u00e1tico de alcohol y otras drogas, especialmente hombres en situaci\u00f3n de calle o vulnerabilidad\u201d, se\u00f1ala un informe de la Direcci\u00f3n de Salud e Higiene de la municipalidad. \u201cLa falta de infraestructura especializada y de espacios adecuados para su atenci\u00f3n ha generado vac\u00edos en el sistema de salud p\u00fablica y en mecanismos de reinserci\u00f3n social\u201d.\u00a0Informe Direcci\u00f3n de Salud Municipal En 2025, el municipio dio 51.272 atenciones en sus cuatro centros m\u00e9dicos: Hospital Bicentenario: 29.804 atenciones (Calles Pedro Pablo G\u00f3mez y Seis de Marzo) Cetad (Centro Especializado en el Tratamiento a Personas con Consumo Problem\u00e1tico de Alcohol y Otras Drogas) Mujeres: 14.440 atenciones (Bloque 9 de Basti\u00f3n Popular) Hospital Posorja: 4.044 atenciones (cabecera parroquial, calle Juan Col\u00e1n y 9 de Octubre) Hospital Zumar: 2.984 atenciones (Av. Isidro Ayora, junto a 7ma etapa de Mucho Lote) La cifra de 2025 super\u00f3 en el 145% la cantidad de atenciones (20.961) dadas en 2024, una tendencia que se prev\u00e9 se mantenga en el 2026. En enero de este a\u00f1o, hasta el d\u00eda 20, se han dado 2.800 consultas en el programa municipal \u2018Guayaquil sin adicciones\u2019. \u201cCon este programa hemos podido tener 32 pacientes insertados en diversas compa\u00f1\u00edas y 55 pacientes han logrado volver a estudiar\u201d, destaca Juan Carlos Gonz\u00e1lez, director de Salud e Higiene municipal, al lamentar que no haya cifras para tener un panorama de la situaci\u00f3n. Sobre su escritorio, Gonz\u00e1lez muestra una caja con un centenar de pruebas m\u00e9dicas para detectar la presencia de fentanilo, una droga 100 veces m\u00e1s potente que la morfina y que se utiliza para combatir el dolor en pacientes con enfermedades cr\u00f3nicas. \u00c9l cree que el fentanilo -50 veces m\u00e1s fuerte que la hero\u00edna- se consume en las calles. \u201cEl ministerio de Salud dice que no hay casos, yo creo que s\u00ed hay por la forma como se comportan ciertas personas. Si en farmacias clandestinas afuera de los hospitales encontraron fentanilo en ampollas, puede ser que tambi\u00e9n est\u00e9 en las calles, y est\u00e9n usando, pero no est\u00e1 comprobado\u201d.\u00a0Juan Carlos Gonz\u00e1lez, director de Salud municipal El municipio, anuncia el funcionario, har\u00e1 en mayo una campa\u00f1a denominada \u2018Guayaquil sin adicciones: Hablemos claro\u2019, para<\/p>\n","protected":false},"author":1,"featured_media":28989,"comment_status":"closed","ping_status":"closed","sticky":false,"template":"","format":"standard","meta":{"footnotes":""},"categories":[268],"tags":[],"class_list":["post-28988","post","type-post","status-publish","format-standard","has-post-thumbnail","hentry","category-nacionales"],"_links":{"self":[{"href":"https:\/\/www.elamazonico.com\/portal\/wp-json\/wp\/v2\/posts\/28988","targetHints":{"allow":["GET"]}}],"collection":[{"href":"https:\/\/www.elamazonico.com\/portal\/wp-json\/wp\/v2\/posts"}],"about":[{"href":"https:\/\/www.elamazonico.com\/portal\/wp-json\/wp\/v2\/types\/post"}],"author":[{"embeddable":true,"href":"https:\/\/www.elamazonico.com\/portal\/wp-json\/wp\/v2\/users\/1"}],"replies":[{"embeddable":true,"href":"https:\/\/www.elamazonico.com\/portal\/wp-json\/wp\/v2\/comments?post=28988"}],"version-history":[{"count":1,"href":"https:\/\/www.elamazonico.com\/portal\/wp-json\/wp\/v2\/posts\/28988\/revisions"}],"predecessor-version":[{"id":28990,"href":"https:\/\/www.elamazonico.com\/portal\/wp-json\/wp\/v2\/posts\/28988\/revisions\/28990"}],"wp:featuredmedia":[{"embeddable":true,"href":"https:\/\/www.elamazonico.com\/portal\/wp-json\/wp\/v2\/media\/28989"}],"wp:attachment":[{"href":"https:\/\/www.elamazonico.com\/portal\/wp-json\/wp\/v2\/media?parent=28988"}],"wp:term":[{"taxonomy":"category","embeddable":true,"href":"https:\/\/www.elamazonico.com\/portal\/wp-json\/wp\/v2\/categories?post=28988"},{"taxonomy":"post_tag","embeddable":true,"href":"https:\/\/www.elamazonico.com\/portal\/wp-json\/wp\/v2\/tags?post=28988"}],"curies":[{"name":"wp","href":"https:\/\/api.w.org\/{rel}","templated":true}]}}