{"id":28985,"date":"2026-01-25T12:20:57","date_gmt":"2026-01-25T17:20:57","guid":{"rendered":"https:\/\/www.elamazonico.com\/portal\/?p=28985"},"modified":"2026-01-25T12:20:57","modified_gmt":"2026-01-25T17:20:57","slug":"quien-era-alex-pretti-el-enfermero-abatido-en-mineapolis-que-reaviva-criticas-a-la-politica-migratoria-de-trump","status":"publish","type":"post","link":"https:\/\/www.elamazonico.com\/portal\/quien-era-alex-pretti-el-enfermero-abatido-en-mineapolis-que-reaviva-criticas-a-la-politica-migratoria-de-trump\/","title":{"rendered":"\u00bfQui\u00e9n era Alex Pretti, el enfermero abatido en Mine\u00e1polis que reaviva cr\u00edticas a la pol\u00edtica migratoria de Trump?"},"content":{"rendered":"<div class=\"paragraph texto\">\n<p class=\"p_0\">La muerte de\u00a0<b>Alex Pretti<\/b>, un enfermero de cuidados intensivos de 37 a\u00f1os, conmocion\u00f3 a\u00a0<b><a href=\"https:\/\/www.vistazo.com\/cronologia\/-\/meta\/ice\" target=\"_blank\" rel=\"noopener noreferrer\">Mine\u00e1polis<\/a><\/b>\u00a0y desat\u00f3 una nueva ola de\u00a0<b>indignaci\u00f3n nacional<\/b>. Pretti se convirti\u00f3 en el segundo\u00a0<b>estadounidense abatido por agentes federales<\/b>\u00a0en la ciudad en lo que va de enero, en un contexto marcado por protestas contra la\u00a0<b>pol\u00edtica migratoria<\/b>\u00a0del gobierno de<a href=\"https:\/\/www.vistazo.com\/cronologia\/-\/meta\/donald-trump\" target=\"_blank\" rel=\"noopener noreferrer\">\u00a0<b>Donald Trump<\/b>.<\/a><\/p>\n<div id=\"teads0\" class=\"teads-player native\">El jefe de polic\u00eda de Mine\u00e1polis, <b>Brian O\u2019Hara<\/b>, indic\u00f3 que Pretti resid\u00eda en la ciudad, ten\u00eda\u00a0<b>permiso legal para portar armas<\/b>\u00a0y no contaba con antecedentes penales graves. Colegas y familiares lo describieron como \u201cuna buena persona, amable, que viv\u00eda para ayudar\u201d.<\/div>\n<\/div>\n<div class=\"multimediaMacroWrapper img lateral\">\n<figure class=\"contentMedia art-img\">\n<div><img fetchpriority=\"high\" decoding=\"async\" class=\" lazyloaded\" title=\"Homenaje en honor a Alex Pretti.\" src=\"https:\/\/www.vistazo.com\/placeholder\/svg\/viewbox\/768x512\" sizes=\"100vw\" srcset=\"\/\/www.vistazo.com\/binrepository\/768x512\/0c0\/0d0\/none\/12727\/TCUM\/afp-20260125-93wm7fa-v2-highres-p_2611320_20260125101214.jpg 768w,\/\/www.vistazo.com\/binrepository\/640x427\/0c0\/0d0\/none\/12727\/TCUA\/afp-20260125-93wm7fa-v2-highres-p_2611320_20260125101214.jpg 640w,\/\/www.vistazo.com\/binrepository\/512x341\/0c0\/0d0\/none\/12727\/TCUY\/afp-20260125-93wm7fa-v2-highres-p_2611320_20260125101214.jpg 512w,\/\/www.vistazo.com\/binrepository\/384x256\/0c0\/0d0\/none\/12727\/TCUN\/afp-20260125-93wm7fa-v2-highres-p_2611320_20260125101214.jpg 384w,\/\/www.vistazo.com\/binrepository\/300x200\/0c0\/0d0\/none\/12727\/TCUX\/afp-20260125-93wm7fa-v2-highres-p_2611320_20260125101214.jpg 300w\" alt=\"$!Homenaje en honor a Alex Pretti.\" width=\"768\" height=\"512\" data-srcset=\"\/\/www.vistazo.com\/binrepository\/768x512\/0c0\/0d0\/none\/12727\/TCUM\/afp-20260125-93wm7fa-v2-highres-p_2611320_20260125101214.jpg 768w,\/\/www.vistazo.com\/binrepository\/640x427\/0c0\/0d0\/none\/12727\/TCUA\/afp-20260125-93wm7fa-v2-highres-p_2611320_20260125101214.jpg 640w,\/\/www.vistazo.com\/binrepository\/512x341\/0c0\/0d0\/none\/12727\/TCUY\/afp-20260125-93wm7fa-v2-highres-p_2611320_20260125101214.jpg 512w,\/\/www.vistazo.com\/binrepository\/384x256\/0c0\/0d0\/none\/12727\/TCUN\/afp-20260125-93wm7fa-v2-highres-p_2611320_20260125101214.jpg 384w,\/\/www.vistazo.com\/binrepository\/300x200\/0c0\/0d0\/none\/12727\/TCUX\/afp-20260125-93wm7fa-v2-highres-p_2611320_20260125101214.jpg 300w\" \/><\/div>\n<div class=\"cutline-byline\"><span class=\"cutline-text\">Homenaje en honor a Alex Pretti.\u00a0<\/span><span class=\"byline-image\">(Foto: ROBERTO SCHMIDT \/ AFP)<\/span><\/div>\n<\/figure>\n<\/div>\n<h2 class=\"h2vistazo\">Qui\u00e9n era Alex Pretti<\/h2>\n<div class=\"paragraph texto\">\n<p class=\"p_3\"><b>Dimitri Drekonja,<\/b>\u00a0jefe de la Secci\u00f3n de Enfermedades Infecciosas del hospital VA de Minneapolis y colega de Pretti, asegur\u00f3 que era\u00a0<b>\u201cun alma bondadosa\u201d<\/b>\u00a0que\u00a0<b>\u201cquer\u00eda cambiar el mundo\u201d<\/b>.<\/p>\n<div class=\"Center2Display\">\n<div id=\"Center2\" data-google-query-id=\"CJPQhaaZp5IDFX2J0QQd7k0SwQ\">\n<div id=\"google_ads_iframe_\/21839199781\/Vistazo\/Vistazo_Center2_0__container__\"><b>Alex Pretti<\/b>, oriundo de Illinois pero criado en Wisconsin, fue un joven muy activo en su comunidad: destac\u00f3 como deportista en la secundaria Preble, fue boy scout y miembro del coro\u00a0<b>Green Bay Boy.<\/b>\u00a0Tras graduarse en Biolog\u00eda por la<b>\u00a0Universidad de Minnesota en 2011,<\/b>\u00a0inici\u00f3 su carrera como investigador cient\u00edfico, aunque posteriormente decidi\u00f3 dar un giro profesional y formarse como enfermero titulado.<\/div>\n<\/div>\n<\/div>\n<\/div>\n<div class=\"paragraph texto\">\n<p class=\"p_5\">Al momento de los hechos, Pretti resid\u00eda solo en un condominio cercano a la zona del incidente. Quienes conviv\u00edan cerca de \u00e9l lo recordaron como una\u00a0<b>persona reservada, tranquila y siempre dispuesta a ayudar a los dem\u00e1s,<\/b>\u00a0recoge BBC Mundo con informaci\u00f3n de AP.<\/p>\n<div id=\"teads0\" class=\"teads-player native\">En un comunicado, sus padres tambi\u00e9n rechazaron la versi\u00f3n oficial y acusaron a la administraci\u00f3n Trump de difundir <b>\u201cmentiras repugnantes\u201d\u00a0<\/b>sobre su hijo.<\/div>\n<\/div>\n<div class=\"multimediaMacroWrapper img lateral\">\n<figure class=\"contentMedia art-img\">\n<div><img decoding=\"async\" class=\" lazyloaded\" title=\"Donald Trump, Alex Pretti\" src=\"https:\/\/www.vistazo.com\/placeholder\/svg\/viewbox\/768x402\" sizes=\"100vw\" srcset=\"\/\/www.vistazo.com\/binrepository\/768x402\/0c0\/0d0\/none\/12727\/SOOH\/2026-25-01-alex-pretti-2_2611327_20260125101909.jpg 768w,\/\/www.vistazo.com\/binrepository\/640x335\/0c0\/0d0\/none\/12727\/SOOP\/2026-25-01-alex-pretti-2_2611327_20260125101909.jpg 640w,\/\/www.vistazo.com\/binrepository\/512x268\/0c0\/0d0\/none\/12727\/SOOM\/2026-25-01-alex-pretti-2_2611327_20260125101909.jpg 512w,\/\/www.vistazo.com\/binrepository\/384x201\/0c0\/0d0\/none\/12727\/SOOK\/2026-25-01-alex-pretti-2_2611327_20260125101909.jpg 384w,\/\/www.vistazo.com\/binrepository\/300x157\/0c0\/0d0\/none\/12727\/SOOW\/2026-25-01-alex-pretti-2_2611327_20260125101909.jpg 300w\" alt=\"$!Donald Trump, Alex Pretti\" width=\"768\" height=\"402\" data-srcset=\"\/\/www.vistazo.com\/binrepository\/768x402\/0c0\/0d0\/none\/12727\/SOOH\/2026-25-01-alex-pretti-2_2611327_20260125101909.jpg 768w,\/\/www.vistazo.com\/binrepository\/640x335\/0c0\/0d0\/none\/12727\/SOOP\/2026-25-01-alex-pretti-2_2611327_20260125101909.jpg 640w,\/\/www.vistazo.com\/binrepository\/512x268\/0c0\/0d0\/none\/12727\/SOOM\/2026-25-01-alex-pretti-2_2611327_20260125101909.jpg 512w,\/\/www.vistazo.com\/binrepository\/384x201\/0c0\/0d0\/none\/12727\/SOOK\/2026-25-01-alex-pretti-2_2611327_20260125101909.jpg 384w,\/\/www.vistazo.com\/binrepository\/300x157\/0c0\/0d0\/none\/12727\/SOOW\/2026-25-01-alex-pretti-2_2611327_20260125101909.jpg 300w\" \/><\/div>\n<div class=\"cutline-byline\"><span class=\"cutline-text\">Donald Trump, Alex Pretti<\/span>\u00a0<span class=\"byline-image\">(Foto: Composici\u00f3n: AFP\/ RRSS)<\/span><\/div>\n<\/figure>\n<\/div>\n<div class=\"paragraph texto\">\n<p class=\"p_8\">El equipo de Trump afirm\u00f3 que Pretti\u00a0<b>ten\u00eda intenci\u00f3n de herir a los agentes,<\/b>\u00a0versi\u00f3n respaldada por el Departamento de Seguridad Nacional (DHS), que asegur\u00f3 que estaba armado y se hab\u00eda\u00a0<b>\u201cresistido violentamente\u201d<\/b>. Sin embargo, un video del incidente contradice esa narrativa, al mostrar que los disparos ocurrieron cuando el hombre ya estaba en el suelo y sin moverse.<\/p>\n<p class=\"p_9\">El fallecimiento de Pretti se suma al de\u00a0<b><a href=\"https:\/\/www.vistazo.com\/cronologia\/-\/meta\/ice#.p:2;\" target=\"_blank\" rel=\"noopener noreferrer\">Renee Good<\/a><\/b>, tambi\u00e9n estadounidense de 37 a\u00f1os, abatida el 7 de enero dentro de su autom\u00f3vil por disparos de un agente del\u00a0<b>Servicio de Inmigraci\u00f3n y Control de Aduanas (ICE)<\/b>. Ambos casos han convertido a Mine\u00e1polis en un s\u00edmbolo de los excesos atribuidos a las fuerzas federales.<\/p>\n<\/div>\n<div class=\"paragraph texto\">\n<p class=\"p_10\">Las protestas por las redadas de ICE se extendieron desde Mine\u00e1polis hasta\u00a0<b>Nueva York<\/b>\u00a0y\u00a0<b>Los \u00c1ngeles.\u00a0<\/b>La tensi\u00f3n aument\u00f3 a\u00fan m\u00e1s con la\u00a0<b><a href=\"https:\/\/www.vistazo.com\/actualidad\/internacional\/2026-01-24-ecuador-confirma-que-nino-ecuatoriano-detenido-ice-sigue-bajo-custodia-texas-FC10652304\" target=\"_blank\" rel=\"noopener noreferrer\">reciente detenci\u00f3n de Liam Conejo de cinco a\u00f1os y su padre ecuatoriano<\/a><\/b>, en un nuevo episodio que reaviv\u00f3 el debate sobre los\u00a0<b>excesos del ICE<\/b>\u00a0y la\u00a0<b>crisis migratoria en Estados Unidos<\/b>. Fuente: Vistazo<\/p>\n<\/div>\n","protected":false},"excerpt":{"rendered":"<p>La muerte de\u00a0Alex Pretti, un enfermero de cuidados intensivos de 37 a\u00f1os, conmocion\u00f3 a\u00a0Mine\u00e1polis\u00a0y desat\u00f3 una nueva ola de\u00a0indignaci\u00f3n nacional. Pretti se convirti\u00f3 en el segundo\u00a0estadounidense abatido por agentes federales\u00a0en la ciudad en lo que va de enero, en un contexto marcado por protestas contra la\u00a0pol\u00edtica migratoria\u00a0del gobierno de\u00a0Donald Trump. El jefe de polic\u00eda de Mine\u00e1polis, Brian O\u2019Hara, indic\u00f3 que Pretti resid\u00eda en la ciudad, ten\u00eda\u00a0permiso legal para portar armas\u00a0y no contaba con antecedentes penales graves. Colegas y familiares lo describieron como \u201cuna buena persona, amable, que viv\u00eda para ayudar\u201d. Homenaje en honor a Alex Pretti.\u00a0(Foto: ROBERTO SCHMIDT \/ AFP) Qui\u00e9n era Alex Pretti Dimitri Drekonja,\u00a0jefe de la Secci\u00f3n de Enfermedades Infecciosas del hospital VA de Minneapolis y colega de Pretti, asegur\u00f3 que era\u00a0\u201cun alma bondadosa\u201d\u00a0que\u00a0\u201cquer\u00eda cambiar el mundo\u201d. Alex Pretti, oriundo de Illinois pero criado en Wisconsin, fue un joven muy activo en su comunidad: destac\u00f3 como deportista en la secundaria Preble, fue boy scout y miembro del coro\u00a0Green Bay Boy.\u00a0Tras graduarse en Biolog\u00eda por la\u00a0Universidad de Minnesota en 2011,\u00a0inici\u00f3 su carrera como investigador cient\u00edfico, aunque posteriormente decidi\u00f3 dar un giro profesional y formarse como enfermero titulado. Al momento de los hechos, Pretti resid\u00eda solo en un condominio cercano a la zona del incidente. Quienes conviv\u00edan cerca de \u00e9l lo recordaron como una\u00a0persona reservada, tranquila y siempre dispuesta a ayudar a los dem\u00e1s,\u00a0recoge BBC Mundo con informaci\u00f3n de AP. En un comunicado, sus padres tambi\u00e9n rechazaron la versi\u00f3n oficial y acusaron a la administraci\u00f3n Trump de difundir \u201cmentiras repugnantes\u201d\u00a0sobre su hijo. Donald Trump, Alex Pretti\u00a0(Foto: Composici\u00f3n: AFP\/ RRSS) El equipo de Trump afirm\u00f3 que Pretti\u00a0ten\u00eda intenci\u00f3n de herir a los agentes,\u00a0versi\u00f3n respaldada por el Departamento de Seguridad Nacional (DHS), que asegur\u00f3 que estaba armado y se hab\u00eda\u00a0\u201cresistido violentamente\u201d. Sin embargo, un video del incidente contradice esa narrativa, al mostrar que los disparos ocurrieron cuando el hombre ya estaba en el suelo y sin moverse. El fallecimiento de Pretti se suma al de\u00a0Renee Good, tambi\u00e9n estadounidense de 37 a\u00f1os, abatida el 7 de enero dentro de su autom\u00f3vil por disparos de un agente del\u00a0Servicio de Inmigraci\u00f3n y Control de Aduanas (ICE). Ambos casos han convertido a Mine\u00e1polis en un s\u00edmbolo de los excesos atribuidos a las fuerzas federales. Las protestas por las redadas de ICE se extendieron desde Mine\u00e1polis hasta\u00a0Nueva York\u00a0y\u00a0Los \u00c1ngeles.\u00a0La tensi\u00f3n aument\u00f3 a\u00fan m\u00e1s con la\u00a0reciente detenci\u00f3n de Liam Conejo de cinco a\u00f1os y su padre ecuatoriano, en un nuevo episodio que reaviv\u00f3 el debate sobre los\u00a0excesos del ICE\u00a0y la\u00a0crisis migratoria en Estados Unidos. Fuente: Vistazo<\/p>\n","protected":false},"author":1,"featured_media":28986,"comment_status":"closed","ping_status":"closed","sticky":false,"template":"","format":"standard","meta":{"footnotes":""},"categories":[268],"tags":[],"class_list":["post-28985","post","type-post","status-publish","format-standard","has-post-thumbnail","hentry","category-nacionales"],"_links":{"self":[{"href":"https:\/\/www.elamazonico.com\/portal\/wp-json\/wp\/v2\/posts\/28985","targetHints":{"allow":["GET"]}}],"collection":[{"href":"https:\/\/www.elamazonico.com\/portal\/wp-json\/wp\/v2\/posts"}],"about":[{"href":"https:\/\/www.elamazonico.com\/portal\/wp-json\/wp\/v2\/types\/post"}],"author":[{"embeddable":true,"href":"https:\/\/www.elamazonico.com\/portal\/wp-json\/wp\/v2\/users\/1"}],"replies":[{"embeddable":true,"href":"https:\/\/www.elamazonico.com\/portal\/wp-json\/wp\/v2\/comments?post=28985"}],"version-history":[{"count":1,"href":"https:\/\/www.elamazonico.com\/portal\/wp-json\/wp\/v2\/posts\/28985\/revisions"}],"predecessor-version":[{"id":28987,"href":"https:\/\/www.elamazonico.com\/portal\/wp-json\/wp\/v2\/posts\/28985\/revisions\/28987"}],"wp:featuredmedia":[{"embeddable":true,"href":"https:\/\/www.elamazonico.com\/portal\/wp-json\/wp\/v2\/media\/28986"}],"wp:attachment":[{"href":"https:\/\/www.elamazonico.com\/portal\/wp-json\/wp\/v2\/media?parent=28985"}],"wp:term":[{"taxonomy":"category","embeddable":true,"href":"https:\/\/www.elamazonico.com\/portal\/wp-json\/wp\/v2\/categories?post=28985"},{"taxonomy":"post_tag","embeddable":true,"href":"https:\/\/www.elamazonico.com\/portal\/wp-json\/wp\/v2\/tags?post=28985"}],"curies":[{"name":"wp","href":"https:\/\/api.w.org\/{rel}","templated":true}]}}