{"id":28977,"date":"2026-01-23T15:24:22","date_gmt":"2026-01-23T20:24:22","guid":{"rendered":"https:\/\/www.elamazonico.com\/portal\/?p=28977"},"modified":"2026-01-23T15:24:22","modified_gmt":"2026-01-23T20:24:22","slug":"crece-el-malestar-ciudadano-por-la-venta-de-un-bien-municipal-sin-consenso-comunitario","status":"publish","type":"post","link":"https:\/\/www.elamazonico.com\/portal\/crece-el-malestar-ciudadano-por-la-venta-de-un-bien-municipal-sin-consenso-comunitario\/","title":{"rendered":"Crece el malestar ciudadano por la venta de un bien municipal sin consenso comunitario"},"content":{"rendered":"<p data-start=\"294\" data-end=\"681\">En una entrevista concedida al medio digital K<strong data-start=\"356\" data-end=\"368\">alle TV<\/strong>, el concejal del cant\u00f3n Nangaritza, <strong data-start=\"405\" data-end=\"422\">Germ\u00e1n Torres<\/strong>, realiz\u00f3 un pronunciamiento p\u00fablico con el objetivo de <strong data-start=\"478\" data-end=\"574\">aclarar su posici\u00f3n frente a la venta, mediante remate, de un terreno de propiedad municipal<\/strong>, tema que ha generado preocupaci\u00f3n y debate ciudadano tras la difusi\u00f3n de varios videos en redes sociales.<\/p>\n<p data-start=\"683\" data-end=\"1057\">Durante su intervenci\u00f3n, Torres inici\u00f3 con un saludo a la ciudadan\u00eda del cant\u00f3n Nangaritza y explic\u00f3 su postura, se\u00f1alando que <strong data-start=\"860\" data-end=\"915\">siempre se mantuvo en contra de la venta del predio<\/strong>, decisi\u00f3n que \u2014seg\u00fan indic\u00f3\u2014 no cont\u00f3 con un proceso adecuado de socializaci\u00f3n con la comunidad del barrio <strong data-start=\"1023\" data-end=\"1039\">Los Geranios<\/strong>, parroquia Zurmi.<\/p>\n<p data-start=\"1059\" data-end=\"1513\">El concejal record\u00f3 que el terreno en cuesti\u00f3n fue <strong data-start=\"1110\" data-end=\"1138\">adquirido en el a\u00f1o 2001<\/strong>, durante la administraci\u00f3n del exalcalde <strong data-start=\"1180\" data-end=\"1196\">Modesto Vega<\/strong>, con un objetivo claramente definido: <strong data-start=\"1235\" data-end=\"1286\">servir como parte del plan ambiental del cant\u00f3n<\/strong>, considerando el crecimiento poblacional y las futuras necesidades territoriales. \u201cEse terreno fue comprado pensando en el manejo ambiental de la zona; hoy, con el crecimiento del cant\u00f3n, su importancia es a\u00fan mayor\u201d, sostuvo.<\/p>\n<p data-start=\"1515\" data-end=\"1885\">Torres explic\u00f3 que el conflicto administrativo se origina tras la presentaci\u00f3n de documentaci\u00f3n por parte del concesionario <strong data-start=\"1639\" data-end=\"1658\">Richard S. Rice<\/strong>, solicitando permisos de servidumbre ante la <strong data-start=\"1704\" data-end=\"1754\">Agencia de Regulaci\u00f3n y Control Minero (ARCOM)<\/strong>, lo que habr\u00eda desencadenado una serie de decisiones administrativas que derivaron en la determinaci\u00f3n de vender el bien inmueble.<\/p>\n<p data-start=\"1887\" data-end=\"2248\">En ese contexto, reconoci\u00f3 que si bien el tema fue tratado en el seno del Concejo Municipal, <strong data-start=\"1980\" data-end=\"2069\">nunca se realiz\u00f3 una socializaci\u00f3n directa con los habitantes del barrio Los Geranios<\/strong>, pese a que varios concejales \u2014incluido \u00e9l\u2014 solicitaron expresamente que se convoque a la comunidad. \u201cEse es el origen del malestar ciudadano; la gente no fue escuchada\u201d, afirm\u00f3.<\/p>\n<p data-start=\"2250\" data-end=\"2662\">El edil manifest\u00f3 su desacuerdo con los argumentos t\u00e9cnicos que justifican la venta del terreno, se\u00f1alando que <strong data-start=\"2361\" data-end=\"2429\">exist\u00edan alternativas legales e institucionales para conservarlo<\/strong>, en beneficio de las generaciones futuras. A\u00f1adi\u00f3 que, como Gobierno Aut\u00f3nomo Descentralizado, el Municipio ten\u00eda la facultad de <strong data-start=\"2559\" data-end=\"2595\">defender ese espacio estrat\u00e9gico<\/strong>, especialmente frente a procesos vinculados a actividades mineras.<\/p>\n<p data-start=\"2664\" data-end=\"3004\">Asimismo, Torres inform\u00f3 que present\u00f3 formalmente una <strong data-start=\"2718\" data-end=\"2742\">propuesta al alcalde<\/strong>, planteando la convocatoria al barrio Los Geranios y la realizaci\u00f3n de gestiones directas en Zamora ante la ARCOM, con el fin de hacer escuchar la voz del territorio. \u201cNo se trata solo de vender o no vender, sino de defender los intereses del pueblo\u201d, enfatiz\u00f3.<\/p>\n<p data-start=\"3006\" data-end=\"3489\">En relaci\u00f3n con el destino de los recursos econ\u00f3micos provenientes del remate, el concejal se\u00f1al\u00f3 que <strong data-start=\"3108\" data-end=\"3144\">no existe una aclaraci\u00f3n oficial<\/strong> que confirme que dichos fondos ser\u00e1n utilizados para la construcci\u00f3n de la <strong data-start=\"3220\" data-end=\"3245\">Casa del Adulto Mayor<\/strong>, como se ha mencionado en redes sociales. Precis\u00f3 que, para ese proyecto, ya se hab\u00eda destinado un presupuesto aproximado de <strong data-start=\"3371\" data-end=\"3404\">60 mil d\u00f3lares en el a\u00f1o 2024<\/strong>, por lo que cuestion\u00f3 la falta de transparencia sobre el uso de los nuevos recursos.<\/p>\n<p data-start=\"3491\" data-end=\"3810\">Finalmente, Germ\u00e1n Torres reiter\u00f3 su compromiso con la ciudadan\u00eda y con una gesti\u00f3n p\u00fablica basada en la <strong data-start=\"3596\" data-end=\"3669\">participaci\u00f3n, la transparencia y la defensa del patrimonio municipal<\/strong>, subrayando que el ejercicio del poder local debe responder a las verdaderas necesidades del pueblo y no a decisiones adoptadas sin di\u00e1logo.<\/p>\n","protected":false},"excerpt":{"rendered":"<p>En una entrevista concedida al medio digital Kalle TV, el concejal del cant\u00f3n Nangaritza, Germ\u00e1n Torres, realiz\u00f3 un pronunciamiento p\u00fablico con el objetivo de aclarar su posici\u00f3n frente a la venta, mediante remate, de un terreno de propiedad municipal, tema que ha generado preocupaci\u00f3n y debate ciudadano tras la difusi\u00f3n de varios videos en redes sociales. Durante su intervenci\u00f3n, Torres inici\u00f3 con un saludo a la ciudadan\u00eda del cant\u00f3n Nangaritza y explic\u00f3 su postura, se\u00f1alando que siempre se mantuvo en contra de la venta del predio, decisi\u00f3n que \u2014seg\u00fan indic\u00f3\u2014 no cont\u00f3 con un proceso adecuado de socializaci\u00f3n con la comunidad del barrio Los Geranios, parroquia Zurmi. El concejal record\u00f3 que el terreno en cuesti\u00f3n fue adquirido en el a\u00f1o 2001, durante la administraci\u00f3n del exalcalde Modesto Vega, con un objetivo claramente definido: servir como parte del plan ambiental del cant\u00f3n, considerando el crecimiento poblacional y las futuras necesidades territoriales. \u201cEse terreno fue comprado pensando en el manejo ambiental de la zona; hoy, con el crecimiento del cant\u00f3n, su importancia es a\u00fan mayor\u201d, sostuvo. Torres explic\u00f3 que el conflicto administrativo se origina tras la presentaci\u00f3n de documentaci\u00f3n por parte del concesionario Richard S. Rice, solicitando permisos de servidumbre ante la Agencia de Regulaci\u00f3n y Control Minero (ARCOM), lo que habr\u00eda desencadenado una serie de decisiones administrativas que derivaron en la determinaci\u00f3n de vender el bien inmueble. En ese contexto, reconoci\u00f3 que si bien el tema fue tratado en el seno del Concejo Municipal, nunca se realiz\u00f3 una socializaci\u00f3n directa con los habitantes del barrio Los Geranios, pese a que varios concejales \u2014incluido \u00e9l\u2014 solicitaron expresamente que se convoque a la comunidad. \u201cEse es el origen del malestar ciudadano; la gente no fue escuchada\u201d, afirm\u00f3. El edil manifest\u00f3 su desacuerdo con los argumentos t\u00e9cnicos que justifican la venta del terreno, se\u00f1alando que exist\u00edan alternativas legales e institucionales para conservarlo, en beneficio de las generaciones futuras. A\u00f1adi\u00f3 que, como Gobierno Aut\u00f3nomo Descentralizado, el Municipio ten\u00eda la facultad de defender ese espacio estrat\u00e9gico, especialmente frente a procesos vinculados a actividades mineras. Asimismo, Torres inform\u00f3 que present\u00f3 formalmente una propuesta al alcalde, planteando la convocatoria al barrio Los Geranios y la realizaci\u00f3n de gestiones directas en Zamora ante la ARCOM, con el fin de hacer escuchar la voz del territorio. \u201cNo se trata solo de vender o no vender, sino de defender los intereses del pueblo\u201d, enfatiz\u00f3. En relaci\u00f3n con el destino de los recursos econ\u00f3micos provenientes del remate, el concejal se\u00f1al\u00f3 que no existe una aclaraci\u00f3n oficial que confirme que dichos fondos ser\u00e1n utilizados para la construcci\u00f3n de la Casa del Adulto Mayor, como se ha mencionado en redes sociales. Precis\u00f3 que, para ese proyecto, ya se hab\u00eda destinado un presupuesto aproximado de 60 mil d\u00f3lares en el a\u00f1o 2024, por lo que cuestion\u00f3 la falta de transparencia sobre el uso de los nuevos recursos. Finalmente, Germ\u00e1n Torres reiter\u00f3 su compromiso con la ciudadan\u00eda y con una gesti\u00f3n p\u00fablica basada en la participaci\u00f3n, la transparencia y la defensa del patrimonio municipal, subrayando que el ejercicio del poder local debe responder a las verdaderas necesidades del pueblo y no a decisiones adoptadas sin di\u00e1logo.<\/p>\n","protected":false},"author":1,"featured_media":28978,"comment_status":"closed","ping_status":"closed","sticky":false,"template":"","format":"standard","meta":{"footnotes":""},"categories":[243],"tags":[],"class_list":["post-28977","post","type-post","status-publish","format-standard","has-post-thumbnail","hentry","category-noticias-zamora"],"_links":{"self":[{"href":"https:\/\/www.elamazonico.com\/portal\/wp-json\/wp\/v2\/posts\/28977","targetHints":{"allow":["GET"]}}],"collection":[{"href":"https:\/\/www.elamazonico.com\/portal\/wp-json\/wp\/v2\/posts"}],"about":[{"href":"https:\/\/www.elamazonico.com\/portal\/wp-json\/wp\/v2\/types\/post"}],"author":[{"embeddable":true,"href":"https:\/\/www.elamazonico.com\/portal\/wp-json\/wp\/v2\/users\/1"}],"replies":[{"embeddable":true,"href":"https:\/\/www.elamazonico.com\/portal\/wp-json\/wp\/v2\/comments?post=28977"}],"version-history":[{"count":1,"href":"https:\/\/www.elamazonico.com\/portal\/wp-json\/wp\/v2\/posts\/28977\/revisions"}],"predecessor-version":[{"id":28979,"href":"https:\/\/www.elamazonico.com\/portal\/wp-json\/wp\/v2\/posts\/28977\/revisions\/28979"}],"wp:featuredmedia":[{"embeddable":true,"href":"https:\/\/www.elamazonico.com\/portal\/wp-json\/wp\/v2\/media\/28978"}],"wp:attachment":[{"href":"https:\/\/www.elamazonico.com\/portal\/wp-json\/wp\/v2\/media?parent=28977"}],"wp:term":[{"taxonomy":"category","embeddable":true,"href":"https:\/\/www.elamazonico.com\/portal\/wp-json\/wp\/v2\/categories?post=28977"},{"taxonomy":"post_tag","embeddable":true,"href":"https:\/\/www.elamazonico.com\/portal\/wp-json\/wp\/v2\/tags?post=28977"}],"curies":[{"name":"wp","href":"https:\/\/api.w.org\/{rel}","templated":true}]}}