{"id":28974,"date":"2026-01-23T14:52:36","date_gmt":"2026-01-23T19:52:36","guid":{"rendered":"https:\/\/www.elamazonico.com\/portal\/?p=28974"},"modified":"2026-01-23T14:52:36","modified_gmt":"2026-01-23T19:52:36","slug":"dirigencia-barrial-acusa-al-municipio-de-nangaritza-de-decidir-a-puertas-cerradas","status":"publish","type":"post","link":"https:\/\/www.elamazonico.com\/portal\/dirigencia-barrial-acusa-al-municipio-de-nangaritza-de-decidir-a-puertas-cerradas\/","title":{"rendered":"Dirigencia barrial acusa al Municipio de Nangaritza de decidir \u201ca puertas cerradas\u201d"},"content":{"rendered":"<p data-start=\"292\" data-end=\"705\">En un pronunciamiento p\u00fablico realizado este d\u00eda en la plataforma digital de Kalle tv, <strong data-start=\"368\" data-end=\"385\">Manuel Medina<\/strong>, presidente del barrio <strong data-start=\"409\" data-end=\"425\">Los Geranios<\/strong>, se refiri\u00f3 a la controversia generada en torno a la <strong data-start=\"479\" data-end=\"544\">venta, mediante subasta, de un terreno de propiedad municipal<\/strong>, asegurando que dicho proceso <strong data-start=\"575\" data-end=\"636\">no fue socializado con la comunidad ni con sus dirigentes<\/strong>, pese a los reiterados intentos de di\u00e1logo realizados por el barrio.<\/p>\n<p data-start=\"707\" data-end=\"1014\">Durante la entrevista, Medina inici\u00f3 con un saludo a la ciudadan\u00eda del cant\u00f3n Nangaritza y, de manera especial, a los habitantes de Los Geranios, se\u00f1alando que su intervenci\u00f3n responde a la necesidad de <strong data-start=\"910\" data-end=\"963\">aclarar informaci\u00f3n que circula en redes sociales<\/strong> respecto al proceso de venta del predio municipal.<\/p>\n<p data-start=\"1016\" data-end=\"1365\">El dirigente barrial confirm\u00f3 que <strong data-start=\"1050\" data-end=\"1122\">la subasta del terreno efectivamente se ejecuta en la presente fecha<\/strong>, aproximadamente a las 10h00, y precis\u00f3 que, si bien existen versiones que cuestionan la inacci\u00f3n de autoridades y dirigentes, <strong data-start=\"1250\" data-end=\"1329\">el barrio ha realizado todas las gestiones posibles para evitar dicha venta<\/strong>, sin obtener resultados favorables.<\/p>\n<p data-start=\"1367\" data-end=\"1710\">En ese contexto, destac\u00f3 que <strong data-start=\"1396\" data-end=\"1475\">dos concejales del cant\u00f3n han respaldado la postura del barrio Los Geranios<\/strong>, manifest\u00e1ndose en contra de la enajenaci\u00f3n del bien, mientras que el alcalde y otros tres concejales habr\u00edan aprobado el proceso. \u201cHemos removido hasta lo \u00faltimo que hemos podido, pero no se ha logrado detener esta decisi\u00f3n\u201d, afirm\u00f3.<\/p>\n<p data-start=\"1712\" data-end=\"2158\">Medina fue enf\u00e1tico al se\u00f1alar que <strong data-start=\"1747\" data-end=\"1799\">nunca existi\u00f3 un proceso de socializaci\u00f3n formal<\/strong> con los comuneros, aspecto que, a su criterio, constituye una grave falencia en la gesti\u00f3n p\u00fablica. Indic\u00f3 que, como comunidad, esperaban al menos un espacio de di\u00e1logo que permitiera evaluar alternativas, como la <strong data-start=\"2014\" data-end=\"2121\">entrega del terreno al barrio, su venta directa a la comunidad o el desarrollo de proyectos productivos<\/strong> que beneficien a la poblaci\u00f3n local.<\/p>\n<p data-start=\"2160\" data-end=\"2473\">\u201cEl proceso se ha llevado a puertas cerradas. Nunca se nos convoc\u00f3 para informarnos ni para buscar acuerdos\u201d, sostuvo el presidente barrial, quien agradeci\u00f3 p\u00fablicamente a los concejales Germ\u00e1n Torres y Santos Jim\u00e9nez por respaldar los intereses del barrio y mantener una postura alineada con la voluntad popular.<\/p>\n<p data-start=\"2475\" data-end=\"2812\">Asimismo, inform\u00f3 que el barrio present\u00f3 un escrito ante la <strong data-start=\"2535\" data-end=\"2560\">Defensor\u00eda del Pueblo<\/strong>, solicitando una <strong data-start=\"2578\" data-end=\"2602\">acci\u00f3n de protecci\u00f3n<\/strong>, la cual no fue admitida; sin embargo, asegur\u00f3 que la comunidad <strong data-start=\"2667\" data-end=\"2695\">no desistir\u00e1 de su lucha<\/strong> y continuar\u00e1 exigiendo respeto, transparencia y participaci\u00f3n ciudadana en las decisiones que afectan al territorio.<\/p>\n<p data-start=\"2814\" data-end=\"3180\">Finalmente, Manuel Medina hizo un llamado directo a las autoridades municipales para que <strong data-start=\"2903\" data-end=\"2957\">recuerden el mandato popular que les fue conferido<\/strong>, subrayando que el ejercicio del poder p\u00fablico implica di\u00e1logo, respeto y responsabilidad con la ciudadan\u00eda. \u201cNo se los eligi\u00f3 para tomar decisiones a espaldas del pueblo, sino para gestionar obras y desarrollo\u201d, concluy\u00f3.<\/p>\n","protected":false},"excerpt":{"rendered":"<p>En un pronunciamiento p\u00fablico realizado este d\u00eda en la plataforma digital de Kalle tv, Manuel Medina, presidente del barrio Los Geranios, se refiri\u00f3 a la controversia generada en torno a la venta, mediante subasta, de un terreno de propiedad municipal, asegurando que dicho proceso no fue socializado con la comunidad ni con sus dirigentes, pese a los reiterados intentos de di\u00e1logo realizados por el barrio. Durante la entrevista, Medina inici\u00f3 con un saludo a la ciudadan\u00eda del cant\u00f3n Nangaritza y, de manera especial, a los habitantes de Los Geranios, se\u00f1alando que su intervenci\u00f3n responde a la necesidad de aclarar informaci\u00f3n que circula en redes sociales respecto al proceso de venta del predio municipal. El dirigente barrial confirm\u00f3 que la subasta del terreno efectivamente se ejecuta en la presente fecha, aproximadamente a las 10h00, y precis\u00f3 que, si bien existen versiones que cuestionan la inacci\u00f3n de autoridades y dirigentes, el barrio ha realizado todas las gestiones posibles para evitar dicha venta, sin obtener resultados favorables. En ese contexto, destac\u00f3 que dos concejales del cant\u00f3n han respaldado la postura del barrio Los Geranios, manifest\u00e1ndose en contra de la enajenaci\u00f3n del bien, mientras que el alcalde y otros tres concejales habr\u00edan aprobado el proceso. \u201cHemos removido hasta lo \u00faltimo que hemos podido, pero no se ha logrado detener esta decisi\u00f3n\u201d, afirm\u00f3. Medina fue enf\u00e1tico al se\u00f1alar que nunca existi\u00f3 un proceso de socializaci\u00f3n formal con los comuneros, aspecto que, a su criterio, constituye una grave falencia en la gesti\u00f3n p\u00fablica. Indic\u00f3 que, como comunidad, esperaban al menos un espacio de di\u00e1logo que permitiera evaluar alternativas, como la entrega del terreno al barrio, su venta directa a la comunidad o el desarrollo de proyectos productivos que beneficien a la poblaci\u00f3n local. \u201cEl proceso se ha llevado a puertas cerradas. Nunca se nos convoc\u00f3 para informarnos ni para buscar acuerdos\u201d, sostuvo el presidente barrial, quien agradeci\u00f3 p\u00fablicamente a los concejales Germ\u00e1n Torres y Santos Jim\u00e9nez por respaldar los intereses del barrio y mantener una postura alineada con la voluntad popular. Asimismo, inform\u00f3 que el barrio present\u00f3 un escrito ante la Defensor\u00eda del Pueblo, solicitando una acci\u00f3n de protecci\u00f3n, la cual no fue admitida; sin embargo, asegur\u00f3 que la comunidad no desistir\u00e1 de su lucha y continuar\u00e1 exigiendo respeto, transparencia y participaci\u00f3n ciudadana en las decisiones que afectan al territorio. Finalmente, Manuel Medina hizo un llamado directo a las autoridades municipales para que recuerden el mandato popular que les fue conferido, subrayando que el ejercicio del poder p\u00fablico implica di\u00e1logo, respeto y responsabilidad con la ciudadan\u00eda. \u201cNo se los eligi\u00f3 para tomar decisiones a espaldas del pueblo, sino para gestionar obras y desarrollo\u201d, concluy\u00f3.<\/p>\n","protected":false},"author":1,"featured_media":28975,"comment_status":"closed","ping_status":"closed","sticky":false,"template":"","format":"standard","meta":{"footnotes":""},"categories":[243],"tags":[],"class_list":["post-28974","post","type-post","status-publish","format-standard","has-post-thumbnail","hentry","category-noticias-zamora"],"_links":{"self":[{"href":"https:\/\/www.elamazonico.com\/portal\/wp-json\/wp\/v2\/posts\/28974","targetHints":{"allow":["GET"]}}],"collection":[{"href":"https:\/\/www.elamazonico.com\/portal\/wp-json\/wp\/v2\/posts"}],"about":[{"href":"https:\/\/www.elamazonico.com\/portal\/wp-json\/wp\/v2\/types\/post"}],"author":[{"embeddable":true,"href":"https:\/\/www.elamazonico.com\/portal\/wp-json\/wp\/v2\/users\/1"}],"replies":[{"embeddable":true,"href":"https:\/\/www.elamazonico.com\/portal\/wp-json\/wp\/v2\/comments?post=28974"}],"version-history":[{"count":1,"href":"https:\/\/www.elamazonico.com\/portal\/wp-json\/wp\/v2\/posts\/28974\/revisions"}],"predecessor-version":[{"id":28976,"href":"https:\/\/www.elamazonico.com\/portal\/wp-json\/wp\/v2\/posts\/28974\/revisions\/28976"}],"wp:featuredmedia":[{"embeddable":true,"href":"https:\/\/www.elamazonico.com\/portal\/wp-json\/wp\/v2\/media\/28975"}],"wp:attachment":[{"href":"https:\/\/www.elamazonico.com\/portal\/wp-json\/wp\/v2\/media?parent=28974"}],"wp:term":[{"taxonomy":"category","embeddable":true,"href":"https:\/\/www.elamazonico.com\/portal\/wp-json\/wp\/v2\/categories?post=28974"},{"taxonomy":"post_tag","embeddable":true,"href":"https:\/\/www.elamazonico.com\/portal\/wp-json\/wp\/v2\/tags?post=28974"}],"curies":[{"name":"wp","href":"https:\/\/api.w.org\/{rel}","templated":true}]}}