{"id":28960,"date":"2026-01-23T10:40:08","date_gmt":"2026-01-23T15:40:08","guid":{"rendered":"https:\/\/www.elamazonico.com\/portal\/?p=28960"},"modified":"2026-01-23T10:40:08","modified_gmt":"2026-01-23T15:40:08","slug":"guerra-comercial-ecuador-acepta-reunion-con-colombia-para-tratar-los-aranceles","status":"publish","type":"post","link":"https:\/\/www.elamazonico.com\/portal\/guerra-comercial-ecuador-acepta-reunion-con-colombia-para-tratar-los-aranceles\/","title":{"rendered":"Guerra comercial | Ecuador acepta reuni\u00f3n con Colombia para tratar los aranceles"},"content":{"rendered":"<p>El Gobierno de Ecuador est\u00e1 dispuesto a mantener una reuni\u00f3n con Colombia para tratar la imposici\u00f3n de aranceles, que desat\u00f3 una guerra comercial entre los dos pa\u00edses.<\/p>\n<p>Colombia hab\u00eda realizado una propuesta a Ecuador para mantener una reuni\u00f3n bilateral el 25 de enero. La canciller Gabriela Sommerfeld, quien se encuentra en B\u00e9lgica junto al presidente Daniel Noboa, indic\u00f3 que ese d\u00eda no es posible el encuentro porque hay otras actividades previstas.<\/p>\n<p>As\u00ed se desgast\u00f3 la relaci\u00f3n entre Petro y Noboa, que deriva en una guerra comercial entre Ecuador y Colombia<br \/>\n\u00abEcuador ha hecho una contrapropuesta de fechas para la siguiente semana, para mantener di\u00e1logos\u00bb, dijo la canciller a medios ecuatorianos, durante una actividad en el Parlamento Europeo, en Bruselas.<\/p>\n<p>Pero Sommerfeld recalc\u00f3 que en ese encuentro\u00a0Ecuador insistir\u00e1 en su postura sobre la seguridad fronteriza.<\/p>\n<p>Ecuador y Colombia atraviesan una crisis comercial que inici\u00f3 cuando el presidente Daniel Noboa anaunci\u00f3 la imposici\u00f3n de una tasa de seguridad o arancel del 30% a las importaciones del pa\u00eds vecino.<\/p>\n<p>Seg\u00fan el presidente Noboa, la medida se toma \u00abante la falta de reciprocidad y acciones firmes\u00bb de Colombia en la lucha contra el narcotr\u00e1fico. Pero Colombia defiende que s\u00ed existe una cooperaci\u00f3n entre los dos pa\u00edes y enlist\u00f3 una serie de acciones que se han realizado en conjunto, incluyendo el operativo que permiti\u00f3 la captura de alias &#8216;Fede&#8217;, cabecilla de Los \u00c1guilas. <strong>Fuente: Vistazo<\/strong><\/p>\n","protected":false},"excerpt":{"rendered":"<p>El Gobierno de Ecuador est\u00e1 dispuesto a mantener una reuni\u00f3n con Colombia para tratar la imposici\u00f3n de aranceles, que desat\u00f3 una guerra comercial entre los dos pa\u00edses. Colombia hab\u00eda realizado una propuesta a Ecuador para mantener una reuni\u00f3n bilateral el 25 de enero. La canciller Gabriela Sommerfeld, quien se encuentra en B\u00e9lgica junto al presidente Daniel Noboa, indic\u00f3 que ese d\u00eda no es posible el encuentro porque hay otras actividades previstas. As\u00ed se desgast\u00f3 la relaci\u00f3n entre Petro y Noboa, que deriva en una guerra comercial entre Ecuador y Colombia \u00abEcuador ha hecho una contrapropuesta de fechas para la siguiente semana, para mantener di\u00e1logos\u00bb, dijo la canciller a medios ecuatorianos, durante una actividad en el Parlamento Europeo, en Bruselas. Pero Sommerfeld recalc\u00f3 que en ese encuentro\u00a0Ecuador insistir\u00e1 en su postura sobre la seguridad fronteriza. Ecuador y Colombia atraviesan una crisis comercial que inici\u00f3 cuando el presidente Daniel Noboa anaunci\u00f3 la imposici\u00f3n de una tasa de seguridad o arancel del 30% a las importaciones del pa\u00eds vecino. Seg\u00fan el presidente Noboa, la medida se toma \u00abante la falta de reciprocidad y acciones firmes\u00bb de Colombia en la lucha contra el narcotr\u00e1fico. Pero Colombia defiende que s\u00ed existe una cooperaci\u00f3n entre los dos pa\u00edes y enlist\u00f3 una serie de acciones que se han realizado en conjunto, incluyendo el operativo que permiti\u00f3 la captura de alias &#8216;Fede&#8217;, cabecilla de Los \u00c1guilas. Fuente: Vistazo<\/p>\n","protected":false},"author":1,"featured_media":28961,"comment_status":"closed","ping_status":"closed","sticky":false,"template":"","format":"standard","meta":{"footnotes":""},"categories":[268],"tags":[],"class_list":["post-28960","post","type-post","status-publish","format-standard","has-post-thumbnail","hentry","category-nacionales"],"_links":{"self":[{"href":"https:\/\/www.elamazonico.com\/portal\/wp-json\/wp\/v2\/posts\/28960","targetHints":{"allow":["GET"]}}],"collection":[{"href":"https:\/\/www.elamazonico.com\/portal\/wp-json\/wp\/v2\/posts"}],"about":[{"href":"https:\/\/www.elamazonico.com\/portal\/wp-json\/wp\/v2\/types\/post"}],"author":[{"embeddable":true,"href":"https:\/\/www.elamazonico.com\/portal\/wp-json\/wp\/v2\/users\/1"}],"replies":[{"embeddable":true,"href":"https:\/\/www.elamazonico.com\/portal\/wp-json\/wp\/v2\/comments?post=28960"}],"version-history":[{"count":1,"href":"https:\/\/www.elamazonico.com\/portal\/wp-json\/wp\/v2\/posts\/28960\/revisions"}],"predecessor-version":[{"id":28962,"href":"https:\/\/www.elamazonico.com\/portal\/wp-json\/wp\/v2\/posts\/28960\/revisions\/28962"}],"wp:featuredmedia":[{"embeddable":true,"href":"https:\/\/www.elamazonico.com\/portal\/wp-json\/wp\/v2\/media\/28961"}],"wp:attachment":[{"href":"https:\/\/www.elamazonico.com\/portal\/wp-json\/wp\/v2\/media?parent=28960"}],"wp:term":[{"taxonomy":"category","embeddable":true,"href":"https:\/\/www.elamazonico.com\/portal\/wp-json\/wp\/v2\/categories?post=28960"},{"taxonomy":"post_tag","embeddable":true,"href":"https:\/\/www.elamazonico.com\/portal\/wp-json\/wp\/v2\/tags?post=28960"}],"curies":[{"name":"wp","href":"https:\/\/api.w.org\/{rel}","templated":true}]}}