{"id":28956,"date":"2026-01-23T06:24:17","date_gmt":"2026-01-23T11:24:17","guid":{"rendered":"https:\/\/www.elamazonico.com\/portal\/?p=28956"},"modified":"2026-01-23T06:24:17","modified_gmt":"2026-01-23T11:24:17","slug":"modesto-vega-retorna-a-la-politica-y-plantea-una-agenda-integral-para-el-desarrollo-de-zamora-chinchipe","status":"publish","type":"post","link":"https:\/\/www.elamazonico.com\/portal\/modesto-vega-retorna-a-la-politica-y-plantea-una-agenda-integral-para-el-desarrollo-de-zamora-chinchipe\/","title":{"rendered":"Modesto Vega retorna a la pol\u00edtica y plantea una agenda integral para el desarrollo de Zamora Chinchipe"},"content":{"rendered":"<p>En el espacio de entrevistas del Diario El Amaz\u00f3nico, Modesto Vega, exalcalde del cant\u00f3n Nangaritza, expuso las razones que lo han llevado a reconsiderar su participaci\u00f3n en la vida pol\u00edtica provincial, as\u00ed como su visi\u00f3n cr\u00edtica sobre la actual coyuntura nacional y los principales desaf\u00edos estructurales que enfrenta la provincia de Zamora Chinchipe.<\/p>\n<p>Durante el di\u00e1logo, Vega se\u00f1al\u00f3 que, si bien en un inicio hab\u00eda decidido mantenerse al margen de la arena pol\u00edtica por convicci\u00f3n en la alternancia democr\u00e1tica y la existencia de cuadros t\u00e9cnicos capacitados en la provincia, la realidad actual lo ha llevado a replantear esa decisi\u00f3n. A su criterio, uno de los principales problemas del territorio es la falta de vocaci\u00f3n pol\u00edtica y de servicio p\u00fablico, pese a la existencia de profesionales con alta preparaci\u00f3n acad\u00e9mica.<\/p>\n<p>En este contexto, sostuvo que para quienes poseen una trayectoria p\u00fablica y una vocaci\u00f3n de servicio, participar activamente se convierte en una obligaci\u00f3n moral, especialmente frente a lo que calific\u00f3 como un escenario de abandono institucional, debilitamiento del Estado y falta de sensibilidad del gobierno central ante las realidades sociales, econ\u00f3micas y productivas del pa\u00eds y de la Amazon\u00eda.<\/p>\n<p><strong>Energ\u00eda, gesti\u00f3n estatal y relaciones internacionales<\/strong><\/p>\n<p>El exalcalde expres\u00f3 preocupaci\u00f3n por la pol\u00edtica energ\u00e9tica nacional, particularmente por la falta de inversi\u00f3n en hidroel\u00e9ctricas y termoel\u00e9ctricas, lo que mantiene al pa\u00eds en una situaci\u00f3n de vulnerabilidad frente a los estiajes que, hist\u00f3ricamente, se presentan a partir del mes de mayo. En ese sentido, cuestion\u00f3 decisiones gubernamentales que, seg\u00fan indic\u00f3, han afectado la cooperaci\u00f3n energ\u00e9tica con pa\u00edses vecinos, como Colombia, poniendo en riesgo el abastecimiento el\u00e9ctrico nacional.<\/p>\n<p><strong>Retorno pol\u00edtico y respaldo partidario<\/strong><\/p>\n<p>Vega explic\u00f3 que su eventual retorno a la pol\u00edtica se da desde la gratitud y lealtad hacia el Movimiento de Acci\u00f3n y Servicio M\u00c1S, organizaci\u00f3n que respald\u00f3 sus anteriores candidaturas a la Alcald\u00eda de Nangaritza y con la cual ejecut\u00f3 obras que, seg\u00fan afirm\u00f3, permanecen al servicio de la ciudadan\u00eda. Indic\u00f3 que cuenta con el respaldo de la dirigencia de este movimiento para una precandidatura, as\u00ed como con el apoyo de la Revoluci\u00f3n Ciudadana, sin descartar futuras alianzas con otros movimientos y partidos pol\u00edticos.<\/p>\n<p>Aclar\u00f3 que su participaci\u00f3n a\u00fan no ha sido oficialmente lanzada y que esta depender\u00e1 del an\u00e1lisis del posicionamiento ciudadano y del surgimiento de otras figuras con capacidades suficientes para liderar un proyecto provincial.<\/p>\n<p><strong>Gesti\u00f3n p\u00fablica, obras y experiencia administrativa<\/strong><\/p>\n<p>Durante la entrevista, record\u00f3 el apoyo recibido por parte del gobierno de la Revoluci\u00f3n Ciudadana durante su gesti\u00f3n como alcalde, destacando obras estrat\u00e9gicas como el inicio de la v\u00eda Zumbi\u2013Dorado\u2013Paquisha\u2013Guayzimi, infraestructura deportiva como el estadio de Guayzimi, y mejoras en el \u00e1mbito educativo, incluyendo la implementaci\u00f3n de la Unidad del Milenio, que fortaleci\u00f3 el acceso a educaci\u00f3n de calidad en el cant\u00f3n.<\/p>\n<p><strong>Agro, miner\u00eda y desarrollo sostenible<\/strong><\/p>\n<p>Vega identific\u00f3 como ejes prioritarios para Zamora Chinchipe el sector agropecuario, la vialidad y la miner\u00eda. Se\u00f1al\u00f3 que la provincia requiere con urgencia programas de drenaje en las cuencas bajas de los r\u00edos para fortalecer la ganader\u00eda y la agricultura, as\u00ed como el fortalecimiento de AGROZACHIN EP mediante mayor asistencia t\u00e9cnica, dotaci\u00f3n de semillas certificadas y articulaci\u00f3n con instituciones como el INIAP.<\/p>\n<p>En cuanto a la miner\u00eda, reconoci\u00f3 que esta constituye la base de la econom\u00eda provincial, pero enfatiz\u00f3 la necesidad de una miner\u00eda regulada, legal y ambientalmente responsable. Record\u00f3 que, seg\u00fan datos del Ministerio de Finanzas, en 2025 la miner\u00eda legal gener\u00f3 m\u00e1s de 4.000 millones de d\u00f3lares, de los cuales el 5 % corresponde a las provincias, y el 60 % de ese porcentaje deber\u00eda beneficiar directamente a Zamora Chinchipe. Sin embargo, sostuvo que estos recursos no retornan de manera efectiva al territorio por falta de gesti\u00f3n y presi\u00f3n pol\u00edtica.<\/p>\n<p>Plante\u00f3 la conformaci\u00f3n de una comisi\u00f3n t\u00e9cnica-jur\u00eddica, liderada por el Consejo Provincial, para dar seguimiento a la legalizaci\u00f3n minera, la recuperaci\u00f3n de riberas, la reforestaci\u00f3n con especies nativas y la protecci\u00f3n de infraestructura p\u00fablica, como puentes y v\u00edas afectadas por actividades extractivas no reguladas.<\/p>\n<p><strong>Vialidad, institucionalidad y fortalecimiento del Estado<\/strong><\/p>\n<p>El exalcalde cuestion\u00f3 la falta de desconcentraci\u00f3n de los frentes viales y propuso que cada cant\u00f3n cuente con un frente propio para garantizar el mantenimiento permanente de la red vial. Asimismo, plante\u00f3 la necesidad de repotenciar Vialzachin E.P., mejorar su planificaci\u00f3n administrativa y reubicar sus instalaciones para evitar riesgos por inundaciones y actividades mineras cercanas.<\/p>\n<p>Finalmente, subray\u00f3 la importancia de fortalecer la institucionalidad, el rol del CONGOPE, la unidad entre gobiernos provinciales y municipales, y el respeto a la legalidad como mecanismos para exigir al Estado central la transferencia oportuna de recursos que, por ley, pertenecen a la provincia.<\/p>\n<p><strong>Apertura a la prensa y participaci\u00f3n ciudadana<\/strong><\/p>\n<p>Vega destac\u00f3 el papel fundamental de la prensa independiente y objetiva como un pilar de la democracia y afirm\u00f3 que, de llegar a ejercer una nueva responsabilidad p\u00fablica, mantendr\u00eda una relaci\u00f3n abierta y transparente con los medios de comunicaci\u00f3n y la ciudadan\u00eda.<\/p>\n<p>Concluy\u00f3 se\u00f1alando que Zamora Chinchipe enfrenta desaf\u00edos urgentes en materia productiva, econ\u00f3mica y social, y que solo mediante decisi\u00f3n pol\u00edtica, planificaci\u00f3n t\u00e9cnica y unidad provincial ser\u00e1 posible garantizar un desarrollo sostenible para las futuras generaciones.<\/p>\n","protected":false},"excerpt":{"rendered":"<p>En el espacio de entrevistas del Diario El Amaz\u00f3nico, Modesto Vega, exalcalde del cant\u00f3n Nangaritza, expuso las razones que lo han llevado a reconsiderar su participaci\u00f3n en la vida pol\u00edtica provincial, as\u00ed como su visi\u00f3n cr\u00edtica sobre la actual coyuntura nacional y los principales desaf\u00edos estructurales que enfrenta la provincia de Zamora Chinchipe. Durante el di\u00e1logo, Vega se\u00f1al\u00f3 que, si bien en un inicio hab\u00eda decidido mantenerse al margen de la arena pol\u00edtica por convicci\u00f3n en la alternancia democr\u00e1tica y la existencia de cuadros t\u00e9cnicos capacitados en la provincia, la realidad actual lo ha llevado a replantear esa decisi\u00f3n. A su criterio, uno de los principales problemas del territorio es la falta de vocaci\u00f3n pol\u00edtica y de servicio p\u00fablico, pese a la existencia de profesionales con alta preparaci\u00f3n acad\u00e9mica. En este contexto, sostuvo que para quienes poseen una trayectoria p\u00fablica y una vocaci\u00f3n de servicio, participar activamente se convierte en una obligaci\u00f3n moral, especialmente frente a lo que calific\u00f3 como un escenario de abandono institucional, debilitamiento del Estado y falta de sensibilidad del gobierno central ante las realidades sociales, econ\u00f3micas y productivas del pa\u00eds y de la Amazon\u00eda. Energ\u00eda, gesti\u00f3n estatal y relaciones internacionales El exalcalde expres\u00f3 preocupaci\u00f3n por la pol\u00edtica energ\u00e9tica nacional, particularmente por la falta de inversi\u00f3n en hidroel\u00e9ctricas y termoel\u00e9ctricas, lo que mantiene al pa\u00eds en una situaci\u00f3n de vulnerabilidad frente a los estiajes que, hist\u00f3ricamente, se presentan a partir del mes de mayo. En ese sentido, cuestion\u00f3 decisiones gubernamentales que, seg\u00fan indic\u00f3, han afectado la cooperaci\u00f3n energ\u00e9tica con pa\u00edses vecinos, como Colombia, poniendo en riesgo el abastecimiento el\u00e9ctrico nacional. Retorno pol\u00edtico y respaldo partidario Vega explic\u00f3 que su eventual retorno a la pol\u00edtica se da desde la gratitud y lealtad hacia el Movimiento de Acci\u00f3n y Servicio M\u00c1S, organizaci\u00f3n que respald\u00f3 sus anteriores candidaturas a la Alcald\u00eda de Nangaritza y con la cual ejecut\u00f3 obras que, seg\u00fan afirm\u00f3, permanecen al servicio de la ciudadan\u00eda. Indic\u00f3 que cuenta con el respaldo de la dirigencia de este movimiento para una precandidatura, as\u00ed como con el apoyo de la Revoluci\u00f3n Ciudadana, sin descartar futuras alianzas con otros movimientos y partidos pol\u00edticos. Aclar\u00f3 que su participaci\u00f3n a\u00fan no ha sido oficialmente lanzada y que esta depender\u00e1 del an\u00e1lisis del posicionamiento ciudadano y del surgimiento de otras figuras con capacidades suficientes para liderar un proyecto provincial. Gesti\u00f3n p\u00fablica, obras y experiencia administrativa Durante la entrevista, record\u00f3 el apoyo recibido por parte del gobierno de la Revoluci\u00f3n Ciudadana durante su gesti\u00f3n como alcalde, destacando obras estrat\u00e9gicas como el inicio de la v\u00eda Zumbi\u2013Dorado\u2013Paquisha\u2013Guayzimi, infraestructura deportiva como el estadio de Guayzimi, y mejoras en el \u00e1mbito educativo, incluyendo la implementaci\u00f3n de la Unidad del Milenio, que fortaleci\u00f3 el acceso a educaci\u00f3n de calidad en el cant\u00f3n. Agro, miner\u00eda y desarrollo sostenible Vega identific\u00f3 como ejes prioritarios para Zamora Chinchipe el sector agropecuario, la vialidad y la miner\u00eda. Se\u00f1al\u00f3 que la provincia requiere con urgencia programas de drenaje en las cuencas bajas de los r\u00edos para fortalecer la ganader\u00eda y la agricultura, as\u00ed como el fortalecimiento de AGROZACHIN EP mediante mayor asistencia t\u00e9cnica, dotaci\u00f3n de semillas certificadas y articulaci\u00f3n con instituciones como el INIAP. En cuanto a la miner\u00eda, reconoci\u00f3 que esta constituye la base de la econom\u00eda provincial, pero enfatiz\u00f3 la necesidad de una miner\u00eda regulada, legal y ambientalmente responsable. Record\u00f3 que, seg\u00fan datos del Ministerio de Finanzas, en 2025 la miner\u00eda legal gener\u00f3 m\u00e1s de 4.000 millones de d\u00f3lares, de los cuales el 5 % corresponde a las provincias, y el 60 % de ese porcentaje deber\u00eda beneficiar directamente a Zamora Chinchipe. Sin embargo, sostuvo que estos recursos no retornan de manera efectiva al territorio por falta de gesti\u00f3n y presi\u00f3n pol\u00edtica. Plante\u00f3 la conformaci\u00f3n de una comisi\u00f3n t\u00e9cnica-jur\u00eddica, liderada por el Consejo Provincial, para dar seguimiento a la legalizaci\u00f3n minera, la recuperaci\u00f3n de riberas, la reforestaci\u00f3n con especies nativas y la protecci\u00f3n de infraestructura p\u00fablica, como puentes y v\u00edas afectadas por actividades extractivas no reguladas. Vialidad, institucionalidad y fortalecimiento del Estado El exalcalde cuestion\u00f3 la falta de desconcentraci\u00f3n de los frentes viales y propuso que cada cant\u00f3n cuente con un frente propio para garantizar el mantenimiento permanente de la red vial. Asimismo, plante\u00f3 la necesidad de repotenciar Vialzachin E.P., mejorar su planificaci\u00f3n administrativa y reubicar sus instalaciones para evitar riesgos por inundaciones y actividades mineras cercanas. Finalmente, subray\u00f3 la importancia de fortalecer la institucionalidad, el rol del CONGOPE, la unidad entre gobiernos provinciales y municipales, y el respeto a la legalidad como mecanismos para exigir al Estado central la transferencia oportuna de recursos que, por ley, pertenecen a la provincia. Apertura a la prensa y participaci\u00f3n ciudadana Vega destac\u00f3 el papel fundamental de la prensa independiente y objetiva como un pilar de la democracia y afirm\u00f3 que, de llegar a ejercer una nueva responsabilidad p\u00fablica, mantendr\u00eda una relaci\u00f3n abierta y transparente con los medios de comunicaci\u00f3n y la ciudadan\u00eda. Concluy\u00f3 se\u00f1alando que Zamora Chinchipe enfrenta desaf\u00edos urgentes en materia productiva, econ\u00f3mica y social, y que solo mediante decisi\u00f3n pol\u00edtica, planificaci\u00f3n t\u00e9cnica y unidad provincial ser\u00e1 posible garantizar un desarrollo sostenible para las futuras generaciones.<\/p>\n","protected":false},"author":1,"featured_media":28957,"comment_status":"closed","ping_status":"closed","sticky":false,"template":"","format":"standard","meta":{"footnotes":""},"categories":[243],"tags":[],"class_list":["post-28956","post","type-post","status-publish","format-standard","has-post-thumbnail","hentry","category-noticias-zamora"],"_links":{"self":[{"href":"https:\/\/www.elamazonico.com\/portal\/wp-json\/wp\/v2\/posts\/28956","targetHints":{"allow":["GET"]}}],"collection":[{"href":"https:\/\/www.elamazonico.com\/portal\/wp-json\/wp\/v2\/posts"}],"about":[{"href":"https:\/\/www.elamazonico.com\/portal\/wp-json\/wp\/v2\/types\/post"}],"author":[{"embeddable":true,"href":"https:\/\/www.elamazonico.com\/portal\/wp-json\/wp\/v2\/users\/1"}],"replies":[{"embeddable":true,"href":"https:\/\/www.elamazonico.com\/portal\/wp-json\/wp\/v2\/comments?post=28956"}],"version-history":[{"count":1,"href":"https:\/\/www.elamazonico.com\/portal\/wp-json\/wp\/v2\/posts\/28956\/revisions"}],"predecessor-version":[{"id":28958,"href":"https:\/\/www.elamazonico.com\/portal\/wp-json\/wp\/v2\/posts\/28956\/revisions\/28958"}],"wp:featuredmedia":[{"embeddable":true,"href":"https:\/\/www.elamazonico.com\/portal\/wp-json\/wp\/v2\/media\/28957"}],"wp:attachment":[{"href":"https:\/\/www.elamazonico.com\/portal\/wp-json\/wp\/v2\/media?parent=28956"}],"wp:term":[{"taxonomy":"category","embeddable":true,"href":"https:\/\/www.elamazonico.com\/portal\/wp-json\/wp\/v2\/categories?post=28956"},{"taxonomy":"post_tag","embeddable":true,"href":"https:\/\/www.elamazonico.com\/portal\/wp-json\/wp\/v2\/tags?post=28956"}],"curies":[{"name":"wp","href":"https:\/\/api.w.org\/{rel}","templated":true}]}}