{"id":28953,"date":"2026-01-23T06:02:02","date_gmt":"2026-01-23T11:02:02","guid":{"rendered":"https:\/\/www.elamazonico.com\/portal\/?p=28953"},"modified":"2026-01-23T06:02:02","modified_gmt":"2026-01-23T11:02:02","slug":"colombia-suspende-la-venta-de-energia-electrica-a-ecuador-tras-el-anuncio-de-aranceles-del-30","status":"publish","type":"post","link":"https:\/\/www.elamazonico.com\/portal\/colombia-suspende-la-venta-de-energia-electrica-a-ecuador-tras-el-anuncio-de-aranceles-del-30\/","title":{"rendered":"Colombia suspende la venta de energ\u00eda el\u00e9ctrica a Ecuador tras el anuncio de aranceles del 30%"},"content":{"rendered":"<p>En medio de la tensi\u00f3n por el arancel del 30% que impuso el Gobierno de Ecuador a Colombia, el pa\u00eds vecino anunci\u00f3 este 22 de enero de 2026 la suspensi\u00f3n indefinida de la venta de energ\u00eda el\u00e9ctrica.<\/p>\n<p>&nbsp;<\/p>\n<p>El Ministerio de Minas y Energ\u00eda de Colombia expidi\u00f3 una resoluci\u00f3n para suspender las Transacciones Internacionales de Electricidad (TIE) con Ecuador \u00abcomo una medida preventiva orientada a proteger la soberan\u00eda y la seguridad energ\u00e9tica del pa\u00eds\u00bb.<\/p>\n<p>\u00bfCu\u00e1nto depende Ecuador de la electricidad de Colombia y qu\u00e9 pasar\u00e1 tras el golpe arancelario?<br \/>\nLa Cartera de Estado colombiana asegura que la medida se da \u00aben un contexto marcado por la variabilidad clim\u00e1tica y las alertas tempranas sobre una posible transici\u00f3n hacia un nuevo Fen\u00f3meno de El Ni\u00f1o\u00bb.<\/p>\n<p>\u201cCuando se restablezcan las condiciones de seguridad energ\u00e9tica y se reconstruya un marco de confianza y buena fe entre ambos pa\u00edses, Colombia estar\u00e1 dispuesta a retomar los intercambios el\u00e9ctricos\u00bb, dijo el ministro de Energ\u00eda de ese pa\u00eds, Edwin Palma.<\/p>\n<p>Adem\u00e1s, el funcionario reiter\u00f3 su rechazo \u00aba\u00a0las medidas unilaterales impuestas por el gobierno del pa\u00eds vecino y confiamos en que las v\u00edas diplom\u00e1ticas y el di\u00e1logo franco permitan superar r\u00e1pidamente las diferencias entre dos pueblos hermanos\u00bb.<\/p>\n<p>Ecuador se expone a guerra comercial con Colombia y a una demanda en la CAN por nuevo arancel, dicen empresarios<br \/>\nEste 22 de enero, Colombia tambi\u00e9n anunci\u00f3 la imposici\u00f3n de un gravamen o arancel del 30% a un grupo de productos ecuatorianos, como \u00abrespuesta a la alteraci\u00f3n de las condiciones del comercio bilateral\u00bb, seg\u00fan un comunicado del Ministerio de Comercio de ese pa\u00eds.<\/p>\n<p>La Canciller\u00eda de Colombia rechaz\u00f3 la tasa de seguridad anunciada por el presidente Daniel Noboa. Adem\u00e1s, hizo \u00abun contundente llamado al Gobierno del Ecuador a desistir de la referida medida\u00bb.<\/p>\n<p>Adem\u00e1s, expres\u00f3 \u00absu plena disposici\u00f3n para abordar esta situaci\u00f3n a trav\u00e9s de un di\u00e1logo bilateral y constructivo que d\u00e9 lugar a una resoluci\u00f3n amistosa\u00bb. <strong>Fuente: Vistazo<\/strong><\/p>\n","protected":false},"excerpt":{"rendered":"<p>En medio de la tensi\u00f3n por el arancel del 30% que impuso el Gobierno de Ecuador a Colombia, el pa\u00eds vecino anunci\u00f3 este 22 de enero de 2026 la suspensi\u00f3n indefinida de la venta de energ\u00eda el\u00e9ctrica. &nbsp; El Ministerio de Minas y Energ\u00eda de Colombia expidi\u00f3 una resoluci\u00f3n para suspender las Transacciones Internacionales de Electricidad (TIE) con Ecuador \u00abcomo una medida preventiva orientada a proteger la soberan\u00eda y la seguridad energ\u00e9tica del pa\u00eds\u00bb. \u00bfCu\u00e1nto depende Ecuador de la electricidad de Colombia y qu\u00e9 pasar\u00e1 tras el golpe arancelario? La Cartera de Estado colombiana asegura que la medida se da \u00aben un contexto marcado por la variabilidad clim\u00e1tica y las alertas tempranas sobre una posible transici\u00f3n hacia un nuevo Fen\u00f3meno de El Ni\u00f1o\u00bb. \u201cCuando se restablezcan las condiciones de seguridad energ\u00e9tica y se reconstruya un marco de confianza y buena fe entre ambos pa\u00edses, Colombia estar\u00e1 dispuesta a retomar los intercambios el\u00e9ctricos\u00bb, dijo el ministro de Energ\u00eda de ese pa\u00eds, Edwin Palma. Adem\u00e1s, el funcionario reiter\u00f3 su rechazo \u00aba\u00a0las medidas unilaterales impuestas por el gobierno del pa\u00eds vecino y confiamos en que las v\u00edas diplom\u00e1ticas y el di\u00e1logo franco permitan superar r\u00e1pidamente las diferencias entre dos pueblos hermanos\u00bb. Ecuador se expone a guerra comercial con Colombia y a una demanda en la CAN por nuevo arancel, dicen empresarios Este 22 de enero, Colombia tambi\u00e9n anunci\u00f3 la imposici\u00f3n de un gravamen o arancel del 30% a un grupo de productos ecuatorianos, como \u00abrespuesta a la alteraci\u00f3n de las condiciones del comercio bilateral\u00bb, seg\u00fan un comunicado del Ministerio de Comercio de ese pa\u00eds. La Canciller\u00eda de Colombia rechaz\u00f3 la tasa de seguridad anunciada por el presidente Daniel Noboa. Adem\u00e1s, hizo \u00abun contundente llamado al Gobierno del Ecuador a desistir de la referida medida\u00bb. Adem\u00e1s, expres\u00f3 \u00absu plena disposici\u00f3n para abordar esta situaci\u00f3n a trav\u00e9s de un di\u00e1logo bilateral y constructivo que d\u00e9 lugar a una resoluci\u00f3n amistosa\u00bb. Fuente: Vistazo<\/p>\n","protected":false},"author":1,"featured_media":28954,"comment_status":"closed","ping_status":"closed","sticky":false,"template":"","format":"standard","meta":{"footnotes":""},"categories":[268],"tags":[],"class_list":["post-28953","post","type-post","status-publish","format-standard","has-post-thumbnail","hentry","category-nacionales"],"_links":{"self":[{"href":"https:\/\/www.elamazonico.com\/portal\/wp-json\/wp\/v2\/posts\/28953","targetHints":{"allow":["GET"]}}],"collection":[{"href":"https:\/\/www.elamazonico.com\/portal\/wp-json\/wp\/v2\/posts"}],"about":[{"href":"https:\/\/www.elamazonico.com\/portal\/wp-json\/wp\/v2\/types\/post"}],"author":[{"embeddable":true,"href":"https:\/\/www.elamazonico.com\/portal\/wp-json\/wp\/v2\/users\/1"}],"replies":[{"embeddable":true,"href":"https:\/\/www.elamazonico.com\/portal\/wp-json\/wp\/v2\/comments?post=28953"}],"version-history":[{"count":1,"href":"https:\/\/www.elamazonico.com\/portal\/wp-json\/wp\/v2\/posts\/28953\/revisions"}],"predecessor-version":[{"id":28955,"href":"https:\/\/www.elamazonico.com\/portal\/wp-json\/wp\/v2\/posts\/28953\/revisions\/28955"}],"wp:featuredmedia":[{"embeddable":true,"href":"https:\/\/www.elamazonico.com\/portal\/wp-json\/wp\/v2\/media\/28954"}],"wp:attachment":[{"href":"https:\/\/www.elamazonico.com\/portal\/wp-json\/wp\/v2\/media?parent=28953"}],"wp:term":[{"taxonomy":"category","embeddable":true,"href":"https:\/\/www.elamazonico.com\/portal\/wp-json\/wp\/v2\/categories?post=28953"},{"taxonomy":"post_tag","embeddable":true,"href":"https:\/\/www.elamazonico.com\/portal\/wp-json\/wp\/v2\/tags?post=28953"}],"curies":[{"name":"wp","href":"https:\/\/api.w.org\/{rel}","templated":true}]}}