{"id":28947,"date":"2026-01-22T11:54:32","date_gmt":"2026-01-22T16:54:32","guid":{"rendered":"https:\/\/www.elamazonico.com\/portal\/?p=28947"},"modified":"2026-01-22T11:54:32","modified_gmt":"2026-01-22T16:54:32","slug":"colombia-suspende-venta-de-electricidad-a-ecuador-tras-la-imposicion-de-aranceles-de-daniel-noboa","status":"publish","type":"post","link":"https:\/\/www.elamazonico.com\/portal\/colombia-suspende-venta-de-electricidad-a-ecuador-tras-la-imposicion-de-aranceles-de-daniel-noboa\/","title":{"rendered":"Colombia suspende venta de electricidad a Ecuador tras la imposici\u00f3n de aranceles de Daniel Noboa"},"content":{"rendered":"<div class=\"paragraph texto\">\n<p class=\"p_0\"><b>Colombia<\/b>\u00a0suspendi\u00f3 este jueves la venta de\u00a0<b>energ\u00eda<\/b>\u00a0<b>el\u00e9ctrica<\/b>\u00a0a\u00a0<b>Ecuador<\/b>\u00a0para dar prioridad a su \u00absoberan\u00eda energ\u00e9tica\u00bb, luego de que el presidente\u00a0<b><a href=\"https:\/\/www.vistazo.com\/cronologia\/-\/meta\/daniel-noboa\" target=\"_blank\" rel=\"noopener noreferrer\">Daniel Noboa<\/a><\/b>\u00a0impusiera un\u00a0<b>arancel<\/b>\u00a0del 30 % a los productos colombianos por una supuesta falta de cooperaci\u00f3n del Gobierno de\u00a0<b>Gustavo Petro<\/b>\u00a0en el combate contra el crimen organizado.<\/p>\n<p class=\"p_2\">El\u00a0<b>Ministerio de Minas y Energ\u00eda<\/b>\u00a0expidi\u00f3 una resoluci\u00f3n \u00abmediante la cual se suspenden las Transacciones Internacionales de Electricidad (TIE) entre Colombia y Ecuador, como una medida preventiva orientada a\u00a0<u>proteger la soberan\u00eda y la seguridad energ\u00e9tica<\/u>\u00a0del pa\u00eds, en un contexto marcado por la variabilidad clim\u00e1tica y las alertas tempranas sobre una posible transici\u00f3n hacia un nuevo fen\u00f3meno de El Ni\u00f1o\u00bb.<\/p>\n<p class=\"p_3\">\u00abSeguimos creyendo en la integraci\u00f3n energ\u00e9tica y en el di\u00e1logo entre pueblos hermanos. Sin embargo,\u00a0<u>las condiciones actuales, tanto energ\u00e9ticas como comerciales, no permiten mantener las transacciones internacionales de electricidad<\/u>\u00a0sin poner en riesgo el abastecimiento nacional\u00bb, manifest\u00f3 en un comunicado el ministro de Minas y Energ\u00eda, Edwin Palma.<\/p>\n<div class=\"Center2Display\">\n<div id=\"Center2\" data-google-query-id=\"CJrMoYbOn5IDFYotHAAdTyEERg\">\n<div id=\"google_ads_iframe_\/21839199781\/Vistazo\/Vistazo_Center2_0__container__\">Los dos pa\u00edses tienen una <b>interconexi\u00f3n el\u00e9ctrica<\/b>\u00a0con capacidad de 400 kilovatios, y durante la crisis energ\u00e9tica que vivi\u00f3 Ecuador por la sequ\u00eda entre 2023 y 2024, Colombia duplic\u00f3 sus env\u00edos de electricidad a ese pa\u00eds para ayudar a mitigar los\u00a0<b>apagones<\/b>\u00a0diarios.<\/div>\n<\/div>\n<\/div>\n<p class=\"p_5\">Seg\u00fan el Ministerio de Minas y Energ\u00eda, la decisi\u00f3n de suspender la venta de electricidad a Ecuador \u00abbusca garantizar el abastecimiento interno ante la variabilidad clim\u00e1tica y la proyecci\u00f3n de disminuci\u00f3n de energ\u00eda firme en el Sistema Interconectado Nacional\u00bb.<\/p>\n<p class=\"p_6\">\u00abEl deber del Estado es garantizar, ante todo, que los hogares, la industria y los servicios esenciales de Colombia cuenten con energ\u00eda segura y confiable.\u00a0<u>Esta es una decisi\u00f3n responsable, preventiva y soberana<\/u>\u00ab, subray\u00f3 el ministro.<\/p>\n<p class=\"p_7\"><strong>Aranceles de Daniel Noboa<\/strong><\/p>\n<\/div>\n<div class=\"paragraph texto\">\n<p class=\"p_8\">Pese a que el comunicado no menciona directamente el sorpresivo anuncio hecho este mi\u00e9rcoles por\u00a0<b>Noboa<\/b>, la decisi\u00f3n de suspender las ventas de electricidad se produce un despu\u00e9s de la imposici\u00f3n arancelaria.<\/p>\n<p class=\"p_9\">El presidente Noboa dijo ayer que se aplicar\u00e1 \u00abuna\u00a0<b>tasa de seguridad<\/b>\u00a0del 30 % a las importaciones provenientes de Colombia\u00bb por \u00abla falta de reciprocidad y acciones firmes\u00bb por parte de este pa\u00eds en la lucha contra el narcotr\u00e1fico.<\/p>\n<p class=\"p_10\">\u00abHemos hecho esfuerzos reales de cooperaci\u00f3n con Colombia, incluso con un\u00a0<b>d\u00e9ficit<\/b>\u00a0<b>comercial<\/b>\u00a0que supera los 1.000 millones de d\u00f3lares anuales. Pero mientras hemos insistido en el di\u00e1logo, nuestros militares siguen enfrentando a grupos criminales atados al\u00a0<b>narcotr\u00e1fico<\/b>\u00a0en la frontera sin cooperaci\u00f3n alguna\u00bb, se\u00f1al\u00f3 Noboa en su cuenta de la red social X.<\/p>\n<p class=\"p_11\">El mandatario agreg\u00f3 que, \u00abpor eso, ante la\u00a0<u>falta de reciprocidad y acciones firmes<\/u>, el Ecuador aplicar\u00e1 una tasa de seguridad del 30 % a las importaciones provenientes de Colombia desde el primero de febrero\u00bb.<\/p>\n<p class=\"p_12\">El ministro colombiano de Minas y Energ\u00eda, al conocer ayer la decisi\u00f3n de Noboa, la tach\u00f3 de \u00ab<b>agresi\u00f3n econ\u00f3mica<\/b>\u00ab.<\/p>\n<p class=\"p_13\">\u00abCuando se restablezcan las condiciones de seguridad energ\u00e9tica y se reconstruya un marco de confianza y buena fe entre ambos pa\u00edses, Colombia estar\u00e1 dispuesta a retomar los intercambios el\u00e9ctricos. La integraci\u00f3n no puede construirse a costa de la soberan\u00eda ni del bienestar de nuestro pueblo\u00bb, concluy\u00f3 hoy el ministro colombiano.<\/p>\n<p class=\"p_14\">Horas antes de ordenar la suspensi\u00f3n de las ventas de energ\u00eda, la ministra colombiana de Comercio, Industria y Turismo de Colombia, Diana Marcela Morales, anunci\u00f3 que, en\u00a0<b>reciprocidad<\/b>\u00a0a la decisi\u00f3n de Noboa, se aplicar\u00e1 un\u00a0<b>gravamen del 30 %<\/b> a la importaci\u00f3n de 20 productos provenientes de Ecuador. <strong>Fuente: Vistazo<\/strong><\/p>\n<\/div>\n","protected":false},"excerpt":{"rendered":"<p>Colombia\u00a0suspendi\u00f3 este jueves la venta de\u00a0energ\u00eda\u00a0el\u00e9ctrica\u00a0a\u00a0Ecuador\u00a0para dar prioridad a su \u00absoberan\u00eda energ\u00e9tica\u00bb, luego de que el presidente\u00a0Daniel Noboa\u00a0impusiera un\u00a0arancel\u00a0del 30 % a los productos colombianos por una supuesta falta de cooperaci\u00f3n del Gobierno de\u00a0Gustavo Petro\u00a0en el combate contra el crimen organizado. El\u00a0Ministerio de Minas y Energ\u00eda\u00a0expidi\u00f3 una resoluci\u00f3n \u00abmediante la cual se suspenden las Transacciones Internacionales de Electricidad (TIE) entre Colombia y Ecuador, como una medida preventiva orientada a\u00a0proteger la soberan\u00eda y la seguridad energ\u00e9tica\u00a0del pa\u00eds, en un contexto marcado por la variabilidad clim\u00e1tica y las alertas tempranas sobre una posible transici\u00f3n hacia un nuevo fen\u00f3meno de El Ni\u00f1o\u00bb. \u00abSeguimos creyendo en la integraci\u00f3n energ\u00e9tica y en el di\u00e1logo entre pueblos hermanos. Sin embargo,\u00a0las condiciones actuales, tanto energ\u00e9ticas como comerciales, no permiten mantener las transacciones internacionales de electricidad\u00a0sin poner en riesgo el abastecimiento nacional\u00bb, manifest\u00f3 en un comunicado el ministro de Minas y Energ\u00eda, Edwin Palma. Los dos pa\u00edses tienen una interconexi\u00f3n el\u00e9ctrica\u00a0con capacidad de 400 kilovatios, y durante la crisis energ\u00e9tica que vivi\u00f3 Ecuador por la sequ\u00eda entre 2023 y 2024, Colombia duplic\u00f3 sus env\u00edos de electricidad a ese pa\u00eds para ayudar a mitigar los\u00a0apagones\u00a0diarios. Seg\u00fan el Ministerio de Minas y Energ\u00eda, la decisi\u00f3n de suspender la venta de electricidad a Ecuador \u00abbusca garantizar el abastecimiento interno ante la variabilidad clim\u00e1tica y la proyecci\u00f3n de disminuci\u00f3n de energ\u00eda firme en el Sistema Interconectado Nacional\u00bb. \u00abEl deber del Estado es garantizar, ante todo, que los hogares, la industria y los servicios esenciales de Colombia cuenten con energ\u00eda segura y confiable.\u00a0Esta es una decisi\u00f3n responsable, preventiva y soberana\u00ab, subray\u00f3 el ministro. Aranceles de Daniel Noboa Pese a que el comunicado no menciona directamente el sorpresivo anuncio hecho este mi\u00e9rcoles por\u00a0Noboa, la decisi\u00f3n de suspender las ventas de electricidad se produce un despu\u00e9s de la imposici\u00f3n arancelaria. El presidente Noboa dijo ayer que se aplicar\u00e1 \u00abuna\u00a0tasa de seguridad\u00a0del 30 % a las importaciones provenientes de Colombia\u00bb por \u00abla falta de reciprocidad y acciones firmes\u00bb por parte de este pa\u00eds en la lucha contra el narcotr\u00e1fico. \u00abHemos hecho esfuerzos reales de cooperaci\u00f3n con Colombia, incluso con un\u00a0d\u00e9ficit\u00a0comercial\u00a0que supera los 1.000 millones de d\u00f3lares anuales. Pero mientras hemos insistido en el di\u00e1logo, nuestros militares siguen enfrentando a grupos criminales atados al\u00a0narcotr\u00e1fico\u00a0en la frontera sin cooperaci\u00f3n alguna\u00bb, se\u00f1al\u00f3 Noboa en su cuenta de la red social X. El mandatario agreg\u00f3 que, \u00abpor eso, ante la\u00a0falta de reciprocidad y acciones firmes, el Ecuador aplicar\u00e1 una tasa de seguridad del 30 % a las importaciones provenientes de Colombia desde el primero de febrero\u00bb. El ministro colombiano de Minas y Energ\u00eda, al conocer ayer la decisi\u00f3n de Noboa, la tach\u00f3 de \u00abagresi\u00f3n econ\u00f3mica\u00ab. \u00abCuando se restablezcan las condiciones de seguridad energ\u00e9tica y se reconstruya un marco de confianza y buena fe entre ambos pa\u00edses, Colombia estar\u00e1 dispuesta a retomar los intercambios el\u00e9ctricos. La integraci\u00f3n no puede construirse a costa de la soberan\u00eda ni del bienestar de nuestro pueblo\u00bb, concluy\u00f3 hoy el ministro colombiano. Horas antes de ordenar la suspensi\u00f3n de las ventas de energ\u00eda, la ministra colombiana de Comercio, Industria y Turismo de Colombia, Diana Marcela Morales, anunci\u00f3 que, en\u00a0reciprocidad\u00a0a la decisi\u00f3n de Noboa, se aplicar\u00e1 un\u00a0gravamen del 30 % a la importaci\u00f3n de 20 productos provenientes de Ecuador. Fuente: Vistazo<\/p>\n","protected":false},"author":1,"featured_media":28948,"comment_status":"closed","ping_status":"closed","sticky":false,"template":"","format":"standard","meta":{"footnotes":""},"categories":[268],"tags":[],"class_list":["post-28947","post","type-post","status-publish","format-standard","has-post-thumbnail","hentry","category-nacionales"],"_links":{"self":[{"href":"https:\/\/www.elamazonico.com\/portal\/wp-json\/wp\/v2\/posts\/28947","targetHints":{"allow":["GET"]}}],"collection":[{"href":"https:\/\/www.elamazonico.com\/portal\/wp-json\/wp\/v2\/posts"}],"about":[{"href":"https:\/\/www.elamazonico.com\/portal\/wp-json\/wp\/v2\/types\/post"}],"author":[{"embeddable":true,"href":"https:\/\/www.elamazonico.com\/portal\/wp-json\/wp\/v2\/users\/1"}],"replies":[{"embeddable":true,"href":"https:\/\/www.elamazonico.com\/portal\/wp-json\/wp\/v2\/comments?post=28947"}],"version-history":[{"count":1,"href":"https:\/\/www.elamazonico.com\/portal\/wp-json\/wp\/v2\/posts\/28947\/revisions"}],"predecessor-version":[{"id":28949,"href":"https:\/\/www.elamazonico.com\/portal\/wp-json\/wp\/v2\/posts\/28947\/revisions\/28949"}],"wp:featuredmedia":[{"embeddable":true,"href":"https:\/\/www.elamazonico.com\/portal\/wp-json\/wp\/v2\/media\/28948"}],"wp:attachment":[{"href":"https:\/\/www.elamazonico.com\/portal\/wp-json\/wp\/v2\/media?parent=28947"}],"wp:term":[{"taxonomy":"category","embeddable":true,"href":"https:\/\/www.elamazonico.com\/portal\/wp-json\/wp\/v2\/categories?post=28947"},{"taxonomy":"post_tag","embeddable":true,"href":"https:\/\/www.elamazonico.com\/portal\/wp-json\/wp\/v2\/tags?post=28947"}],"curies":[{"name":"wp","href":"https:\/\/api.w.org\/{rel}","templated":true}]}}