{"id":28944,"date":"2026-01-22T10:59:55","date_gmt":"2026-01-22T15:59:55","guid":{"rendered":"https:\/\/www.elamazonico.com\/portal\/?p=28944"},"modified":"2026-01-22T10:59:55","modified_gmt":"2026-01-22T15:59:55","slug":"ecuador-anuncia-alza-en-la-tarifa-de-transporte-del-crudo-colombiano-tras-escalada-por-aranceles-y-electricidad","status":"publish","type":"post","link":"https:\/\/www.elamazonico.com\/portal\/ecuador-anuncia-alza-en-la-tarifa-de-transporte-del-crudo-colombiano-tras-escalada-por-aranceles-y-electricidad\/","title":{"rendered":"Ecuador anuncia alza en la tarifa de transporte del crudo colombiano tras escalada por aranceles y electricidad"},"content":{"rendered":"<div class=\"paragraph texto\">\n<p class=\"p_0\">La ministra de Ambiente y Energ\u00eda,\u00a0<b>In\u00e9s Manzano<\/b>, anunci\u00f3 este jueves 22 de enero una nueva medida contra\u00a0<b>Colombia<\/b>, en medio de la escalada comercial derivada de la imposici\u00f3n unilateral de\u00a0<b>aranceles<\/b>\u00a0ordenada por el presidente\u00a0<b><a href=\"https:\/\/www.vistazo.com\/cronologia\/-\/meta\/daniel-noboa\" target=\"_blank\" rel=\"noopener noreferrer\">Daniel Noboa<\/a><\/b>, decisi\u00f3n que posteriormente recibi\u00f3 una respuesta del Gobierno de\u00a0<b>Gustavo Petro<\/b>.<\/p>\n<p class=\"p_2\">Manzano inform\u00f3 que habr\u00e1 una modificaci\u00f3n en la\u00a0<b>tarifa<\/b>\u00a0de transporte del crudo colombiano que pasa por el\u00a0<b>Oleoducto de Crudos Pesados<\/b>\u00a0(OCP).<\/p>\n<p class=\"p_3\">\u00ab<u>Ecuador prioriza su seguridad en fronteras, su balanza comercial, as\u00ed como su seguridad energ\u00e9tica<\/u>\u00ab, se\u00f1al\u00f3 la ministra a trav\u00e9s de su cuenta en la red social X.<\/p>\n<p class=\"p_4\">En respuesta, \u00abla tarifa de transporte del crudo colombiano por el OCP tendr\u00e1 la reciprocidad recibida en el caso de electricidad\u00bb.<\/p>\n<\/div>\n<h2 class=\"h2vistazo\">Escalada entre Ecuador y Colombia<\/h2>\n<div class=\"paragraph texto\">\n<p class=\"p_5\">El reciente anuncio se produce luego de que el Gobierno colombiano suspendiera la venta de\u00a0<b>energ\u00eda<\/b>\u00a0<b>el\u00e9ctrica<\/b>\u00a0a Ecuador para priorizar su \u201csoberan\u00eda energ\u00e9tica\u201d, como respuesta a la imposici\u00f3n de un arancel del 30 % a productos colombianos dispuesta por el presidente<b>\u00a0Noboa<\/b>, ante una supuesta falta de cooperaci\u00f3n del Gobierno de\u00a0<b>Gustavo Petro<\/b>\u00a0en el combate contra el crimen organizado.<\/p>\n<p class=\"p_7\">En respuesta, el\u00a0<b>Ministerio de Minas y Energ\u00eda<\/b>\u00a0de Colombia expidi\u00f3 una resoluci\u00f3n \u00abmediante la cual se\u00a0<b>suspenden<\/b>\u00a0las Transacciones Internacionales de Electricidad (TIE) entre Colombia y Ecuador, como una\u00a0<b>medida preventiva<\/b>\u00a0orientada a proteger la soberan\u00eda y la seguridad energ\u00e9tica del pa\u00eds, en un contexto marcado por la variabilidad clim\u00e1tica y las alertas tempranas sobre una posible transici\u00f3n hacia un nuevo fen\u00f3meno de El Ni\u00f1o\u00bb.<\/p>\n<p class=\"p_8\">\u00abSeguimos creyendo en la integraci\u00f3n energ\u00e9tica y en el di\u00e1logo entre pueblos hermanos.\u00a0<u>Sin embargo, las condiciones actuales, tanto energ\u00e9ticas como comerciales, no permiten mantener las transacciones internacionales de electricidad<\/u>\u00a0sin poner en riesgo el abastecimiento nacional\u00bb, manifest\u00f3 en un comunicado el ministro de Minas y Energ\u00eda, Edwin Palma.<\/p>\n<p class=\"p_9\">Los dos pa\u00edses tienen una\u00a0<b>interconexi\u00f3n el\u00e9ctrica<\/b>\u00a0con capacidad de 400 kilovatios, y durante la crisis energ\u00e9tica que vivi\u00f3 Ecuador por la sequ\u00eda entre 2023 y 2024, Colombia duplic\u00f3 sus env\u00edos de electricidad a ese pa\u00eds para ayudar a mitigar los\u00a0<b>apagones<\/b>\u00a0diarios.<\/p>\n<p class=\"p_10\">De forma paralela, el Gobierno colombiano tambi\u00e9n anunci\u00f3 la aplicaci\u00f3n de un gravamen del 30 % a las\u00a0<b>importaciones<\/b>\u00a0provenientes de\u00a0<b>Ecuador<\/b>.<\/p>\n<p class=\"p_11\">La medida afectar\u00e1 inicialmente a\u00a0<b>20 productos ecuatorianos<\/b>\u00a0y, seg\u00fan las autoridades de ese pa\u00eds, constituye una \u201crespuesta proporcional, transitoria y revisable\u201d frente a la alteraci\u00f3n de las condiciones del comercio bilateral. Colombia tambi\u00e9n\u00a0<b>advirti\u00f3<\/b>\u00a0que no descarta extender la restricci\u00f3n a un grupo m\u00e1s amplio de productos.<\/p>\n<p class=\"p_12\">No obstante, el Gobierno colombiano aclar\u00f3 que la aplicaci\u00f3n de estas medidas no implica renunciar al di\u00e1logo ni a la b\u00fasqueda de una soluci\u00f3n negociada, dentro de los canales diplom\u00e1ticos e institucionales establecidos entre ambos pa\u00edses. <strong>Fuente: Vistazo<\/strong><\/p>\n<\/div>\n","protected":false},"excerpt":{"rendered":"<p>La ministra de Ambiente y Energ\u00eda,\u00a0In\u00e9s Manzano, anunci\u00f3 este jueves 22 de enero una nueva medida contra\u00a0Colombia, en medio de la escalada comercial derivada de la imposici\u00f3n unilateral de\u00a0aranceles\u00a0ordenada por el presidente\u00a0Daniel Noboa, decisi\u00f3n que posteriormente recibi\u00f3 una respuesta del Gobierno de\u00a0Gustavo Petro. Manzano inform\u00f3 que habr\u00e1 una modificaci\u00f3n en la\u00a0tarifa\u00a0de transporte del crudo colombiano que pasa por el\u00a0Oleoducto de Crudos Pesados\u00a0(OCP). \u00abEcuador prioriza su seguridad en fronteras, su balanza comercial, as\u00ed como su seguridad energ\u00e9tica\u00ab, se\u00f1al\u00f3 la ministra a trav\u00e9s de su cuenta en la red social X. En respuesta, \u00abla tarifa de transporte del crudo colombiano por el OCP tendr\u00e1 la reciprocidad recibida en el caso de electricidad\u00bb. Escalada entre Ecuador y Colombia El reciente anuncio se produce luego de que el Gobierno colombiano suspendiera la venta de\u00a0energ\u00eda\u00a0el\u00e9ctrica\u00a0a Ecuador para priorizar su \u201csoberan\u00eda energ\u00e9tica\u201d, como respuesta a la imposici\u00f3n de un arancel del 30 % a productos colombianos dispuesta por el presidente\u00a0Noboa, ante una supuesta falta de cooperaci\u00f3n del Gobierno de\u00a0Gustavo Petro\u00a0en el combate contra el crimen organizado. En respuesta, el\u00a0Ministerio de Minas y Energ\u00eda\u00a0de Colombia expidi\u00f3 una resoluci\u00f3n \u00abmediante la cual se\u00a0suspenden\u00a0las Transacciones Internacionales de Electricidad (TIE) entre Colombia y Ecuador, como una\u00a0medida preventiva\u00a0orientada a proteger la soberan\u00eda y la seguridad energ\u00e9tica del pa\u00eds, en un contexto marcado por la variabilidad clim\u00e1tica y las alertas tempranas sobre una posible transici\u00f3n hacia un nuevo fen\u00f3meno de El Ni\u00f1o\u00bb. \u00abSeguimos creyendo en la integraci\u00f3n energ\u00e9tica y en el di\u00e1logo entre pueblos hermanos.\u00a0Sin embargo, las condiciones actuales, tanto energ\u00e9ticas como comerciales, no permiten mantener las transacciones internacionales de electricidad\u00a0sin poner en riesgo el abastecimiento nacional\u00bb, manifest\u00f3 en un comunicado el ministro de Minas y Energ\u00eda, Edwin Palma. Los dos pa\u00edses tienen una\u00a0interconexi\u00f3n el\u00e9ctrica\u00a0con capacidad de 400 kilovatios, y durante la crisis energ\u00e9tica que vivi\u00f3 Ecuador por la sequ\u00eda entre 2023 y 2024, Colombia duplic\u00f3 sus env\u00edos de electricidad a ese pa\u00eds para ayudar a mitigar los\u00a0apagones\u00a0diarios. De forma paralela, el Gobierno colombiano tambi\u00e9n anunci\u00f3 la aplicaci\u00f3n de un gravamen del 30 % a las\u00a0importaciones\u00a0provenientes de\u00a0Ecuador. La medida afectar\u00e1 inicialmente a\u00a020 productos ecuatorianos\u00a0y, seg\u00fan las autoridades de ese pa\u00eds, constituye una \u201crespuesta proporcional, transitoria y revisable\u201d frente a la alteraci\u00f3n de las condiciones del comercio bilateral. Colombia tambi\u00e9n\u00a0advirti\u00f3\u00a0que no descarta extender la restricci\u00f3n a un grupo m\u00e1s amplio de productos. No obstante, el Gobierno colombiano aclar\u00f3 que la aplicaci\u00f3n de estas medidas no implica renunciar al di\u00e1logo ni a la b\u00fasqueda de una soluci\u00f3n negociada, dentro de los canales diplom\u00e1ticos e institucionales establecidos entre ambos pa\u00edses. Fuente: Vistazo<\/p>\n","protected":false},"author":1,"featured_media":28945,"comment_status":"closed","ping_status":"closed","sticky":false,"template":"","format":"standard","meta":{"footnotes":""},"categories":[268],"tags":[],"class_list":["post-28944","post","type-post","status-publish","format-standard","has-post-thumbnail","hentry","category-nacionales"],"_links":{"self":[{"href":"https:\/\/www.elamazonico.com\/portal\/wp-json\/wp\/v2\/posts\/28944","targetHints":{"allow":["GET"]}}],"collection":[{"href":"https:\/\/www.elamazonico.com\/portal\/wp-json\/wp\/v2\/posts"}],"about":[{"href":"https:\/\/www.elamazonico.com\/portal\/wp-json\/wp\/v2\/types\/post"}],"author":[{"embeddable":true,"href":"https:\/\/www.elamazonico.com\/portal\/wp-json\/wp\/v2\/users\/1"}],"replies":[{"embeddable":true,"href":"https:\/\/www.elamazonico.com\/portal\/wp-json\/wp\/v2\/comments?post=28944"}],"version-history":[{"count":1,"href":"https:\/\/www.elamazonico.com\/portal\/wp-json\/wp\/v2\/posts\/28944\/revisions"}],"predecessor-version":[{"id":28946,"href":"https:\/\/www.elamazonico.com\/portal\/wp-json\/wp\/v2\/posts\/28944\/revisions\/28946"}],"wp:featuredmedia":[{"embeddable":true,"href":"https:\/\/www.elamazonico.com\/portal\/wp-json\/wp\/v2\/media\/28945"}],"wp:attachment":[{"href":"https:\/\/www.elamazonico.com\/portal\/wp-json\/wp\/v2\/media?parent=28944"}],"wp:term":[{"taxonomy":"category","embeddable":true,"href":"https:\/\/www.elamazonico.com\/portal\/wp-json\/wp\/v2\/categories?post=28944"},{"taxonomy":"post_tag","embeddable":true,"href":"https:\/\/www.elamazonico.com\/portal\/wp-json\/wp\/v2\/tags?post=28944"}],"curies":[{"name":"wp","href":"https:\/\/api.w.org\/{rel}","templated":true}]}}