{"id":28940,"date":"2026-01-22T06:03:44","date_gmt":"2026-01-22T11:03:44","guid":{"rendered":"https:\/\/www.elamazonico.com\/portal\/?p=28940"},"modified":"2026-01-22T06:03:44","modified_gmt":"2026-01-22T11:03:44","slug":"empresarios-de-colombia-piden-a-ecuador-a-reconsiderar-el-arancel-del-30-a-sus-productos","status":"publish","type":"post","link":"https:\/\/www.elamazonico.com\/portal\/empresarios-de-colombia-piden-a-ecuador-a-reconsiderar-el-arancel-del-30-a-sus-productos\/","title":{"rendered":"Empresarios de Colombia piden a Ecuador a reconsiderar el arancel del 30% a sus productos"},"content":{"rendered":"<div class=\"paragraph texto\">\n<p class=\"p_0\"><b>El presidente de la Asociaci\u00f3n Nacional de Empresarios de Colombia (ANDI), Bruce Mac Master, pidi\u00f3 este mi\u00e9rcoles a Ecuador reconsiderar la \u00ab<a href=\"https:\/\/www.vistazo.com\/politica\/nacional\/2026-01-21-daniel-noboa-impone-tasa-seguridad-30-importaciones-provenientes-colombia-OD10647696\">tasa de seguridad<\/a>\u00bb del 30 % impuesta a las importaciones colombianas, porque considera que la medida provoca \u00abinmensa incertidumbre entre los productores y los consumidores\u00bb.<\/b><\/p>\n<p class=\"p_2\">\u00abHacemos un llamado al Gobierno ecuatoriano para que<b>\u00a0reconsidere esta decisi\u00f3n<\/b>\u00a0y al Gobierno colombiano para que se siente con el Gobierno de Ecuador y\u00a0<b>puedan solucionar cualquier diferencia que tengan en t\u00e9rminos de seguridad nacional\u00a0<\/b>para que haya trabajo conjunto\u00bb, expres\u00f3 Mac Master.<\/p>\n<p class=\"p_3\">El presidente ecuatoriano, Daniel Noboa, explic\u00f3 que tom\u00f3 la decisi\u00f3n de imponer aranceles a los productos colombianos por<b>\u00a0\u00abla falta de reciprocidad y acciones firmes\u00bb de Colombia\u00a0<\/b>en la lucha contra el narcotr\u00e1fico, una medida recibida con sorpresa en Bogot\u00e1.<\/p>\n<div class=\"Center2Display\">\n<div id=\"Center2\" data-google-query-id=\"CM3lmND_npIDFbUbHAAdXEwxaQ\">\n<div id=\"google_ads_iframe_\/21839199781\/Vistazo\/Vistazo_Center2_0__container__\">Noboa manifest\u00f3 adem\u00e1s que a pesar de haber \u00abhecho esfuerzos reales de cooperaci\u00f3n con Colombia, incluso con un d\u00e9ficit comercial que supera los 1.000 millones de d\u00f3lares anuales\u00bb, el Ej\u00e9rcito de su pa\u00eds <b>sigue \u00abenfrentando a grupos criminales atados al narcotr\u00e1fico en la frontera sin cooperaci\u00f3n alguna\u00bb.<\/b><\/div>\n<\/div>\n<\/div>\n<p class=\"p_5\">Por esa raz\u00f3n, el mandatario ecuatoriano indic\u00f3 que la medida se mantendr\u00e1<b>\u00a0\u00abhasta que exista un compromiso real\u00bb de Colombia<\/b>\u00a0\u00abpara enfrentar juntos el narcotr\u00e1fico y la miner\u00eda ilegal en la frontera (de 586 kil\u00f3metros), con la misma seriedad y decisi\u00f3n que hoy\u00bb su pa\u00eds asume.<\/p>\n<\/div>\n<h2 class=\"h2vistazo\">Comercio entre los dos pa\u00edses<\/h2>\n<div class=\"paragraph texto\">\n<p class=\"p_6\">En el campo comercial, entre enero y noviembre pasado,\u00a0<b>Ecuador fue el sexto destino de las exportaciones colombianas<\/b>\u00a0al recibir el 3,7 % del total.<\/p>\n<p class=\"p_7\">En total, Colombia vendi\u00f3<b>\u00a01.673 millones de d\u00f3lares a Ecuador<\/b>, principalmente productos qu\u00edmicos, alimentos, bebidas, tabaco, combustibles, y veh\u00edculos.<\/p>\n<p class=\"p_8\">\u00abNo podemos en este momento, por diferencias que se puedan presentar incluso de orden de seguridad nacional,\u00a0<b>generar esa inmensa incertidumbre entre los productores y los consumidores de los dos pa\u00edses<\/b>\u00ab, dijo Mac Master, quien record\u00f3 que Colombia y Ecuador tienen acuerdos que<b>\u00a0les \u00abpermiten exportar mutuamente productos hacia un lado y hacia el otro\u00bb.<\/b><\/p>\n<p class=\"p_9\">En opini\u00f3n del l\u00edder empresarial,\u00a0<b>\u00abel mundo est\u00e1 suficiente convulsionado\u00bb\u00a0<\/b>para que Colombia y Ecuador, a nivel regional, impongan<b>\u00a0\u00abmedidas arancelarias\u00bb<\/b>\u00a0o de \u00abrestricci\u00f3n del comercio para poder solucionar\u00bb asuntos \u00abque deben ser del orden o la dimensi\u00f3n de la democracia\u00bb.<\/p>\n<p class=\"p_10\">\u00abSi existen descontentos o quejas respecto de temas como la seguridad nacional (&#8230;) o la lucha contra el narcotr\u00e1fico -que no tenemos la menor duda de que hay mucho por hacer entre los dos pa\u00edses-\u00a0<b>existen canales diplom\u00e1ticos (&#8230;) para poder solucionarlo<\/b>\u00ab, a\u00f1adi\u00f3.<\/p>\n<p class=\"p_11\">Por su parte, la Asociaci\u00f3n de Capitales de Colombia (Asocapitales) pidi\u00f3 al Gobierno del presidente Gustavo Petro que, \u00abpor la v\u00eda diplom\u00e1tica y t\u00e9cnica\u00bb,<b>\u00a0avance \u00abde manera prioritaria en una soluci\u00f3n frente al arancel del 30% impuesto por Ecuador\u00bb<\/b>, que \u00abafecta de manera directa la din\u00e1mica comercial, la competitividad empresarial y el desarrollo econ\u00f3mico de varias regiones\u00bb.<\/p>\n<p class=\"p_13\">\u00abDe acuerdo con el Ministerio de Comercio de Ecuador,\u00a0<b>Colombia es actualmente su tercer proveedor de bienes<\/b>, lo que evidencia el car\u00e1cter estrat\u00e9gico y estructural de esta relaci\u00f3n bilateral\u00bb, a\u00f1adi\u00f3 Asocapitales.<\/p>\n<\/div>\n","protected":false},"excerpt":{"rendered":"<p>El presidente de la Asociaci\u00f3n Nacional de Empresarios de Colombia (ANDI), Bruce Mac Master, pidi\u00f3 este mi\u00e9rcoles a Ecuador reconsiderar la \u00abtasa de seguridad\u00bb del 30 % impuesta a las importaciones colombianas, porque considera que la medida provoca \u00abinmensa incertidumbre entre los productores y los consumidores\u00bb. \u00abHacemos un llamado al Gobierno ecuatoriano para que\u00a0reconsidere esta decisi\u00f3n\u00a0y al Gobierno colombiano para que se siente con el Gobierno de Ecuador y\u00a0puedan solucionar cualquier diferencia que tengan en t\u00e9rminos de seguridad nacional\u00a0para que haya trabajo conjunto\u00bb, expres\u00f3 Mac Master. El presidente ecuatoriano, Daniel Noboa, explic\u00f3 que tom\u00f3 la decisi\u00f3n de imponer aranceles a los productos colombianos por\u00a0\u00abla falta de reciprocidad y acciones firmes\u00bb de Colombia\u00a0en la lucha contra el narcotr\u00e1fico, una medida recibida con sorpresa en Bogot\u00e1. Noboa manifest\u00f3 adem\u00e1s que a pesar de haber \u00abhecho esfuerzos reales de cooperaci\u00f3n con Colombia, incluso con un d\u00e9ficit comercial que supera los 1.000 millones de d\u00f3lares anuales\u00bb, el Ej\u00e9rcito de su pa\u00eds sigue \u00abenfrentando a grupos criminales atados al narcotr\u00e1fico en la frontera sin cooperaci\u00f3n alguna\u00bb. Por esa raz\u00f3n, el mandatario ecuatoriano indic\u00f3 que la medida se mantendr\u00e1\u00a0\u00abhasta que exista un compromiso real\u00bb de Colombia\u00a0\u00abpara enfrentar juntos el narcotr\u00e1fico y la miner\u00eda ilegal en la frontera (de 586 kil\u00f3metros), con la misma seriedad y decisi\u00f3n que hoy\u00bb su pa\u00eds asume. Comercio entre los dos pa\u00edses En el campo comercial, entre enero y noviembre pasado,\u00a0Ecuador fue el sexto destino de las exportaciones colombianas\u00a0al recibir el 3,7 % del total. En total, Colombia vendi\u00f3\u00a01.673 millones de d\u00f3lares a Ecuador, principalmente productos qu\u00edmicos, alimentos, bebidas, tabaco, combustibles, y veh\u00edculos. \u00abNo podemos en este momento, por diferencias que se puedan presentar incluso de orden de seguridad nacional,\u00a0generar esa inmensa incertidumbre entre los productores y los consumidores de los dos pa\u00edses\u00ab, dijo Mac Master, quien record\u00f3 que Colombia y Ecuador tienen acuerdos que\u00a0les \u00abpermiten exportar mutuamente productos hacia un lado y hacia el otro\u00bb. En opini\u00f3n del l\u00edder empresarial,\u00a0\u00abel mundo est\u00e1 suficiente convulsionado\u00bb\u00a0para que Colombia y Ecuador, a nivel regional, impongan\u00a0\u00abmedidas arancelarias\u00bb\u00a0o de \u00abrestricci\u00f3n del comercio para poder solucionar\u00bb asuntos \u00abque deben ser del orden o la dimensi\u00f3n de la democracia\u00bb. \u00abSi existen descontentos o quejas respecto de temas como la seguridad nacional (&#8230;) o la lucha contra el narcotr\u00e1fico -que no tenemos la menor duda de que hay mucho por hacer entre los dos pa\u00edses-\u00a0existen canales diplom\u00e1ticos (&#8230;) para poder solucionarlo\u00ab, a\u00f1adi\u00f3. Por su parte, la Asociaci\u00f3n de Capitales de Colombia (Asocapitales) pidi\u00f3 al Gobierno del presidente Gustavo Petro que, \u00abpor la v\u00eda diplom\u00e1tica y t\u00e9cnica\u00bb,\u00a0avance \u00abde manera prioritaria en una soluci\u00f3n frente al arancel del 30% impuesto por Ecuador\u00bb, que \u00abafecta de manera directa la din\u00e1mica comercial, la competitividad empresarial y el desarrollo econ\u00f3mico de varias regiones\u00bb. \u00abDe acuerdo con el Ministerio de Comercio de Ecuador,\u00a0Colombia es actualmente su tercer proveedor de bienes, lo que evidencia el car\u00e1cter estrat\u00e9gico y estructural de esta relaci\u00f3n bilateral\u00bb, a\u00f1adi\u00f3 Asocapitales.<\/p>\n","protected":false},"author":1,"featured_media":28941,"comment_status":"closed","ping_status":"closed","sticky":false,"template":"","format":"standard","meta":{"footnotes":""},"categories":[268],"tags":[],"class_list":["post-28940","post","type-post","status-publish","format-standard","has-post-thumbnail","hentry","category-nacionales"],"_links":{"self":[{"href":"https:\/\/www.elamazonico.com\/portal\/wp-json\/wp\/v2\/posts\/28940","targetHints":{"allow":["GET"]}}],"collection":[{"href":"https:\/\/www.elamazonico.com\/portal\/wp-json\/wp\/v2\/posts"}],"about":[{"href":"https:\/\/www.elamazonico.com\/portal\/wp-json\/wp\/v2\/types\/post"}],"author":[{"embeddable":true,"href":"https:\/\/www.elamazonico.com\/portal\/wp-json\/wp\/v2\/users\/1"}],"replies":[{"embeddable":true,"href":"https:\/\/www.elamazonico.com\/portal\/wp-json\/wp\/v2\/comments?post=28940"}],"version-history":[{"count":1,"href":"https:\/\/www.elamazonico.com\/portal\/wp-json\/wp\/v2\/posts\/28940\/revisions"}],"predecessor-version":[{"id":28942,"href":"https:\/\/www.elamazonico.com\/portal\/wp-json\/wp\/v2\/posts\/28940\/revisions\/28942"}],"wp:featuredmedia":[{"embeddable":true,"href":"https:\/\/www.elamazonico.com\/portal\/wp-json\/wp\/v2\/media\/28941"}],"wp:attachment":[{"href":"https:\/\/www.elamazonico.com\/portal\/wp-json\/wp\/v2\/media?parent=28940"}],"wp:term":[{"taxonomy":"category","embeddable":true,"href":"https:\/\/www.elamazonico.com\/portal\/wp-json\/wp\/v2\/categories?post=28940"},{"taxonomy":"post_tag","embeddable":true,"href":"https:\/\/www.elamazonico.com\/portal\/wp-json\/wp\/v2\/tags?post=28940"}],"curies":[{"name":"wp","href":"https:\/\/api.w.org\/{rel}","templated":true}]}}