{"id":28933,"date":"2026-01-22T04:10:20","date_gmt":"2026-01-22T09:10:20","guid":{"rendered":"https:\/\/www.elamazonico.com\/portal\/?p=28933"},"modified":"2026-01-21T19:47:35","modified_gmt":"2026-01-22T00:47:35","slug":"aprender-nunca-es-tarde-la-educacion-como-herramienta-de-libertad-y-transformacion-humana","status":"publish","type":"post","link":"https:\/\/www.elamazonico.com\/portal\/aprender-nunca-es-tarde-la-educacion-como-herramienta-de-libertad-y-transformacion-humana\/","title":{"rendered":"Aprender nunca es tarde: la educaci\u00f3n como herramienta de libertad y transformaci\u00f3n humana"},"content":{"rendered":"<p><strong>Introducci\u00f3n<\/strong><\/p>\n<p>La educaci\u00f3n es un derecho humano fundamental y uno de los pilares esenciales para el desarrollo integral de las personas y de las sociedades. M\u00e1s all\u00e1 de la transmisi\u00f3n de conocimientos, educar implica formar individuos capaces de pensar cr\u00edticamente, tomar decisiones conscientes y actuar de manera responsable en su entorno. Como se ha se\u00f1alado, la educaci\u00f3n no consiste en ense\u00f1ar a las personas qu\u00e9 pensar, sino en ense\u00f1arles a pensar, dot\u00e1ndolas de herramientas para comprender y transformar la realidad.<\/p>\n<p>Sin embargo, a lo largo de la historia y por diversas circunstancias sociales, econ\u00f3micas y familiares, millones de j\u00f3venes, personas adultas y adultas mayores no lograron culminar su escolaridad en los tiempos establecidos. El trabajo temprano, la pobreza, las responsabilidades familiares, la falta de acceso a instituciones educativas o contextos de exclusi\u00f3n social han interrumpido trayectorias educativas que, lejos de anular el deseo de aprender, han dejado conocimientos y aspiraciones pendientes.<\/p>\n<p>Frente a esta realidad, la educaci\u00f3n se presenta como una segunda oportunidad y como un camino de libertad y transformaci\u00f3n humana. Retomar los estudios en la juventud o en la adultez no solo permite adquirir conocimientos acad\u00e9micos, sino que fortalece la autoestima, ampl\u00eda las oportunidades laborales, mejora la calidad de vida y promueve una participaci\u00f3n social m\u00e1s activa y consciente. Aprender, en cualquier etapa de la vida, se convierte as\u00ed en un acto de dignidad, superaci\u00f3n y esperanza.<\/p>\n<p>Este art\u00edculo reflexiona sobre la importancia de la educaci\u00f3n para personas con escolaridad inconclusa, destacando su impacto en el desarrollo personal y social. Asimismo, aborda enfoques educativos pertinentes, como la andragog\u00eda, y presenta recomendaciones para favorecer procesos de aprendizaje inclusivos, flexibles y significativos, reafirmando que nunca es tarde para aprender ni para transformar la propia historia a trav\u00e9s de la educaci\u00f3n.<\/p>\n<p><strong>Oferta Educativa de la UE 12 de Febrero: <\/strong><strong>educaci\u00f3n que transforma vidas<\/strong><strong>\u00a0<\/strong><\/p>\n<p>La Unidad Educativa \u201c12 de Febrero\u201d ofrece servicios educativos en la secci\u00f3n nocturna, con el firme compromiso de garantizar el derecho a la educaci\u00f3n de j\u00f3venes, personas adultas y adultas mayores que no han podido culminar su escolaridad en los tiempos regulares.<\/p>\n<p>La instituci\u00f3n implementa la modalidad semipresencial intensiva, dirigida a personas mayores de 18 a\u00f1os que, por diversas razones sociales, econ\u00f3micas o familiares, interrumpieron su proceso educativo. Esta modalidad responde a una necesidad real y significativa en el Ecuador, donde aproximadamente 1.400.000 personas requieren culminar la Educaci\u00f3n General B\u00e1sica Superior (EGBS) y alrededor de 450.000 personas necesitan finalizar el Bachillerato General Unificado (BGU).<\/p>\n<p>En la modalidad semipresencial intensiva, el a\u00f1o lectivo se organiza en dos ciclos, y cada ciclo se divide en dos per\u00edodos acad\u00e9micos:<\/p>\n<ul>\n<li>Primer ciclo lectivo: del 12 de agosto de 2025 al 12 de enero de 2026.<\/li>\n<li>Segundo ciclo lectivo: del 20 de enero de 2026 al 19 de junio de 2026.<\/li>\n<\/ul>\n<p>Gracias a esta modalidad, los estudiantes tienen la posibilidad de aprobar un grado o curso cada cinco meses, lo que permite una trayectoria educativa m\u00e1s \u00e1gil y acorde a sus necesidades.<\/p>\n<p>Los horarios son flexibles, facilitando la conciliaci\u00f3n entre estudio, trabajo y responsabilidades familiares. Las clases presenciales se desarrollan de lunes a mi\u00e9rcoles, de 18h00 a 22h00, mientras que jueves y viernes se trabajan actividades no presenciales, fortaleciendo la autonom\u00eda del aprendizaje.<\/p>\n<p>La instituci\u00f3n invita a la comunidad a matricularse en el ciclo acad\u00e9mico enero\u2013junio 2026, aprovechando las matr\u00edculas excepcionales, que se realizar\u00e1n del 20 de enero al 9 de febrero de 2026. El proceso de matr\u00edcula se lleva a cabo de lunes a viernes, de 16h00 a 22h00, en las instalaciones del plantel. Las clases iniciaron este 20 de enero de 2026.<\/p>\n<p>Para el proceso de inscripci\u00f3n, los requisitos son: expediente acad\u00e9mico, copia de la c\u00e9dula de identidad, copia de una planilla de luz, dos fotograf\u00edas tama\u00f1o carn\u00e9 y tener 18 a\u00f1os o m\u00e1s. Para mayor informaci\u00f3n, los interesados pueden comunicarse al 099 176 4016.<\/p>\n<p>Esta oferta educativa representa una oportunidad concreta de inclusi\u00f3n, equidad y superaci\u00f3n personal, contribuyendo al desarrollo social y al fortalecimiento del sistema educativo para quienes buscan retomar y culminar su formaci\u00f3n acad\u00e9mica.<strong>\u00a0<\/strong><\/p>\n<p><strong>Cuando la educaci\u00f3n abre caminos y devuelve la esperanza<\/strong><strong>\u00a0<\/strong><\/p>\n<p>\u201cSi cree usted que la educaci\u00f3n es cara, pruebe con la ignorancia\u201d. Esta conocida reflexi\u00f3n resume con claridad el valor incalculable de la educaci\u00f3n en la vida individual y colectiva. La educaci\u00f3n no debe entenderse \u00fanicamente como la acumulaci\u00f3n de conocimientos acad\u00e9micos, sino como un proceso integral que forma personas cr\u00edticas, responsables y comprometidas con su entorno.<\/p>\n<p>La educaci\u00f3n permite adquirir conocimientos, habilidades y valores que ayudan a comprender la realidad, analizarla con criterio y tomar decisiones informadas. Desarrolla el pensamiento cr\u00edtico, la creatividad y la capacidad de resolver problemas, competencias indispensables para enfrentar los desaf\u00edos del mundo actual. Asimismo, fortalece la autonom\u00eda personal y la capacidad de adaptaci\u00f3n a los cambios sociales, culturales y tecnol\u00f3gicos.<\/p>\n<p>Desde una perspectiva social, la educaci\u00f3n fomenta la convivencia democr\u00e1tica, el respeto, la tolerancia y la participaci\u00f3n ciudadana activa. Personas educadas est\u00e1n mejor preparadas para ejercer sus derechos y cumplir sus deberes, contribuyendo a sociedades m\u00e1s justas y solidarias. En el \u00e1mbito econ\u00f3mico, la educaci\u00f3n ampl\u00eda las oportunidades de acceso a empleos dignos, mejora los ingresos y favorece la estabilidad laboral, aspectos clave para romper ciclos de pobreza y exclusi\u00f3n.<\/p>\n<p>Para j\u00f3venes, personas adultas y adultas mayores con escolaridad inconclusa, la educaci\u00f3n representa una oportunidad de superaci\u00f3n personal, de reconstrucci\u00f3n de proyectos de vida y de reivindicaci\u00f3n de derechos que en alg\u00fan momento fueron postergados. Aprender no tiene edad, y cada etapa de la vida ofrece motivaciones distintas, pero igualmente valiosas para continuar form\u00e1ndose.<\/p>\n<p>Retomar los estudios en la edad adulta es una decisi\u00f3n valiente, consciente y profundamente transformadora. Las personas adultas que regresan al sistema educativo suelen hacerlo con mayor madurez, responsabilidad y claridad de objetivos. Continuar o culminar la escolaridad permite mejorar las condiciones laborales, acceder a nuevos conocimientos, actualizarse frente a los avances tecnol\u00f3gicos y fortalecer la independencia personal.<\/p>\n<p>Adem\u00e1s de los beneficios econ\u00f3micos y profesionales, la educaci\u00f3n en la adultez tiene un impacto significativo en el bienestar emocional. Incrementa la autoestima, refuerza el sentido de logro y genera satisfacci\u00f3n personal. En el caso de las personas adultas mayores, el aprendizaje permanente favorece la estimulaci\u00f3n cognitiva, la integraci\u00f3n social y un envejecimiento activo, saludable y participativo.<\/p>\n<p>La educaci\u00f3n abre puertas en todos los \u00e1mbitos de la vida. Una formaci\u00f3n integral no solo transmite conocimientos, sino que ense\u00f1a a razonar antes de actuar, a equilibrar la emoci\u00f3n con la raz\u00f3n y a convivir con respeto y empat\u00eda. La buena educaci\u00f3n forma ciudadanos capaces de dialogar, reflexionar y resolver conflictos de manera pac\u00edfica.<\/p>\n<p>En conclusi\u00f3n, la educaci\u00f3n es una herramienta esencial para el desarrollo humano a lo largo de toda la vida. Invertir en educaci\u00f3n es apostar por personas m\u00e1s libres, cr\u00edticas y solidarias, capaces de construir un futuro m\u00e1s digno para s\u00ed mismas y para la sociedad.<strong>\u00a0<\/strong><\/p>\n<p><strong>Aprender en todas las etapas de la vida: de la pedagog\u00eda a la andragog\u00eda<\/strong><strong>\u00a0<\/strong><\/p>\n<p>La pedagog\u00eda y la andragog\u00eda son enfoques educativos que orientan los procesos de ense\u00f1anza y aprendizaje, y se diferencian principalmente por la poblaci\u00f3n a la que est\u00e1n dirigidos, as\u00ed como por las metodolog\u00edas, el rol del docente y la forma en que se concibe al estudiante.<\/p>\n<p>La pedagog\u00eda se enfoca tradicionalmente en la educaci\u00f3n de ni\u00f1os, ni\u00f1as y adolescentes, quienes se encuentran en etapas tempranas de desarrollo cognitivo, emocional y social. En este enfoque, el docente cumple un rol central como gu\u00eda y transmisor del conocimiento, estructurando los contenidos, los tiempos y las actividades de aprendizaje. La pedagog\u00eda suele apoyarse en curr\u00edculos secuenciales, evaluaci\u00f3n constante y acompa\u00f1amiento permanente, considerando que el estudiante a\u00fan est\u00e1 en proceso de formaci\u00f3n de h\u00e1bitos, disciplina y autonom\u00eda acad\u00e9mica.<\/p>\n<p>Por su parte, la andragog\u00eda se orienta a la educaci\u00f3n de personas adultas y adultas mayores, partiendo del reconocimiento de que estas poseen experiencias previas, conocimientos acumulados y responsabilidades personales, familiares y laborales que influyen directamente en su proceso de aprendizaje. A diferencia del enfoque pedag\u00f3gico, la andragog\u00eda concibe al estudiante adulto como un sujeto activo, aut\u00f3nomo y corresponsable de su formaci\u00f3n.<\/p>\n<p>La andragog\u00eda promueve metodolog\u00edas participativas y flexibles, donde el aprendizaje se construye a partir del di\u00e1logo, la reflexi\u00f3n cr\u00edtica y la vinculaci\u00f3n de los contenidos con la realidad cotidiana. Los saberes previos del estudiante no solo se valoran, sino que se convierten en un recurso fundamental para el aprendizaje significativo. En este enfoque, el docente asume el rol de facilitador u orientador, m\u00e1s que de transmisor exclusivo del conocimiento.<\/p>\n<p>Estas caracter\u00edsticas resultan especialmente relevantes para las personas con escolaridad inconclusa, ya que muchas de ellas han adquirido competencias y habilidades a lo largo de su vida laboral y social, aunque no cuenten con una certificaci\u00f3n formal. La andragog\u00eda permite reconocer y aprovechar estos aprendizajes previos, fortaleciendo la motivaci\u00f3n, la autoestima y el sentido de pertenencia al sistema educativo.<\/p>\n<p>En el caso de j\u00f3venes de 18 a\u00f1os, personas adultas y adultas mayores que retornan a la educaci\u00f3n, la aplicaci\u00f3n de principios andrag\u00f3gicos favorece la permanencia y culminaci\u00f3n de los estudios, ya que se adapta a sus necesidades, ritmos de aprendizaje y contextos de vida. Asimismo, contribuye a generar ambientes educativos inclusivos, respetuosos y centrados en el estudiante, fundamentales para garantizar el derecho a una educaci\u00f3n a lo largo de toda la vida.<\/p>\n<p>En conclusi\u00f3n, mientras la pedagog\u00eda responde principalmente a las necesidades formativas de la infancia y la adolescencia, la andragog\u00eda se constituye como un enfoque clave para la educaci\u00f3n de personas adultas, permitiendo procesos de aprendizaje m\u00e1s pertinentes, significativos y transformadores, especialmente para quienes buscan retomar y culminar su trayectoria educativa.<\/p>\n<p><strong>Diferencias entre una persona estudiada y una persona que no tuvo acceso a la educaci\u00f3n<\/strong><\/p>\n<p>Las diferencias entre una persona que ha tenido acceso a la educaci\u00f3n formal y otra que no pudo estudiar no radican en la inteligencia ni en el valor humano, sino en las oportunidades de desarrollo que cada una ha tenido a lo largo de su vida. La educaci\u00f3n brinda herramientas fundamentales para comprender la realidad, analizar situaciones con criterio, expresar ideas con claridad y participar de manera activa en los \u00e1mbitos social, cultural y laboral.<\/p>\n<p>Una persona con formaci\u00f3n educativa suele desarrollar con mayor facilidad el pensamiento cr\u00edtico, la capacidad de resolver problemas y la disposici\u00f3n para el aprendizaje continuo. Estas competencias permiten adaptarse a distintos contextos, enfrentar cambios tecnol\u00f3gicos y sociales, y tomar decisiones m\u00e1s informadas. Adem\u00e1s, la educaci\u00f3n facilita el acceso a informaci\u00f3n confiable, fortalece la comunicaci\u00f3n y ampl\u00eda las posibilidades de interacci\u00f3n en entornos diversos.<\/p>\n<p>Por el contrario, las personas que no tuvieron la oportunidad de estudiar pueden enfrentar mayores limitaciones laborales, sociales y econ\u00f3micas, no como consecuencia de una falta de capacidades, sino debido a condiciones de desigualdad, pobreza, exclusi\u00f3n o responsabilidades tempranas que interrumpieron su trayectoria educativa. En muchos casos, estas personas han desarrollado habilidades pr\u00e1cticas, saberes emp\u00edricos y experiencias valiosas que no siempre son reconocidas por el sistema formal.<\/p>\n<p>Cuando j\u00f3venes, personas adultas o adultas mayores con escolaridad inconclusa acceden a procesos educativos, estas brechas pueden reducirse significativamente. La educaci\u00f3n se convierte entonces en un medio de transformaci\u00f3n personal y social, permitiendo a las personas redescubrir su potencial, fortalecer su autoestima y ampliar sus horizontes de vida. Tal como se afirma, la educaci\u00f3n no transforma al ser humano por s\u00ed sola; es la persona quien se transforma a trav\u00e9s de la educaci\u00f3n, al apropiarse del conocimiento y utilizarlo para mejorar su realidad.<\/p>\n<p>En este sentido, la educaci\u00f3n y el emprendimiento constituyen alternativas clave para alcanzar la independencia, la libertad y la autonom\u00eda. La educaci\u00f3n act\u00faa como una \u201cp\u00e9rtiga\u201d que permite dar el gran salto de la heteronom\u00eda, entendida como la dependencia de otros para tomar decisiones, hacia la autonom\u00eda, donde la persona es capaz de pensar, decidir y actuar de manera consciente y responsable. Un individuo educado est\u00e1 mejor preparado para emprender, innovar, gestionar recursos y generar oportunidades tanto para s\u00ed mismo como para su comunidad.<\/p>\n<p>En conclusi\u00f3n, la diferencia fundamental entre una persona educada y una que no tuvo acceso a la educaci\u00f3n formal no es su capacidad innata, sino el nivel de herramientas que ha podido desarrollar. Garantizar oportunidades educativas para personas con escolaridad inconclusa, en cualquier etapa de la vida, es una estrategia esencial para promover la equidad, la inclusi\u00f3n social y el desarrollo humano sostenible.<strong>\u00a0<\/strong><\/p>\n<p><strong>Capacidades iguales, oportunidades distintas: la educaci\u00f3n como motor de cambio<\/strong><strong>\u00a0<\/strong><\/p>\n<p>Para que el proceso educativo de j\u00f3venes, personas adultas y adultas mayores con escolaridad inconclusa sea verdaderamente efectivo, inclusivo y sostenible, es necesario considerar una serie de recomendaciones pedag\u00f3gicas que respondan a sus realidades, necesidades y expectativas. La educaci\u00f3n, entendida como un proceso permanente, debe acompa\u00f1ar a la persona desde la cuna hasta la tumba, reconociendo que el aprendizaje no tiene l\u00edmites de edad ni de tiempo.<\/p>\n<p>En primer lugar, es fundamental respetar los ritmos de aprendizaje individuales, evitando comparaciones y valorando los avances personales de cada estudiante. Las trayectorias educativas interrumpidas suelen estar marcadas por experiencias de frustraci\u00f3n o fracaso escolar; por ello, reconocer los logros, por peque\u00f1os que parezcan, contribuye a fortalecer la confianza y la motivaci\u00f3n.<\/p>\n<p>Asimismo, resulta imprescindible valorar las experiencias de vida de los estudiantes como una fuente leg\u00edtima de conocimiento. J\u00f3venes, personas adultas y adultas mayores poseen saberes adquiridos en el \u00e1mbito laboral, familiar y comunitario que pueden enriquecer el proceso educativo. Integrar estos saberes favorece el aprendizaje significativo y refuerza el sentido de pertenencia al entorno educativo.<\/p>\n<p>El uso de metodolog\u00edas flexibles, participativas y pr\u00e1cticas es otro elemento clave. Las estrategias did\u00e1cticas deben relacionar los contenidos acad\u00e9micos con la realidad cotidiana, facilitando la aplicaci\u00f3n inmediata de lo aprendido. El trabajo por proyectos, el aprendizaje colaborativo y la resoluci\u00f3n de problemas reales permiten que el estudiante se involucre activamente en su formaci\u00f3n.<\/p>\n<p>El acompa\u00f1amiento emocional y la motivaci\u00f3n constante cumplen un papel determinante para prevenir la deserci\u00f3n. Crear un ambiente de respeto, confianza y empat\u00eda favorece la permanencia en el sistema educativo y promueve relaciones basadas en el di\u00e1logo y la comprensi\u00f3n. El docente, en este contexto, debe asumir un rol de orientador y facilitador, sensible a las situaciones personales de los estudiantes.<\/p>\n<p>En conclusi\u00f3n, atender a personas con escolaridad inconclusa exige un enfoque educativo integral, flexible y humano, que reconozca la diversidad de trayectorias de vida y promueva el aprendizaje a lo largo de toda la vida como un derecho fundamental.<\/p>\n<p><strong>Conclusi\u00f3n<\/strong><\/p>\n<p>La educaci\u00f3n constituye una de las herramientas m\u00e1s poderosas para la transformaci\u00f3n humana y social, capaz de abrir caminos all\u00ed donde antes hubo limitaciones, silencios o exclusiones. Aprender nunca es tarde, porque el conocimiento no tiene edad y el deseo de superaci\u00f3n permanece vivo en cada etapa de la vida. Para j\u00f3venes, personas adultas y adultas mayores con escolaridad inconclusa, retomar los estudios no solo implica recuperar aprendizajes pendientes, sino tambi\u00e9n reconstruir proyectos de vida, ejercer derechos y reafirmar la propia dignidad.<\/p>\n<p>A lo largo de este art\u00edculo se ha evidenciado que la educaci\u00f3n va m\u00e1s all\u00e1 de la obtenci\u00f3n de t\u00edtulos o certificaciones. Su verdadero valor reside en la capacidad de formar personas cr\u00edticas, aut\u00f3nomas y conscientes, capaces de pensar, decidir y actuar de manera responsable en su entorno. En este sentido, enfoques educativos como la andragog\u00eda resultan fundamentales, pues reconocen las experiencias previas, los saberes acumulados y las realidades diversas de quienes regresan al sistema educativo, promoviendo aprendizajes significativos, pertinentes y transformadores.<\/p>\n<p>Asimismo, garantizar oportunidades educativas inclusivas y flexibles contribuye a reducir brechas sociales, econ\u00f3micas y culturales, fortaleciendo la equidad y la justicia social. La educaci\u00f3n se convierte as\u00ed en un motor de cambio que impulsa la autonom\u00eda, el emprendimiento, la participaci\u00f3n ciudadana y el desarrollo humano sostenible, tanto a nivel individual como colectivo.<\/p>\n<p>Apostar por la educaci\u00f3n a lo largo de toda la vida es apostar por una sociedad m\u00e1s libre, solidaria y consciente. Como bien se ha se\u00f1alado, el gran objetivo de la educaci\u00f3n no es solo el conocimiento, sino la acci\u00f3n: la acci\u00f3n de transformar la propia realidad, de construir nuevas oportunidades y de contribuir activamente a un futuro m\u00e1s digno para todos. En definitiva, aprender es un acto de libertad y la educaci\u00f3n, un camino permanente hacia la transformaci\u00f3n humana.<\/p>\n<p>&nbsp;<\/p>\n","protected":false},"excerpt":{"rendered":"<p>Introducci\u00f3n La educaci\u00f3n es un derecho humano fundamental y uno de los pilares esenciales para el desarrollo integral de las personas y de las sociedades. M\u00e1s all\u00e1 de la transmisi\u00f3n de conocimientos, educar implica formar individuos capaces de pensar cr\u00edticamente, tomar decisiones conscientes y actuar de manera responsable en su entorno. Como se ha se\u00f1alado, la educaci\u00f3n no consiste en ense\u00f1ar a las personas qu\u00e9 pensar, sino en ense\u00f1arles a pensar, dot\u00e1ndolas de herramientas para comprender y transformar la realidad. Sin embargo, a lo largo de la historia y por diversas circunstancias sociales, econ\u00f3micas y familiares, millones de j\u00f3venes, personas adultas y adultas mayores no lograron culminar su escolaridad en los tiempos establecidos. El trabajo temprano, la pobreza, las responsabilidades familiares, la falta de acceso a instituciones educativas o contextos de exclusi\u00f3n social han interrumpido trayectorias educativas que, lejos de anular el deseo de aprender, han dejado conocimientos y aspiraciones pendientes. Frente a esta realidad, la educaci\u00f3n se presenta como una segunda oportunidad y como un camino de libertad y transformaci\u00f3n humana. Retomar los estudios en la juventud o en la adultez no solo permite adquirir conocimientos acad\u00e9micos, sino que fortalece la autoestima, ampl\u00eda las oportunidades laborales, mejora la calidad de vida y promueve una participaci\u00f3n social m\u00e1s activa y consciente. Aprender, en cualquier etapa de la vida, se convierte as\u00ed en un acto de dignidad, superaci\u00f3n y esperanza. Este art\u00edculo reflexiona sobre la importancia de la educaci\u00f3n para personas con escolaridad inconclusa, destacando su impacto en el desarrollo personal y social. Asimismo, aborda enfoques educativos pertinentes, como la andragog\u00eda, y presenta recomendaciones para favorecer procesos de aprendizaje inclusivos, flexibles y significativos, reafirmando que nunca es tarde para aprender ni para transformar la propia historia a trav\u00e9s de la educaci\u00f3n. Oferta Educativa de la UE 12 de Febrero: educaci\u00f3n que transforma vidas\u00a0 La Unidad Educativa \u201c12 de Febrero\u201d ofrece servicios educativos en la secci\u00f3n nocturna, con el firme compromiso de garantizar el derecho a la educaci\u00f3n de j\u00f3venes, personas adultas y adultas mayores que no han podido culminar su escolaridad en los tiempos regulares. La instituci\u00f3n implementa la modalidad semipresencial intensiva, dirigida a personas mayores de 18 a\u00f1os que, por diversas razones sociales, econ\u00f3micas o familiares, interrumpieron su proceso educativo. Esta modalidad responde a una necesidad real y significativa en el Ecuador, donde aproximadamente 1.400.000 personas requieren culminar la Educaci\u00f3n General B\u00e1sica Superior (EGBS) y alrededor de 450.000 personas necesitan finalizar el Bachillerato General Unificado (BGU). En la modalidad semipresencial intensiva, el a\u00f1o lectivo se organiza en dos ciclos, y cada ciclo se divide en dos per\u00edodos acad\u00e9micos: Primer ciclo lectivo: del 12 de agosto de 2025 al 12 de enero de 2026. Segundo ciclo lectivo: del 20 de enero de 2026 al 19 de junio de 2026. Gracias a esta modalidad, los estudiantes tienen la posibilidad de aprobar un grado o curso cada cinco meses, lo que permite una trayectoria educativa m\u00e1s \u00e1gil y acorde a sus necesidades. Los horarios son flexibles, facilitando la conciliaci\u00f3n entre estudio, trabajo y responsabilidades familiares. Las clases presenciales se desarrollan de lunes a mi\u00e9rcoles, de 18h00 a 22h00, mientras que jueves y viernes se trabajan actividades no presenciales, fortaleciendo la autonom\u00eda del aprendizaje. La instituci\u00f3n invita a la comunidad a matricularse en el ciclo acad\u00e9mico enero\u2013junio 2026, aprovechando las matr\u00edculas excepcionales, que se realizar\u00e1n del 20 de enero al 9 de febrero de 2026. El proceso de matr\u00edcula se lleva a cabo de lunes a viernes, de 16h00 a 22h00, en las instalaciones del plantel. Las clases iniciaron este 20 de enero de 2026. Para el proceso de inscripci\u00f3n, los requisitos son: expediente acad\u00e9mico, copia de la c\u00e9dula de identidad, copia de una planilla de luz, dos fotograf\u00edas tama\u00f1o carn\u00e9 y tener 18 a\u00f1os o m\u00e1s. Para mayor informaci\u00f3n, los interesados pueden comunicarse al 099 176 4016. Esta oferta educativa representa una oportunidad concreta de inclusi\u00f3n, equidad y superaci\u00f3n personal, contribuyendo al desarrollo social y al fortalecimiento del sistema educativo para quienes buscan retomar y culminar su formaci\u00f3n acad\u00e9mica.\u00a0 Cuando la educaci\u00f3n abre caminos y devuelve la esperanza\u00a0 \u201cSi cree usted que la educaci\u00f3n es cara, pruebe con la ignorancia\u201d. Esta conocida reflexi\u00f3n resume con claridad el valor incalculable de la educaci\u00f3n en la vida individual y colectiva. La educaci\u00f3n no debe entenderse \u00fanicamente como la acumulaci\u00f3n de conocimientos acad\u00e9micos, sino como un proceso integral que forma personas cr\u00edticas, responsables y comprometidas con su entorno. La educaci\u00f3n permite adquirir conocimientos, habilidades y valores que ayudan a comprender la realidad, analizarla con criterio y tomar decisiones informadas. Desarrolla el pensamiento cr\u00edtico, la creatividad y la capacidad de resolver problemas, competencias indispensables para enfrentar los desaf\u00edos del mundo actual. Asimismo, fortalece la autonom\u00eda personal y la capacidad de adaptaci\u00f3n a los cambios sociales, culturales y tecnol\u00f3gicos. Desde una perspectiva social, la educaci\u00f3n fomenta la convivencia democr\u00e1tica, el respeto, la tolerancia y la participaci\u00f3n ciudadana activa. Personas educadas est\u00e1n mejor preparadas para ejercer sus derechos y cumplir sus deberes, contribuyendo a sociedades m\u00e1s justas y solidarias. En el \u00e1mbito econ\u00f3mico, la educaci\u00f3n ampl\u00eda las oportunidades de acceso a empleos dignos, mejora los ingresos y favorece la estabilidad laboral, aspectos clave para romper ciclos de pobreza y exclusi\u00f3n. Para j\u00f3venes, personas adultas y adultas mayores con escolaridad inconclusa, la educaci\u00f3n representa una oportunidad de superaci\u00f3n personal, de reconstrucci\u00f3n de proyectos de vida y de reivindicaci\u00f3n de derechos que en alg\u00fan momento fueron postergados. Aprender no tiene edad, y cada etapa de la vida ofrece motivaciones distintas, pero igualmente valiosas para continuar form\u00e1ndose. Retomar los estudios en la edad adulta es una decisi\u00f3n valiente, consciente y profundamente transformadora. Las personas adultas que regresan al sistema educativo suelen hacerlo con mayor madurez, responsabilidad y claridad de objetivos. Continuar o culminar la escolaridad permite mejorar las condiciones laborales, acceder a nuevos conocimientos, actualizarse frente a los avances tecnol\u00f3gicos y fortalecer la independencia personal. Adem\u00e1s de los beneficios econ\u00f3micos y profesionales, la educaci\u00f3n en la adultez tiene un impacto significativo en el bienestar emocional. Incrementa la autoestima, refuerza el sentido<\/p>\n","protected":false},"author":1,"featured_media":28934,"comment_status":"closed","ping_status":"closed","sticky":false,"template":"","format":"standard","meta":{"footnotes":""},"categories":[243,7],"tags":[],"class_list":["post-28933","post","type-post","status-publish","format-standard","has-post-thumbnail","hentry","category-noticias-zamora","category-opinion"],"_links":{"self":[{"href":"https:\/\/www.elamazonico.com\/portal\/wp-json\/wp\/v2\/posts\/28933","targetHints":{"allow":["GET"]}}],"collection":[{"href":"https:\/\/www.elamazonico.com\/portal\/wp-json\/wp\/v2\/posts"}],"about":[{"href":"https:\/\/www.elamazonico.com\/portal\/wp-json\/wp\/v2\/types\/post"}],"author":[{"embeddable":true,"href":"https:\/\/www.elamazonico.com\/portal\/wp-json\/wp\/v2\/users\/1"}],"replies":[{"embeddable":true,"href":"https:\/\/www.elamazonico.com\/portal\/wp-json\/wp\/v2\/comments?post=28933"}],"version-history":[{"count":1,"href":"https:\/\/www.elamazonico.com\/portal\/wp-json\/wp\/v2\/posts\/28933\/revisions"}],"predecessor-version":[{"id":28935,"href":"https:\/\/www.elamazonico.com\/portal\/wp-json\/wp\/v2\/posts\/28933\/revisions\/28935"}],"wp:featuredmedia":[{"embeddable":true,"href":"https:\/\/www.elamazonico.com\/portal\/wp-json\/wp\/v2\/media\/28934"}],"wp:attachment":[{"href":"https:\/\/www.elamazonico.com\/portal\/wp-json\/wp\/v2\/media?parent=28933"}],"wp:term":[{"taxonomy":"category","embeddable":true,"href":"https:\/\/www.elamazonico.com\/portal\/wp-json\/wp\/v2\/categories?post=28933"},{"taxonomy":"post_tag","embeddable":true,"href":"https:\/\/www.elamazonico.com\/portal\/wp-json\/wp\/v2\/tags?post=28933"}],"curies":[{"name":"wp","href":"https:\/\/api.w.org\/{rel}","templated":true}]}}